{"id":1128,"date":"2020-12-15T14:46:53","date_gmt":"2020-12-15T20:46:53","guid":{"rendered":"https:\/\/agendapro.com\/blog\/?p=1128"},"modified":"2025-12-17T13:23:12","modified_gmt":"2025-12-17T19:23:12","slug":"caracteristicas-de-la-estetica-relacion-entre-lo-fisico-y-espiritual","status":"publish","type":"post","link":"https:\/\/agendapro.com\/blog\/caracteristicas-de-la-estetica-relacion-entre-lo-fisico-y-espiritual\/","title":{"rendered":"Caracter\u00edsticas de la est\u00e9tica: relaci\u00f3n entre lo f\u00edsico y espiritual"},"content":{"rendered":"<p style=\"text-align: justify;\">Aunque podamos creer que la est\u00e9tica y la fijaci\u00f3n en la belleza sea algo nuevo, quiz\u00e1s una consecuencia de vivir en la era de Instagram, estamos equivocados. La est\u00e9tica ha estado presente desde el principio de la humanidad y nos ha acompa\u00f1ado a lo largo del desarrollo de la misma. Con los a\u00f1os su definici\u00f3n y caracter\u00edsticas han mutado pero la esencia se mantiene bastante similar.<\/p>\n<p style=\"text-align: justify;\">En l\u00edneas generales,<strong> la est\u00e9tica busca estudiar y comprender lo bello<\/strong>. Desde un punto de vista filos\u00f3fico lo pudieses entender como una rama de estudio. Si la filosof\u00eda busca comprender al hombre y su entorno, la belleza se encuentra de forma natural y es un aspecto inherente al hombre. Entonces, tiene sentido que hayan existido personas que se encargan de catalogar lo que es bello y cuales son las caracter\u00edsticas de la est\u00e9tica. <strong>Si eres due\u00f1o de una est\u00e9tica<\/strong>\u00a0<span style=\"font-weight: bold;\">es importante que tengas en cuenta estas consideraciones<\/span>, pues te permitir\u00e1 fortalecer tu propuesta de valor frente a tu competencia y, m\u00e1s a\u00fan, construir conversaciones de valor en torno a tu comunidad.<\/p>\n<p style=\"text-align: justify;\">En suma, cada \u00e9poca de la historia humana est\u00e1 marcada por acontecimientos hist\u00f3ricos, desarrollo tecnol\u00f3gico y nuevos estilos art\u00edsticos. A su vez, <span style=\"font-weight: bold;\">con el paso del tiempo, el t\u00e9rmino est\u00e9tico fue mutando<\/span> para adecuarse a las realidades que se viv\u00edan en el momento. Las pinturas buscaban reflejar la cotidianidad del ni\u00f1o o sus deseos m\u00e1s profundos y es \u00fanicamente natural que quiera retratar sus sentimientos como algo bello.<\/p>\n<p style=\"text-align: justify;\">Ahora bien, entendemos que la est\u00e9tica ha sufrido cambios y podemos hacer una imagen mental de lo que hoy aceptamos como bello pero eso nos lleva a la pregunta de<strong> \u00bfqu\u00e9 se consideraba bello en un inicio?<\/strong> A continuaci\u00f3n, te contamos sobre las caracter\u00edsticas de la est\u00e9tica desde el punto de vista art\u00edstico\/humano y c\u00f3mo se relaciona con la est\u00e9tica corporal:<\/p>\n<p style=\"text-align: justify;\"><!--more--><\/p>\n<h2 style=\"text-align: justify;\"><strong>La est\u00e9tica y su comienzo\u00a0<\/strong><\/h2>\n<p style=\"text-align: justify;\">Los primeros relatos que tenemos sobre personas estudiando lo bello, lo desagradable y c\u00f3mo eso afectaba la vida del hombre son los griegos. Para el momento el inter\u00e9s central no estaba en las caracter\u00edsticas f\u00edsicas del objeto estudiado, al contrario: se consideraba bello, o est\u00e9tico, cualquier cosa que resultara en un sentimiento positivo. Es decir,<strong> todo aquello que los hiciera sentir bien era inmediatamente considerado bello.\u00a0<\/strong><\/p>\n<p style=\"text-align: justify;\">Poco a poco este concepto tan amplio fue agarrando un poco de forma, hasta el punto en que lo est\u00e9tico era sin\u00f3nimo de algo bueno. A su vez se consideraba algo asociado con los dioses ya que eran ellos los responsables de crear todo con la justa medida logrando un resultado armonioso. Es por ello que lo est\u00e9tico se asocia con la templanza, una virtud muy exaltada en la cultura griega.<\/p>\n<p style=\"text-align: justify;\">Con el paso del tiempo grandes pensadores decidieron estudiar la est\u00e9tica y su impacto con el mundo. A mediados del siglo XVIII se empez\u00f3 a entender la est\u00e9tica como la sensibilidad y delicadeza propia de actividades como el arte.<\/p>\n<p style=\"text-align: justify;\">As\u00ed, las distintas vertientes y teor\u00edas sobre lo bello genera consecuentemente una serie de divisiones entre las caracter\u00edsticas de la est\u00e9tica. Estas se centran en aspectos distintos de la vida y dan lineamientos generales de lo que debe tener algo para ser considerado est\u00e9tico.<\/p>\n<h2 style=\"text-align: justify;\">\u00bfCu\u00e1les son las caracter\u00edsticas de la est\u00e9tica?<\/h2>\n<p style=\"text-align: justify;\">Se dividen en cualidades seg\u00fan todo aquello que le aporte valor a alg\u00fan objeto<\/p>\n<ul style=\"text-align: justify;\">\n<li aria-level=\"1\"><strong>Cualidades f\u00edsicas o sensoriales:<\/strong> Son aquellas que pueden ser entendidas por alguno de los sentidos, ya sea la vista, el tacto, el olor o incluso el sabor. En esta categor\u00eda entrar\u00edan los colores usado en un cuadro, la simetr\u00eda en la cara de una modelo o las esencias que se utilicen en un perfume.<\/li>\n<li aria-level=\"1\"><strong>Cualidades formales:<\/strong> Refiere a la manera en la que los distintos elementos de una pieza conviven entre ellas. Esto est\u00e1 basado en el concepto de la armon\u00eda, entre mejor relaci\u00f3n tengan los componentes m\u00e1s placer le causar\u00e1 al espectador y en consecuencia lo interpretar\u00e1 como m\u00e1s bello. Un claro ejemplo de esto es la relaci\u00f3n entre notas musicales de una melod\u00eda.<\/li>\n<li aria-level=\"1\"><strong>Cualidades vitales:<\/strong> Son los sentimientos que logra comunicar una pieza. Esta caracter\u00edstica est\u00e1 directamente asociada con las anteriores ya que dependiendo de la armon\u00eda de la pieza y el placer que le produzca a quien la est\u00e1 viendo ser\u00e1n mayores las probabilidades de transmitir emociones<\/li>\n<\/ul>\n<p style=\"text-align: justify;\">SI bien es f\u00e1cil entender cada una de estas caracter\u00edsticas por separado e incluso tendremos ejemplos en nuestra mente de la est\u00e9tica, hace falta relacionarlo con la belleza tradicional que buscamos en salones y spas.<\/p>\n<h2 style=\"text-align: justify;\">Relaci\u00f3n de la est\u00e9tica con la belleza tradicional<\/h2>\n<p style=\"text-align: justify;\"><strong>Los tratamientos de belleza est\u00e1n basados en las mismas cualidades que usar\u00eda cualquier artista para crear un cuadro<\/strong>. Las caracter\u00edsticas f\u00edsicas es lo primero que puedes ver de una persona, es la raz\u00f3n por la cual en los spas o centros de est\u00e9tica ofrecen tratamientos enfocados primordialmente en la belleza. Estos pueden ser masajes reductores, depilaciones, tratamientos faciales, hidrataciones, entre otros tratamientos. Estas cualidades son las primeras con las que se encuentra el mundo exterior a la hora de vernos.<\/p>\n<p style=\"text-align: justify;\">Las formales se refieren a la forma en la que los elementos de nuestro f\u00edsico interact\u00faan. Aqu\u00ed puede entrar el contraste de nuestro rostro con el color de cabello, la forma en la que estimulamos nuestra ropa o el maquillaje que utilicemos.<\/p>\n<p style=\"text-align: justify;\">Las caracter\u00edsticas vitales es el momento en el que unimos nuestros elementos f\u00edsicos con nuestra personalidad y forma de ser. Por esto los spas se encargan de mucho m\u00e1s que realizar tratamientos de belleza, es una experiencia hol\u00edstica en donde tambi\u00e9n se busca mejorar el esp\u00edritu. De esta forma existir\u00e1 una relaci\u00f3n armoniosa entre nuestra belleza exterior y la calma interior.<\/p>\n<p style=\"text-align: justify;\">En suma, <strong>la est\u00e9tica se basa en aquello que le produzca mayor placer al espectador. <\/strong>No hablamos de cuerpos inalcanzables o medidas espec\u00edficas para lograrlo. Es simplemente la relaci\u00f3n armoniosa entre nuestro f\u00edsico y nuestra espiritualidad.\u00a0 Ten en cuenta estas diferencias a la hora de hacer tu propuesta de valor.<\/p>\n<hr \/>\n<p style=\"text-align: justify;\"><strong>Tambi\u00e9n te podr\u00eda interesar:<\/strong><\/p>\n<ol>\n<li style=\"text-align: justify;\"><span style=\"text-decoration: underline; color: #333399;\"><a style=\"color: #333399; text-decoration: underline;\" href=\"\/blog\/protocolo-de-servicio-al-cliente\">Crea un protocolo de servicio al cliente para tu est\u00e9tica<\/a><\/span><\/li>\n<li style=\"text-align: justify;\"><span style=\"text-decoration: underline; color: #333399;\"><a style=\"color: #333399; text-decoration: underline;\" href=\"\/blog\/frases-de-salon-de-belleza\">Frases para utilizar en la publicidad de tu centro de belleza<\/a><\/span><\/li>\n<li style=\"text-align: justify;\"><span style=\"text-decoration: underline; color: #333399;\"><a style=\"text-decoration: underline; font-weight: normal; color: #333399;\" href=\"https:\/\/agendapro.com\/mx\/centros-de-estetica\/software-para-centros-de-estetica\" rel=\"noopener\">Software de est\u00e9tica<\/a><\/span><\/li>\n<\/ol>\n","protected":false},"excerpt":{"rendered":"<p>Aunque podamos creer que la est\u00e9tica y la fijaci\u00f3n en la belleza sea algo nuevo, quiz\u00e1s una consecuencia de vivir&#8230;<\/p>\n","protected":false},"author":1,"featured_media":1129,"comment_status":"open","ping_status":"open","sticky":false,"template":"","format":"standard","meta":{"_acf_changed":false,"footnotes":""},"categories":[18],"tags":[],"class_list":["post-1128","post","type-post","status-publish","format-standard","has-post-thumbnail","hentry","category-estetica"],"acf":[],"yoast_head":"<!-- This site is optimized with the Yoast SEO Premium plugin v26.8 (Yoast SEO v27.4) - https:\/\/yoast.com\/product\/yoast-seo-premium-wordpress\/ -->\n<title>Caracter\u00edsticas de la est\u00e9tica: relaci\u00f3n entre lo f\u00edsico y espiritual<\/title>\n<meta name=\"description\" content=\"Conoce las caracter\u00edsticas de la est\u00e9tica desde el punto de vista art\u00edstico y c\u00f3mo se relaciona con la est\u00e9tica corporal\" \/>\n<meta name=\"robots\" content=\"index, follow, max-snippet:-1, max-image-preview:large, max-video-preview:-1\" \/>\n<link rel=\"canonical\" href=\"https:\/\/agendapro.com\/blog\/caracteristicas-de-la-estetica-relacion-entre-lo-fisico-y-espiritual\/\" \/>\n<meta property=\"og:locale\" content=\"es_ES\" \/>\n<meta property=\"og:type\" content=\"article\" \/>\n<meta property=\"og:title\" content=\"Caracter\u00edsticas de la est\u00e9tica: relaci\u00f3n entre lo f\u00edsico y espiritual\" \/>\n<meta property=\"og:description\" content=\"Conoce las caracter\u00edsticas de la est\u00e9tica desde el punto de vista art\u00edstico y c\u00f3mo se relaciona con la est\u00e9tica corporal\" \/>\n<meta property=\"og:url\" content=\"https:\/\/agendapro.com\/blog\/caracteristicas-de-la-estetica-relacion-entre-lo-fisico-y-espiritual\/\" \/>\n<meta property=\"og:site_name\" content=\"AgendaPro Blog\" \/>\n<meta property=\"article:publisher\" content=\"https:\/\/www.facebook.com\/agendapro\" \/>\n<meta property=\"article:published_time\" content=\"2020-12-15T20:46:53+00:00\" \/>\n<meta property=\"article:modified_time\" content=\"2025-12-17T19:23:12+00:00\" \/>\n<meta property=\"og:image\" content=\"https:\/\/agendapro.com\/blog\/wp-content\/uploads\/sites\/2\/2024\/06\/fggd.png\" \/>\n\t<meta property=\"og:image:width\" content=\"280\" \/>\n\t<meta property=\"og:image:height\" content=\"158\" \/>\n\t<meta property=\"og:image:type\" content=\"image\/png\" \/>\n<meta name=\"author\" content=\"ap-admin\" \/>\n<meta name=\"twitter:card\" content=\"summary_large_image\" \/>\n<meta name=\"twitter:creator\" content=\"@agendapro\" \/>\n<meta name=\"twitter:site\" content=\"@agendapro\" \/>\n<meta name=\"twitter:label1\" content=\"Escrito por\" \/>\n\t<meta name=\"twitter:data1\" content=\"ap-admin\" \/>\n\t<meta name=\"twitter:label2\" content=\"Tiempo de lectura\" \/>\n\t<meta name=\"twitter:data2\" content=\"5 minutos\" \/>\n<script type=\"application\/ld+json\" class=\"yoast-schema-graph\">{\"@context\":\"https:\\\/\\\/schema.org\",\"@graph\":[{\"@type\":\"Article\",\"@id\":\"https:\\\/\\\/agendapro.com\\\/blog\\\/caracteristicas-de-la-estetica-relacion-entre-lo-fisico-y-espiritual\\\/#article\",\"isPartOf\":{\"@id\":\"https:\\\/\\\/agendapro.com\\\/blog\\\/caracteristicas-de-la-estetica-relacion-entre-lo-fisico-y-espiritual\\\/\"},\"author\":{\"name\":\"ap-admin\",\"@id\":\"https:\\\/\\\/agendapro.com\\\/blog\\\/#\\\/schema\\\/person\\\/64a69c54b900388bcb1801b47bd3874e\"},\"headline\":\"Caracter\u00edsticas de la est\u00e9tica: relaci\u00f3n entre lo f\u00edsico y espiritual\",\"datePublished\":\"2020-12-15T20:46:53+00:00\",\"dateModified\":\"2025-12-17T19:23:12+00:00\",\"mainEntityOfPage\":{\"@id\":\"https:\\\/\\\/agendapro.com\\\/blog\\\/caracteristicas-de-la-estetica-relacion-entre-lo-fisico-y-espiritual\\\/\"},\"wordCount\":1125,\"commentCount\":0,\"publisher\":{\"@id\":\"https:\\\/\\\/agendapro.com\\\/blog\\\/#organization\"},\"image\":{\"@id\":\"https:\\\/\\\/agendapro.com\\\/blog\\\/caracteristicas-de-la-estetica-relacion-entre-lo-fisico-y-espiritual\\\/#primaryimage\"},\"thumbnailUrl\":\"https:\\\/\\\/agendapro.com\\\/blog\\\/wp-content\\\/uploads\\\/sites\\\/2\\\/2024\\\/06\\\/fggd.png\",\"articleSection\":[\"Est\u00e9tica\"],\"inLanguage\":\"es\"},{\"@type\":\"WebPage\",\"@id\":\"https:\\\/\\\/agendapro.com\\\/blog\\\/caracteristicas-de-la-estetica-relacion-entre-lo-fisico-y-espiritual\\\/\",\"url\":\"https:\\\/\\\/agendapro.com\\\/blog\\\/caracteristicas-de-la-estetica-relacion-entre-lo-fisico-y-espiritual\\\/\",\"name\":\"Caracter\u00edsticas de la est\u00e9tica: relaci\u00f3n entre lo f\u00edsico y espiritual\",\"isPartOf\":{\"@id\":\"https:\\\/\\\/agendapro.com\\\/blog\\\/#website\"},\"primaryImageOfPage\":{\"@id\":\"https:\\\/\\\/agendapro.com\\\/blog\\\/caracteristicas-de-la-estetica-relacion-entre-lo-fisico-y-espiritual\\\/#primaryimage\"},\"image\":{\"@id\":\"https:\\\/\\\/agendapro.com\\\/blog\\\/caracteristicas-de-la-estetica-relacion-entre-lo-fisico-y-espiritual\\\/#primaryimage\"},\"thumbnailUrl\":\"https:\\\/\\\/agendapro.com\\\/blog\\\/wp-content\\\/uploads\\\/sites\\\/2\\\/2024\\\/06\\\/fggd.png\",\"datePublished\":\"2020-12-15T20:46:53+00:00\",\"dateModified\":\"2025-12-17T19:23:12+00:00\",\"description\":\"Conoce las caracter\u00edsticas de la est\u00e9tica desde el punto de vista art\u00edstico y c\u00f3mo se relaciona con la est\u00e9tica corporal\",\"breadcrumb\":{\"@id\":\"https:\\\/\\\/agendapro.com\\\/blog\\\/caracteristicas-de-la-estetica-relacion-entre-lo-fisico-y-espiritual\\\/#breadcrumb\"},\"inLanguage\":\"es\",\"potentialAction\":[{\"@type\":\"ReadAction\",\"target\":[\"https:\\\/\\\/agendapro.com\\\/blog\\\/caracteristicas-de-la-estetica-relacion-entre-lo-fisico-y-espiritual\\\/\"]}]},{\"@type\":\"ImageObject\",\"inLanguage\":\"es\",\"@id\":\"https:\\\/\\\/agendapro.com\\\/blog\\\/caracteristicas-de-la-estetica-relacion-entre-lo-fisico-y-espiritual\\\/#primaryimage\",\"url\":\"https:\\\/\\\/agendapro.com\\\/blog\\\/wp-content\\\/uploads\\\/sites\\\/2\\\/2024\\\/06\\\/fggd.png\",\"contentUrl\":\"https:\\\/\\\/agendapro.com\\\/blog\\\/wp-content\\\/uploads\\\/sites\\\/2\\\/2024\\\/06\\\/fggd.png\",\"width\":280,\"height\":158},{\"@type\":\"BreadcrumbList\",\"@id\":\"https:\\\/\\\/agendapro.com\\\/blog\\\/caracteristicas-de-la-estetica-relacion-entre-lo-fisico-y-espiritual\\\/#breadcrumb\",\"itemListElement\":[{\"@type\":\"ListItem\",\"position\":1,\"name\":\"Portada\",\"item\":\"https:\\\/\\\/agendapro.com\\\/blog\\\/\"},{\"@type\":\"ListItem\",\"position\":2,\"name\":\"Caracter\u00edsticas de la est\u00e9tica: relaci\u00f3n entre lo f\u00edsico y espiritual\"}]},{\"@type\":\"WebSite\",\"@id\":\"https:\\\/\\\/agendapro.com\\\/blog\\\/#website\",\"url\":\"https:\\\/\\\/agendapro.com\\\/blog\\\/\",\"name\":\"AgendaPro Blog\",\"description\":\"\",\"publisher\":{\"@id\":\"https:\\\/\\\/agendapro.com\\\/blog\\\/#organization\"},\"potentialAction\":[{\"@type\":\"SearchAction\",\"target\":{\"@type\":\"EntryPoint\",\"urlTemplate\":\"https:\\\/\\\/agendapro.com\\\/blog\\\/?s={search_term_string}\"},\"query-input\":{\"@type\":\"PropertyValueSpecification\",\"valueRequired\":true,\"valueName\":\"search_term_string\"}}],\"inLanguage\":\"es\"},{\"@type\":\"Organization\",\"@id\":\"https:\\\/\\\/agendapro.com\\\/blog\\\/#organization\",\"name\":\"AgendaPro\",\"url\":\"https:\\\/\\\/agendapro.com\\\/blog\\\/\",\"logo\":{\"@type\":\"ImageObject\",\"inLanguage\":\"es\",\"@id\":\"https:\\\/\\\/agendapro.com\\\/blog\\\/#\\\/schema\\\/logo\\\/image\\\/\",\"url\":\"https:\\\/\\\/agendapro.com\\\/blog\\\/wp-content\\\/uploads\\\/sites\\\/2\\\/2024\\\/05\\\/screenshot.png\",\"contentUrl\":\"https:\\\/\\\/agendapro.com\\\/blog\\\/wp-content\\\/uploads\\\/sites\\\/2\\\/2024\\\/05\\\/screenshot.png\",\"width\":1280,\"height\":720,\"caption\":\"AgendaPro\"},\"image\":{\"@id\":\"https:\\\/\\\/agendapro.com\\\/blog\\\/#\\\/schema\\\/logo\\\/image\\\/\"},\"sameAs\":[\"https:\\\/\\\/www.facebook.com\\\/agendapro\",\"https:\\\/\\\/x.com\\\/agendapro\",\"https:\\\/\\\/www.instagram.com\\\/agendapro_software\"]},{\"@type\":\"Person\",\"@id\":\"https:\\\/\\\/agendapro.com\\\/blog\\\/#\\\/schema\\\/person\\\/64a69c54b900388bcb1801b47bd3874e\",\"name\":\"ap-admin\",\"image\":{\"@type\":\"ImageObject\",\"inLanguage\":\"es\",\"@id\":\"https:\\\/\\\/secure.gravatar.com\\\/avatar\\\/cfd4ee1cbbc1ed49853864eeb2376f2f74a4ea77e0f8a2b12af8c9ed60dcd04d?s=96&d=mm&r=g\",\"url\":\"https:\\\/\\\/secure.gravatar.com\\\/avatar\\\/cfd4ee1cbbc1ed49853864eeb2376f2f74a4ea77e0f8a2b12af8c9ed60dcd04d?s=96&d=mm&r=g\",\"contentUrl\":\"https:\\\/\\\/secure.gravatar.com\\\/avatar\\\/cfd4ee1cbbc1ed49853864eeb2376f2f74a4ea77e0f8a2b12af8c9ed60dcd04d?s=96&d=mm&r=g\",\"caption\":\"ap-admin\"},\"sameAs\":[\"http:\\\/\\\/a50f3a4aa426b4acdb296faa47b9d74e-684412451.us-west-2.elb.amazonaws.com\"],\"url\":\"https:\\\/\\\/agendapro.com\\\/blog\\\/author\\\/ap-admin\\\/\"}]}<\/script>\n<!-- \/ Yoast SEO Premium plugin. -->","yoast_head_json":{"title":"Caracter\u00edsticas de la est\u00e9tica: relaci\u00f3n entre lo f\u00edsico y espiritual","description":"Conoce las caracter\u00edsticas de la est\u00e9tica desde el punto de vista art\u00edstico y c\u00f3mo se relaciona con la est\u00e9tica corporal","robots":{"index":"index","follow":"follow","max-snippet":"max-snippet:-1","max-image-preview":"max-image-preview:large","max-video-preview":"max-video-preview:-1"},"canonical":"https:\/\/agendapro.com\/blog\/caracteristicas-de-la-estetica-relacion-entre-lo-fisico-y-espiritual\/","og_locale":"es_ES","og_type":"article","og_title":"Caracter\u00edsticas de la est\u00e9tica: relaci\u00f3n entre lo f\u00edsico y espiritual","og_description":"Conoce las caracter\u00edsticas de la est\u00e9tica desde el punto de vista art\u00edstico y c\u00f3mo se relaciona con la est\u00e9tica corporal","og_url":"https:\/\/agendapro.com\/blog\/caracteristicas-de-la-estetica-relacion-entre-lo-fisico-y-espiritual\/","og_site_name":"AgendaPro Blog","article_publisher":"https:\/\/www.facebook.com\/agendapro","article_published_time":"2020-12-15T20:46:53+00:00","article_modified_time":"2025-12-17T19:23:12+00:00","og_image":[{"width":280,"height":158,"url":"https:\/\/agendapro.com\/blog\/wp-content\/uploads\/sites\/2\/2024\/06\/fggd.png","type":"image\/png"}],"author":"ap-admin","twitter_card":"summary_large_image","twitter_creator":"@agendapro","twitter_site":"@agendapro","twitter_misc":{"Escrito por":"ap-admin","Tiempo de lectura":"5 minutos"},"schema":{"@context":"https:\/\/schema.org","@graph":[{"@type":"Article","@id":"https:\/\/agendapro.com\/blog\/caracteristicas-de-la-estetica-relacion-entre-lo-fisico-y-espiritual\/#article","isPartOf":{"@id":"https:\/\/agendapro.com\/blog\/caracteristicas-de-la-estetica-relacion-entre-lo-fisico-y-espiritual\/"},"author":{"name":"ap-admin","@id":"https:\/\/agendapro.com\/blog\/#\/schema\/person\/64a69c54b900388bcb1801b47bd3874e"},"headline":"Caracter\u00edsticas de la est\u00e9tica: relaci\u00f3n entre lo f\u00edsico y espiritual","datePublished":"2020-12-15T20:46:53+00:00","dateModified":"2025-12-17T19:23:12+00:00","mainEntityOfPage":{"@id":"https:\/\/agendapro.com\/blog\/caracteristicas-de-la-estetica-relacion-entre-lo-fisico-y-espiritual\/"},"wordCount":1125,"commentCount":0,"publisher":{"@id":"https:\/\/agendapro.com\/blog\/#organization"},"image":{"@id":"https:\/\/agendapro.com\/blog\/caracteristicas-de-la-estetica-relacion-entre-lo-fisico-y-espiritual\/#primaryimage"},"thumbnailUrl":"https:\/\/agendapro.com\/blog\/wp-content\/uploads\/sites\/2\/2024\/06\/fggd.png","articleSection":["Est\u00e9tica"],"inLanguage":"es"},{"@type":"WebPage","@id":"https:\/\/agendapro.com\/blog\/caracteristicas-de-la-estetica-relacion-entre-lo-fisico-y-espiritual\/","url":"https:\/\/agendapro.com\/blog\/caracteristicas-de-la-estetica-relacion-entre-lo-fisico-y-espiritual\/","name":"Caracter\u00edsticas de la est\u00e9tica: relaci\u00f3n entre lo f\u00edsico y espiritual","isPartOf":{"@id":"https:\/\/agendapro.com\/blog\/#website"},"primaryImageOfPage":{"@id":"https:\/\/agendapro.com\/blog\/caracteristicas-de-la-estetica-relacion-entre-lo-fisico-y-espiritual\/#primaryimage"},"image":{"@id":"https:\/\/agendapro.com\/blog\/caracteristicas-de-la-estetica-relacion-entre-lo-fisico-y-espiritual\/#primaryimage"},"thumbnailUrl":"https:\/\/agendapro.com\/blog\/wp-content\/uploads\/sites\/2\/2024\/06\/fggd.png","datePublished":"2020-12-15T20:46:53+00:00","dateModified":"2025-12-17T19:23:12+00:00","description":"Conoce las caracter\u00edsticas de la est\u00e9tica desde el punto de vista art\u00edstico y c\u00f3mo se relaciona con la est\u00e9tica corporal","breadcrumb":{"@id":"https:\/\/agendapro.com\/blog\/caracteristicas-de-la-estetica-relacion-entre-lo-fisico-y-espiritual\/#breadcrumb"},"inLanguage":"es","potentialAction":[{"@type":"ReadAction","target":["https:\/\/agendapro.com\/blog\/caracteristicas-de-la-estetica-relacion-entre-lo-fisico-y-espiritual\/"]}]},{"@type":"ImageObject","inLanguage":"es","@id":"https:\/\/agendapro.com\/blog\/caracteristicas-de-la-estetica-relacion-entre-lo-fisico-y-espiritual\/#primaryimage","url":"https:\/\/agendapro.com\/blog\/wp-content\/uploads\/sites\/2\/2024\/06\/fggd.png","contentUrl":"https:\/\/agendapro.com\/blog\/wp-content\/uploads\/sites\/2\/2024\/06\/fggd.png","width":280,"height":158},{"@type":"BreadcrumbList","@id":"https:\/\/agendapro.com\/blog\/caracteristicas-de-la-estetica-relacion-entre-lo-fisico-y-espiritual\/#breadcrumb","itemListElement":[{"@type":"ListItem","position":1,"name":"Portada","item":"https:\/\/agendapro.com\/blog\/"},{"@type":"ListItem","position":2,"name":"Caracter\u00edsticas de la est\u00e9tica: relaci\u00f3n entre lo f\u00edsico y espiritual"}]},{"@type":"WebSite","@id":"https:\/\/agendapro.com\/blog\/#website","url":"https:\/\/agendapro.com\/blog\/","name":"AgendaPro Blog","description":"","publisher":{"@id":"https:\/\/agendapro.com\/blog\/#organization"},"potentialAction":[{"@type":"SearchAction","target":{"@type":"EntryPoint","urlTemplate":"https:\/\/agendapro.com\/blog\/?s={search_term_string}"},"query-input":{"@type":"PropertyValueSpecification","valueRequired":true,"valueName":"search_term_string"}}],"inLanguage":"es"},{"@type":"Organization","@id":"https:\/\/agendapro.com\/blog\/#organization","name":"AgendaPro","url":"https:\/\/agendapro.com\/blog\/","logo":{"@type":"ImageObject","inLanguage":"es","@id":"https:\/\/agendapro.com\/blog\/#\/schema\/logo\/image\/","url":"https:\/\/agendapro.com\/blog\/wp-content\/uploads\/sites\/2\/2024\/05\/screenshot.png","contentUrl":"https:\/\/agendapro.com\/blog\/wp-content\/uploads\/sites\/2\/2024\/05\/screenshot.png","width":1280,"height":720,"caption":"AgendaPro"},"image":{"@id":"https:\/\/agendapro.com\/blog\/#\/schema\/logo\/image\/"},"sameAs":["https:\/\/www.facebook.com\/agendapro","https:\/\/x.com\/agendapro","https:\/\/www.instagram.com\/agendapro_software"]},{"@type":"Person","@id":"https:\/\/agendapro.com\/blog\/#\/schema\/person\/64a69c54b900388bcb1801b47bd3874e","name":"ap-admin","image":{"@type":"ImageObject","inLanguage":"es","@id":"https:\/\/secure.gravatar.com\/avatar\/cfd4ee1cbbc1ed49853864eeb2376f2f74a4ea77e0f8a2b12af8c9ed60dcd04d?s=96&d=mm&r=g","url":"https:\/\/secure.gravatar.com\/avatar\/cfd4ee1cbbc1ed49853864eeb2376f2f74a4ea77e0f8a2b12af8c9ed60dcd04d?s=96&d=mm&r=g","contentUrl":"https:\/\/secure.gravatar.com\/avatar\/cfd4ee1cbbc1ed49853864eeb2376f2f74a4ea77e0f8a2b12af8c9ed60dcd04d?s=96&d=mm&r=g","caption":"ap-admin"},"sameAs":["http:\/\/a50f3a4aa426b4acdb296faa47b9d74e-684412451.us-west-2.elb.amazonaws.com"],"url":"https:\/\/agendapro.com\/blog\/author\/ap-admin\/"}]}},"_links":{"self":[{"href":"https:\/\/agendapro.com\/blog\/wp-json\/wp\/v2\/posts\/1128","targetHints":{"allow":["GET"]}}],"collection":[{"href":"https:\/\/agendapro.com\/blog\/wp-json\/wp\/v2\/posts"}],"about":[{"href":"https:\/\/agendapro.com\/blog\/wp-json\/wp\/v2\/types\/post"}],"author":[{"embeddable":true,"href":"https:\/\/agendapro.com\/blog\/wp-json\/wp\/v2\/users\/1"}],"replies":[{"embeddable":true,"href":"https:\/\/agendapro.com\/blog\/wp-json\/wp\/v2\/comments?post=1128"}],"version-history":[{"count":2,"href":"https:\/\/agendapro.com\/blog\/wp-json\/wp\/v2\/posts\/1128\/revisions"}],"predecessor-version":[{"id":5760,"href":"https:\/\/agendapro.com\/blog\/wp-json\/wp\/v2\/posts\/1128\/revisions\/5760"}],"wp:featuredmedia":[{"embeddable":true,"href":"https:\/\/agendapro.com\/blog\/wp-json\/wp\/v2\/media\/1129"}],"wp:attachment":[{"href":"https:\/\/agendapro.com\/blog\/wp-json\/wp\/v2\/media?parent=1128"}],"wp:term":[{"taxonomy":"category","embeddable":true,"href":"https:\/\/agendapro.com\/blog\/wp-json\/wp\/v2\/categories?post=1128"},{"taxonomy":"post_tag","embeddable":true,"href":"https:\/\/agendapro.com\/blog\/wp-json\/wp\/v2\/tags?post=1128"}],"curies":[{"name":"wp","href":"https:\/\/api.w.org\/{rel}","templated":true}]}}