{"id":1210,"date":"2021-02-17T20:25:03","date_gmt":"2021-02-18T02:25:03","guid":{"rendered":"https:\/\/agendapro.com\/blog\/?p=1210"},"modified":"2025-12-17T15:08:25","modified_gmt":"2025-12-17T21:08:25","slug":"colores-para-salones-de-belleza","status":"publish","type":"post","link":"https:\/\/agendapro.com\/blog\/colores-para-salones-de-belleza\/","title":{"rendered":"Colores para salones de belleza: Crea una experiencia desde lo visual"},"content":{"rendered":"<p style=\"text-align: justify;\">El proceso de decoraci\u00f3n de los locales es un paso fundamental a la hora de crear el ambiente en el que queremos que nuestros clientes se sientan felices y c\u00f3modos. <strong>Uno de los aspectos m\u00e1s importantes que determinar\u00e1 el \u00e1nimo de nuestros consumidores es la elecci\u00f3n de color o paleta de colores que utilizaremos para decorar nuestro local.\u00a0<\/strong><\/p>\n<h2 style=\"text-align: justify;\"><\/h2>\n<p style=\"text-align: justify;\"><span style=\"font-weight: bold;\">Los colores tienen una relaci\u00f3n muy cercana con la psicolog\u00eda,<\/span> y ciertos colores hacen sentir a las personas sensaciones de agrado o desagrado. Incluso, hay colores que se asocian m\u00e1s con ciertos sectores de negocios que otros. Es por ello que en este art\u00edculo hablaremos de los mejores colores para tu sal\u00f3n de belleza.<\/p>\n<p style=\"text-align: justify;\"><!--more--><\/p>\n<h2 style=\"text-align: justify;\"><strong>Colores c\u00e1lidos<\/strong><\/h2>\n<p style=\"text-align: justify;\"><img decoding=\"async\" style=\"width: 450px; margin-left: auto; margin-right: auto; display: block;\" src=\"https:\/\/f.hubspotusercontent20.net\/hubfs\/2356021\/calidos.png\" alt=\"colores para salones de belleza\" width=\"450\" \/><\/p>\n<p style=\"text-align: justify;\">Generalmente asociamos la belleza con algo femenino y por ello es que <span style=\"font-weight: bold;\">inmediatamente consideramos el rosado como nuestra primera opci\u00f3n<\/span>. Sin embargo, hay muchas tonalidades que podemos utilizar para <span style=\"font-weight: bold;\">transmitir seguridad, confianza, tranquilidad y sobre todo belleza<\/span>.<\/p>\n<p style=\"text-align: justify;\">Dentro del grupo de los colores c\u00e1lidos est\u00e1n colores como el rojo, amarillo, anaranjado y sus derivados. Tienden a <span style=\"font-weight: bold;\">generar sentimientos de cercan\u00eda, calidez y alegr\u00eda<\/span>. Pueden ser un poco abrumadores si se utilizan en exceso, pero son una herramienta incre\u00edble a la hora de llamar la atenci\u00f3n.<\/p>\n<h3 style=\"text-align: justify;\">Rojo<\/h3>\n<p style=\"text-align: justify;\"><img decoding=\"async\" style=\"width: 450px; margin-left: auto; margin-right: auto; display: block;\" src=\"https:\/\/f.hubspotusercontent20.net\/hubfs\/2356021\/Screen%20Shot%202021-02-17%20at%204.38.58%20PM.png\" alt=\"colores para salones de belleza\" width=\"450\" \/><\/p>\n<p style=\"text-align: justify;\">Es un color utilizado a menudo para <span style=\"font-weight: bold;\">llamar la atenci\u00f3n<\/span>. Si no se tiene cuidado con la distribuci\u00f3n y tonalidad, <span style=\"font-weight: bold;\">puede llegar a ser un poco agresivo<\/span>. De forma positiva, se asocia con la <span style=\"font-weight: bold;\">pasi\u00f3n y sensualidad<\/span>. Los tonos m\u00e1s oscuros de rojo (m\u00e1s cercanos hacia el vino tinto) pueden funcionar para tu sal\u00f3n de belleza, dependiendo por supuesto de tus caracter\u00edsticas como negocio y tu target.<\/p>\n<h3 style=\"text-align: justify;\">Anaranjado<\/h3>\n<p style=\"text-align: justify;\"><img decoding=\"async\" style=\"width: 450px; margin-left: auto; margin-right: auto; display: block;\" src=\"https:\/\/f.hubspotusercontent20.net\/hubfs\/2356021\/Screen%20Shot%202021-02-17%20at%204.39.06%20PM.png\" alt=\"colores para salones de belleza\" width=\"450\" \/><\/p>\n<p style=\"text-align: justify;\">El naranja transmite una <span style=\"font-weight: bold;\">sensaci\u00f3n de calor, cercan\u00eda y posibilidad<\/span> \u00fanica. Es un color que tiene mucha estimaci\u00f3n positiva en el p\u00fablico en general. Est\u00e1 <span style=\"font-weight: bold;\">asociado a la energ\u00eda, verano y diversi\u00f3n<\/span>; sin embargo en caso de usarse en extremo puede llegar a interpretarse como algo infantil.<\/p>\n<h3 style=\"text-align: justify;\">Amarillo<\/h3>\n<p style=\"text-align: justify;\"><img decoding=\"async\" style=\"width: 450px; margin-left: auto; margin-right: auto; display: block;\" src=\"https:\/\/f.hubspotusercontent20.net\/hubfs\/2356021\/Screen%20Shot%202021-02-17%20at%204.39.26%20PM.png\" alt=\"colores para salones de belleza\" width=\"450\" \/><\/p>\n<p style=\"text-align: justify;\">Con el amarillo se logra evocar <span style=\"font-weight: bold;\">sentimientos de juventud y diversi\u00f3n<\/span> pero en muchas cantidades puede ser molesto a la vista. Al ser un color tan llamativo hay que ser <span style=\"font-weight: bold;\">cuidadosos con su uso<\/span>, generalmente se utiliza como un mecanismo para llamar la atenci\u00f3n a ciertos lugares. Sin embargo, el amarillo es el color m\u00e1s luminoso del espectro de color. <span style=\"font-weight: bold;\">Puede combinarse de manera complementaria con el violeta en tonos m\u00e1s pasteles<\/span>, generando as\u00ed una sensaci\u00f3n mucho m\u00e1s arm\u00f3nica.<\/p>\n<p style=\"text-align: justify;\"><img decoding=\"async\" style=\"width: 450px; margin-left: auto; margin-right: auto; display: block;\" src=\"https:\/\/f.hubspotusercontent20.net\/hubfs\/2356021\/Screen%20Shot%202021-02-17%20at%204.35.22%20PM.png\" alt=\"colores para salones de belleza\" width=\"450\" \/><\/p>\n<p style=\"text-align: justify;\">\n<h2 style=\"text-align: justify;\">Colores fr\u00edos<\/h2>\n<p style=\"text-align: justify;\"><img decoding=\"async\" style=\"width: 450px; margin-left: auto; margin-right: auto; display: block;\" src=\"https:\/\/f.hubspotusercontent20.net\/hubfs\/2356021\/frios%20.png\" alt=\"colores para salones de belleza\" width=\"450\" \/><\/p>\n<p style=\"text-align: justify;\">Su principal cualidad es <span style=\"font-weight: bold;\">transmitir seguridad y relajaci\u00f3n<\/span>. Son aquellos colores que derivan del azul, verde y violeta. <span style=\"font-weight: bold;\">A veces dan la sensaci\u00f3n de tristeza o soledad,<\/span> sin embargo utilizados de correcta pueden darle un toque de elegancia a cualquier habitaci\u00f3n<\/p>\n<h3 style=\"text-align: justify;\">Azul<\/h3>\n<p style=\"text-align: justify;\"><img decoding=\"async\" style=\"width: 450px; margin-left: auto; margin-right: auto; display: block;\" src=\"https:\/\/f.hubspotusercontent20.net\/hubfs\/2356021\/Screen%20Shot%202021-02-17%20at%204.39.49%20PM.png\" alt=\"colores para salones de belleza\" width=\"450\" \/><\/p>\n<p style=\"text-align: justify;\">El azul se caracteriza por ser un <span style=\"font-weight: bold;\">color muy sobrio y elegante pero tambi\u00e9n puede asociarse con emociones como la tristeza y soledad<\/span>. De utilizarse correctamente, es un color que <span style=\"font-weight: bold;\">logra inspirar confianza en los clientes<\/span>. No se utiliza \u00fanicamente para negocios con p\u00fablico masculino; si se complementa con tonos beige o crema, puede ser muy atractivo para tu sal\u00f3n de belleza<\/p>\n<h3 style=\"text-align: justify;\">Violeta<\/h3>\n<p style=\"text-align: justify;\"><img decoding=\"async\" style=\"width: 450px; margin-left: auto; margin-right: auto; display: block;\" src=\"https:\/\/f.hubspotusercontent20.net\/hubfs\/2356021\/Screen%20Shot%202021-02-17%20at%204.40.04%20PM.png\" alt=\"colores para salones de belleza\" width=\"450\" \/><\/p>\n<p style=\"text-align: justify;\">Los distintos tonos de morados <span style=\"font-weight: bold;\">se asocian principalmente con las mujeres, productos femeninos y la belleza<\/span>. Sin embargo, tambi\u00e9n hay un aspecto de <span style=\"font-weight: bold;\">misterio y curiosidad<\/span> que puede ser utilizado de forma ventajosa. Es un buen color para hacer mezclas y combinaciones en distintos escenarios.<\/p>\n<h3 style=\"text-align: justify;\">Verde<\/h3>\n<p style=\"text-align: justify;\"><img decoding=\"async\" style=\"width: 450px; margin-left: auto; margin-right: auto; display: block;\" src=\"https:\/\/f.hubspotusercontent20.net\/hubfs\/2356021\/Screen%20Shot%202021-02-17%20at%204.40.23%20PM.png\" alt=\"colores para salones de belleza\" width=\"450\" \/><\/p>\n<p style=\"text-align: justify;\">Los verdes <span style=\"font-weight: bold;\">se asocian con la naturaleza, armon\u00eda y paz<\/span>. Tiene un <span style=\"font-weight: bold;\">gran poder relajante<\/span> en comparaci\u00f3n con otros colores. Hay que tener especial atenci\u00f3n al usar el verde ya que en algunas tonalidades o situaciones el color <span style=\"font-weight: bold;\">puede recordar a la sensaci\u00f3n de algo da\u00f1ino o una sensaci\u00f3n de alerta<\/span>. El uso del verde con colores que lo neutralicen (como, por ejemplo, marr\u00f3n) puede hacer m\u00e1s amigable a la vista, como en este ejemplo:<\/p>\n<p style=\"text-align: justify;\"><img decoding=\"async\" style=\"width: 450px; margin-left: auto; margin-right: auto; display: block;\" src=\"https:\/\/f.hubspotusercontent20.net\/hubfs\/2356021\/Screen%20Shot%202021-02-17%20at%204.37.21%20PM.png\" alt=\"Screen Shot 2021-02-17 at 4.37.21 PM\" width=\"450\" \/><\/p>\n<p style=\"text-align: justify;\">\n<h2 style=\"text-align: justify;\">Herramientas para elaborar tus propias paletas de colores<\/h2>\n<p style=\"text-align: justify;\">Para crear tus propias paletas de colores puedes utilizar diversas herramientas:<\/p>\n<ul>\n<li style=\"text-align: justify;\"><a href=\"https:\/\/coolors.co\/\" target=\"_blank\" rel=\"noopener nofollow\">Coloors<\/a>, por ejemplo, es una herramienta gratuita que genera paletas y los c\u00f3digos de color.<\/li>\n<li style=\"text-align: justify;\">Si quieres algo m\u00e1s espec\u00edfico, te recomendamos utilizar <a href=\"https:\/\/color.adobe.com\/es\/create\/color-wheel\" target=\"_blank\" rel=\"noopener nofollow\">Adobe Color Wheel<\/a>. Esta herramienta de Adobe te permite no solo generar tus paletas de colores, sino que tambi\u00e9n puedes generar degradados y saber el equivalente Pantone de acuerdo al caso.<\/li>\n<\/ul>\n<p style=\"text-align: justify;\">En suma, <strong>el uso de colores en tu sal\u00f3n es un ejercicio de creatividad que se basa en la capacidad de conseguir aquellas tonalidades que logren transmitir tus valores como negocio.<\/strong> No hay colores errados a la hora de decorar, pero s\u00ed hay que considerar la forma en la que quieres que se sienta tu cliente al llegar. <span style=\"font-weight: bold;\">Peque\u00f1os toques de colores vivos combinados con la sobriedad de algunas tonalidades de azul<\/span> pueden hacer grandes cambios para tu local.<\/p>\n<p style=\"text-align: justify;\"><strong>La experiencia del consumidor comienza desde el momento en el que ve la fachada de nuestro negocio, esa es la primera impresi\u00f3n que tienen los clientes.<\/strong> Es por ello la importancia de lograr conectar con tu p\u00fablico objetivo por medio de algo tan simple como colores.<\/p>\n<hr \/>\n<p style=\"font-weight: bold; text-align: justify;\"><strong>Tambi\u00e9n te podr\u00eda interesar:<\/strong><\/p>\n<ol>\n<li style=\"text-align: justify; font-weight: normal;\"><span style=\"text-decoration: underline; color: #333399;\"><a style=\"color: #333399; text-decoration: underline;\" href=\"\/blog\/como-decorar-una-estetica-pequena\">C\u00f3mo decorar una est\u00e9tica peque\u00f1a<\/a><\/span><\/li>\n<li style=\"text-align: justify; font-weight: normal;\"><span style=\"text-decoration: underline; color: #333399;\"><a style=\"color: #333399; text-decoration: underline;\" href=\"\/blog\/muebles-para-salon-de-belleza\">Muebles para sal\u00f3n de belleza<\/a><\/span><\/li>\n<li style=\"text-align: justify; font-weight: normal;\"><span style=\"text-decoration: underline; color: #333399;\"><a style=\"color: #333399; text-decoration: underline;\" href=\"\/blog\/todo-sobre-camillas-esteticas\">Camillas para est\u00e9ticas<\/a><\/span><\/li>\n<li style=\"text-align: justify; font-weight: normal;\"><span style=\"text-decoration: underline; color: #333399;\"><a style=\"text-decoration: underline; color: #333399;\" href=\"https:\/\/agendapro.com\/salon-de-belleza\/software-para-salon-de-belleza\" rel=\"noopener\">Software de sal\u00f3n de belleza<\/a><\/span><\/li>\n<\/ol>\n","protected":false},"excerpt":{"rendered":"<p>El proceso de decoraci\u00f3n de los locales es un paso fundamental a la hora de crear el ambiente en el&#8230;<\/p>\n","protected":false},"author":1,"featured_media":1211,"comment_status":"open","ping_status":"open","sticky":false,"template":"","format":"standard","meta":{"_acf_changed":false,"footnotes":""},"categories":[14],"tags":[],"class_list":["post-1210","post","type-post","status-publish","format-standard","has-post-thumbnail","hentry","category-salones-de-belleza"],"acf":[],"yoast_head":"<!-- This site is optimized with the Yoast SEO Premium plugin v26.8 (Yoast SEO v27.4) - https:\/\/yoast.com\/product\/yoast-seo-premium-wordpress\/ -->\n<title>Colores para salones de belleza: Crea una experiencia desde lo visual<\/title>\n<meta name=\"description\" content=\"Crea una experiencia \u00fanica a tus clientes escogiendo la paleta de colores ideal para tu sal\u00f3n de belleza: lee estas recomendaciones\" \/>\n<meta name=\"robots\" content=\"index, follow, max-snippet:-1, max-image-preview:large, max-video-preview:-1\" \/>\n<link rel=\"canonical\" href=\"https:\/\/agendapro.com\/blog\/colores-para-salones-de-belleza\/\" \/>\n<meta property=\"og:locale\" content=\"es_ES\" \/>\n<meta property=\"og:type\" content=\"article\" \/>\n<meta property=\"og:title\" content=\"Colores para salones de belleza: Crea una experiencia desde lo visual\" \/>\n<meta property=\"og:description\" content=\"Crea una experiencia \u00fanica a tus clientes escogiendo la paleta de colores ideal para tu sal\u00f3n de belleza: lee estas recomendaciones\" \/>\n<meta property=\"og:url\" content=\"https:\/\/agendapro.com\/blog\/colores-para-salones-de-belleza\/\" \/>\n<meta property=\"og:site_name\" content=\"AgendaPro Blog\" \/>\n<meta property=\"article:publisher\" content=\"https:\/\/www.facebook.com\/agendapro\" \/>\n<meta property=\"article:published_time\" content=\"2021-02-18T02:25:03+00:00\" \/>\n<meta property=\"article:modified_time\" content=\"2025-12-17T21:08:25+00:00\" \/>\n<meta property=\"og:image\" content=\"https:\/\/agendapro.com\/blog\/wp-content\/uploads\/sites\/2\/2024\/06\/colores.png\" \/>\n\t<meta property=\"og:image:width\" content=\"560\" \/>\n\t<meta property=\"og:image:height\" content=\"315\" \/>\n\t<meta property=\"og:image:type\" content=\"image\/png\" \/>\n<meta name=\"author\" content=\"ap-admin\" \/>\n<meta name=\"twitter:card\" content=\"summary_large_image\" \/>\n<meta name=\"twitter:creator\" content=\"@agendapro\" \/>\n<meta name=\"twitter:site\" content=\"@agendapro\" \/>\n<meta name=\"twitter:label1\" content=\"Escrito por\" \/>\n\t<meta name=\"twitter:data1\" content=\"ap-admin\" \/>\n\t<meta name=\"twitter:label2\" content=\"Tiempo de lectura\" \/>\n\t<meta name=\"twitter:data2\" content=\"7 minutos\" \/>\n<script type=\"application\/ld+json\" class=\"yoast-schema-graph\">{\"@context\":\"https:\\\/\\\/schema.org\",\"@graph\":[{\"@type\":\"Article\",\"@id\":\"https:\\\/\\\/agendapro.com\\\/blog\\\/colores-para-salones-de-belleza\\\/#article\",\"isPartOf\":{\"@id\":\"https:\\\/\\\/agendapro.com\\\/blog\\\/colores-para-salones-de-belleza\\\/\"},\"author\":{\"name\":\"ap-admin\",\"@id\":\"https:\\\/\\\/agendapro.com\\\/blog\\\/#\\\/schema\\\/person\\\/64a69c54b900388bcb1801b47bd3874e\"},\"headline\":\"Colores para salones de belleza: Crea una experiencia desde lo visual\",\"datePublished\":\"2021-02-18T02:25:03+00:00\",\"dateModified\":\"2025-12-17T21:08:25+00:00\",\"mainEntityOfPage\":{\"@id\":\"https:\\\/\\\/agendapro.com\\\/blog\\\/colores-para-salones-de-belleza\\\/\"},\"wordCount\":923,\"commentCount\":0,\"publisher\":{\"@id\":\"https:\\\/\\\/agendapro.com\\\/blog\\\/#organization\"},\"image\":{\"@id\":\"https:\\\/\\\/agendapro.com\\\/blog\\\/colores-para-salones-de-belleza\\\/#primaryimage\"},\"thumbnailUrl\":\"https:\\\/\\\/agendapro.com\\\/blog\\\/wp-content\\\/uploads\\\/sites\\\/2\\\/2024\\\/06\\\/colores.png\",\"articleSection\":[\"Salones de belleza\"],\"inLanguage\":\"es\"},{\"@type\":\"WebPage\",\"@id\":\"https:\\\/\\\/agendapro.com\\\/blog\\\/colores-para-salones-de-belleza\\\/\",\"url\":\"https:\\\/\\\/agendapro.com\\\/blog\\\/colores-para-salones-de-belleza\\\/\",\"name\":\"Colores para salones de belleza: Crea una experiencia desde lo visual\",\"isPartOf\":{\"@id\":\"https:\\\/\\\/agendapro.com\\\/blog\\\/#website\"},\"primaryImageOfPage\":{\"@id\":\"https:\\\/\\\/agendapro.com\\\/blog\\\/colores-para-salones-de-belleza\\\/#primaryimage\"},\"image\":{\"@id\":\"https:\\\/\\\/agendapro.com\\\/blog\\\/colores-para-salones-de-belleza\\\/#primaryimage\"},\"thumbnailUrl\":\"https:\\\/\\\/agendapro.com\\\/blog\\\/wp-content\\\/uploads\\\/sites\\\/2\\\/2024\\\/06\\\/colores.png\",\"datePublished\":\"2021-02-18T02:25:03+00:00\",\"dateModified\":\"2025-12-17T21:08:25+00:00\",\"description\":\"Crea una experiencia \u00fanica a tus clientes escogiendo la paleta de colores ideal para tu sal\u00f3n de belleza: lee estas recomendaciones\",\"breadcrumb\":{\"@id\":\"https:\\\/\\\/agendapro.com\\\/blog\\\/colores-para-salones-de-belleza\\\/#breadcrumb\"},\"inLanguage\":\"es\",\"potentialAction\":[{\"@type\":\"ReadAction\",\"target\":[\"https:\\\/\\\/agendapro.com\\\/blog\\\/colores-para-salones-de-belleza\\\/\"]}]},{\"@type\":\"ImageObject\",\"inLanguage\":\"es\",\"@id\":\"https:\\\/\\\/agendapro.com\\\/blog\\\/colores-para-salones-de-belleza\\\/#primaryimage\",\"url\":\"https:\\\/\\\/agendapro.com\\\/blog\\\/wp-content\\\/uploads\\\/sites\\\/2\\\/2024\\\/06\\\/colores.png\",\"contentUrl\":\"https:\\\/\\\/agendapro.com\\\/blog\\\/wp-content\\\/uploads\\\/sites\\\/2\\\/2024\\\/06\\\/colores.png\",\"width\":560,\"height\":315,\"caption\":\"colores para salones de belleza\"},{\"@type\":\"BreadcrumbList\",\"@id\":\"https:\\\/\\\/agendapro.com\\\/blog\\\/colores-para-salones-de-belleza\\\/#breadcrumb\",\"itemListElement\":[{\"@type\":\"ListItem\",\"position\":1,\"name\":\"Portada\",\"item\":\"https:\\\/\\\/agendapro.com\\\/blog\\\/\"},{\"@type\":\"ListItem\",\"position\":2,\"name\":\"Colores para salones de belleza: Crea una experiencia desde lo visual\"}]},{\"@type\":\"WebSite\",\"@id\":\"https:\\\/\\\/agendapro.com\\\/blog\\\/#website\",\"url\":\"https:\\\/\\\/agendapro.com\\\/blog\\\/\",\"name\":\"AgendaPro Blog\",\"description\":\"\",\"publisher\":{\"@id\":\"https:\\\/\\\/agendapro.com\\\/blog\\\/#organization\"},\"potentialAction\":[{\"@type\":\"SearchAction\",\"target\":{\"@type\":\"EntryPoint\",\"urlTemplate\":\"https:\\\/\\\/agendapro.com\\\/blog\\\/?s={search_term_string}\"},\"query-input\":{\"@type\":\"PropertyValueSpecification\",\"valueRequired\":true,\"valueName\":\"search_term_string\"}}],\"inLanguage\":\"es\"},{\"@type\":\"Organization\",\"@id\":\"https:\\\/\\\/agendapro.com\\\/blog\\\/#organization\",\"name\":\"AgendaPro\",\"url\":\"https:\\\/\\\/agendapro.com\\\/blog\\\/\",\"logo\":{\"@type\":\"ImageObject\",\"inLanguage\":\"es\",\"@id\":\"https:\\\/\\\/agendapro.com\\\/blog\\\/#\\\/schema\\\/logo\\\/image\\\/\",\"url\":\"https:\\\/\\\/agendapro.com\\\/blog\\\/wp-content\\\/uploads\\\/sites\\\/2\\\/2024\\\/05\\\/screenshot.png\",\"contentUrl\":\"https:\\\/\\\/agendapro.com\\\/blog\\\/wp-content\\\/uploads\\\/sites\\\/2\\\/2024\\\/05\\\/screenshot.png\",\"width\":1280,\"height\":720,\"caption\":\"AgendaPro\"},\"image\":{\"@id\":\"https:\\\/\\\/agendapro.com\\\/blog\\\/#\\\/schema\\\/logo\\\/image\\\/\"},\"sameAs\":[\"https:\\\/\\\/www.facebook.com\\\/agendapro\",\"https:\\\/\\\/x.com\\\/agendapro\",\"https:\\\/\\\/www.instagram.com\\\/agendapro_software\"]},{\"@type\":\"Person\",\"@id\":\"https:\\\/\\\/agendapro.com\\\/blog\\\/#\\\/schema\\\/person\\\/64a69c54b900388bcb1801b47bd3874e\",\"name\":\"ap-admin\",\"image\":{\"@type\":\"ImageObject\",\"inLanguage\":\"es\",\"@id\":\"https:\\\/\\\/secure.gravatar.com\\\/avatar\\\/cfd4ee1cbbc1ed49853864eeb2376f2f74a4ea77e0f8a2b12af8c9ed60dcd04d?s=96&d=mm&r=g\",\"url\":\"https:\\\/\\\/secure.gravatar.com\\\/avatar\\\/cfd4ee1cbbc1ed49853864eeb2376f2f74a4ea77e0f8a2b12af8c9ed60dcd04d?s=96&d=mm&r=g\",\"contentUrl\":\"https:\\\/\\\/secure.gravatar.com\\\/avatar\\\/cfd4ee1cbbc1ed49853864eeb2376f2f74a4ea77e0f8a2b12af8c9ed60dcd04d?s=96&d=mm&r=g\",\"caption\":\"ap-admin\"},\"sameAs\":[\"http:\\\/\\\/a50f3a4aa426b4acdb296faa47b9d74e-684412451.us-west-2.elb.amazonaws.com\"],\"url\":\"https:\\\/\\\/agendapro.com\\\/blog\\\/author\\\/ap-admin\\\/\"}]}<\/script>\n<!-- \/ Yoast SEO Premium plugin. -->","yoast_head_json":{"title":"Colores para salones de belleza: Crea una experiencia desde lo visual","description":"Crea una experiencia \u00fanica a tus clientes escogiendo la paleta de colores ideal para tu sal\u00f3n de belleza: lee estas recomendaciones","robots":{"index":"index","follow":"follow","max-snippet":"max-snippet:-1","max-image-preview":"max-image-preview:large","max-video-preview":"max-video-preview:-1"},"canonical":"https:\/\/agendapro.com\/blog\/colores-para-salones-de-belleza\/","og_locale":"es_ES","og_type":"article","og_title":"Colores para salones de belleza: Crea una experiencia desde lo visual","og_description":"Crea una experiencia \u00fanica a tus clientes escogiendo la paleta de colores ideal para tu sal\u00f3n de belleza: lee estas recomendaciones","og_url":"https:\/\/agendapro.com\/blog\/colores-para-salones-de-belleza\/","og_site_name":"AgendaPro Blog","article_publisher":"https:\/\/www.facebook.com\/agendapro","article_published_time":"2021-02-18T02:25:03+00:00","article_modified_time":"2025-12-17T21:08:25+00:00","og_image":[{"width":560,"height":315,"url":"https:\/\/agendapro.com\/blog\/wp-content\/uploads\/sites\/2\/2024\/06\/colores.png","type":"image\/png"}],"author":"ap-admin","twitter_card":"summary_large_image","twitter_creator":"@agendapro","twitter_site":"@agendapro","twitter_misc":{"Escrito por":"ap-admin","Tiempo de lectura":"7 minutos"},"schema":{"@context":"https:\/\/schema.org","@graph":[{"@type":"Article","@id":"https:\/\/agendapro.com\/blog\/colores-para-salones-de-belleza\/#article","isPartOf":{"@id":"https:\/\/agendapro.com\/blog\/colores-para-salones-de-belleza\/"},"author":{"name":"ap-admin","@id":"https:\/\/agendapro.com\/blog\/#\/schema\/person\/64a69c54b900388bcb1801b47bd3874e"},"headline":"Colores para salones de belleza: Crea una experiencia desde lo visual","datePublished":"2021-02-18T02:25:03+00:00","dateModified":"2025-12-17T21:08:25+00:00","mainEntityOfPage":{"@id":"https:\/\/agendapro.com\/blog\/colores-para-salones-de-belleza\/"},"wordCount":923,"commentCount":0,"publisher":{"@id":"https:\/\/agendapro.com\/blog\/#organization"},"image":{"@id":"https:\/\/agendapro.com\/blog\/colores-para-salones-de-belleza\/#primaryimage"},"thumbnailUrl":"https:\/\/agendapro.com\/blog\/wp-content\/uploads\/sites\/2\/2024\/06\/colores.png","articleSection":["Salones de belleza"],"inLanguage":"es"},{"@type":"WebPage","@id":"https:\/\/agendapro.com\/blog\/colores-para-salones-de-belleza\/","url":"https:\/\/agendapro.com\/blog\/colores-para-salones-de-belleza\/","name":"Colores para salones de belleza: Crea una experiencia desde lo visual","isPartOf":{"@id":"https:\/\/agendapro.com\/blog\/#website"},"primaryImageOfPage":{"@id":"https:\/\/agendapro.com\/blog\/colores-para-salones-de-belleza\/#primaryimage"},"image":{"@id":"https:\/\/agendapro.com\/blog\/colores-para-salones-de-belleza\/#primaryimage"},"thumbnailUrl":"https:\/\/agendapro.com\/blog\/wp-content\/uploads\/sites\/2\/2024\/06\/colores.png","datePublished":"2021-02-18T02:25:03+00:00","dateModified":"2025-12-17T21:08:25+00:00","description":"Crea una experiencia \u00fanica a tus clientes escogiendo la paleta de colores ideal para tu sal\u00f3n de belleza: lee estas recomendaciones","breadcrumb":{"@id":"https:\/\/agendapro.com\/blog\/colores-para-salones-de-belleza\/#breadcrumb"},"inLanguage":"es","potentialAction":[{"@type":"ReadAction","target":["https:\/\/agendapro.com\/blog\/colores-para-salones-de-belleza\/"]}]},{"@type":"ImageObject","inLanguage":"es","@id":"https:\/\/agendapro.com\/blog\/colores-para-salones-de-belleza\/#primaryimage","url":"https:\/\/agendapro.com\/blog\/wp-content\/uploads\/sites\/2\/2024\/06\/colores.png","contentUrl":"https:\/\/agendapro.com\/blog\/wp-content\/uploads\/sites\/2\/2024\/06\/colores.png","width":560,"height":315,"caption":"colores para salones de belleza"},{"@type":"BreadcrumbList","@id":"https:\/\/agendapro.com\/blog\/colores-para-salones-de-belleza\/#breadcrumb","itemListElement":[{"@type":"ListItem","position":1,"name":"Portada","item":"https:\/\/agendapro.com\/blog\/"},{"@type":"ListItem","position":2,"name":"Colores para salones de belleza: Crea una experiencia desde lo visual"}]},{"@type":"WebSite","@id":"https:\/\/agendapro.com\/blog\/#website","url":"https:\/\/agendapro.com\/blog\/","name":"AgendaPro Blog","description":"","publisher":{"@id":"https:\/\/agendapro.com\/blog\/#organization"},"potentialAction":[{"@type":"SearchAction","target":{"@type":"EntryPoint","urlTemplate":"https:\/\/agendapro.com\/blog\/?s={search_term_string}"},"query-input":{"@type":"PropertyValueSpecification","valueRequired":true,"valueName":"search_term_string"}}],"inLanguage":"es"},{"@type":"Organization","@id":"https:\/\/agendapro.com\/blog\/#organization","name":"AgendaPro","url":"https:\/\/agendapro.com\/blog\/","logo":{"@type":"ImageObject","inLanguage":"es","@id":"https:\/\/agendapro.com\/blog\/#\/schema\/logo\/image\/","url":"https:\/\/agendapro.com\/blog\/wp-content\/uploads\/sites\/2\/2024\/05\/screenshot.png","contentUrl":"https:\/\/agendapro.com\/blog\/wp-content\/uploads\/sites\/2\/2024\/05\/screenshot.png","width":1280,"height":720,"caption":"AgendaPro"},"image":{"@id":"https:\/\/agendapro.com\/blog\/#\/schema\/logo\/image\/"},"sameAs":["https:\/\/www.facebook.com\/agendapro","https:\/\/x.com\/agendapro","https:\/\/www.instagram.com\/agendapro_software"]},{"@type":"Person","@id":"https:\/\/agendapro.com\/blog\/#\/schema\/person\/64a69c54b900388bcb1801b47bd3874e","name":"ap-admin","image":{"@type":"ImageObject","inLanguage":"es","@id":"https:\/\/secure.gravatar.com\/avatar\/cfd4ee1cbbc1ed49853864eeb2376f2f74a4ea77e0f8a2b12af8c9ed60dcd04d?s=96&d=mm&r=g","url":"https:\/\/secure.gravatar.com\/avatar\/cfd4ee1cbbc1ed49853864eeb2376f2f74a4ea77e0f8a2b12af8c9ed60dcd04d?s=96&d=mm&r=g","contentUrl":"https:\/\/secure.gravatar.com\/avatar\/cfd4ee1cbbc1ed49853864eeb2376f2f74a4ea77e0f8a2b12af8c9ed60dcd04d?s=96&d=mm&r=g","caption":"ap-admin"},"sameAs":["http:\/\/a50f3a4aa426b4acdb296faa47b9d74e-684412451.us-west-2.elb.amazonaws.com"],"url":"https:\/\/agendapro.com\/blog\/author\/ap-admin\/"}]}},"_links":{"self":[{"href":"https:\/\/agendapro.com\/blog\/wp-json\/wp\/v2\/posts\/1210","targetHints":{"allow":["GET"]}}],"collection":[{"href":"https:\/\/agendapro.com\/blog\/wp-json\/wp\/v2\/posts"}],"about":[{"href":"https:\/\/agendapro.com\/blog\/wp-json\/wp\/v2\/types\/post"}],"author":[{"embeddable":true,"href":"https:\/\/agendapro.com\/blog\/wp-json\/wp\/v2\/users\/1"}],"replies":[{"embeddable":true,"href":"https:\/\/agendapro.com\/blog\/wp-json\/wp\/v2\/comments?post=1210"}],"version-history":[{"count":2,"href":"https:\/\/agendapro.com\/blog\/wp-json\/wp\/v2\/posts\/1210\/revisions"}],"predecessor-version":[{"id":5708,"href":"https:\/\/agendapro.com\/blog\/wp-json\/wp\/v2\/posts\/1210\/revisions\/5708"}],"wp:featuredmedia":[{"embeddable":true,"href":"https:\/\/agendapro.com\/blog\/wp-json\/wp\/v2\/media\/1211"}],"wp:attachment":[{"href":"https:\/\/agendapro.com\/blog\/wp-json\/wp\/v2\/media?parent=1210"}],"wp:term":[{"taxonomy":"category","embeddable":true,"href":"https:\/\/agendapro.com\/blog\/wp-json\/wp\/v2\/categories?post=1210"},{"taxonomy":"post_tag","embeddable":true,"href":"https:\/\/agendapro.com\/blog\/wp-json\/wp\/v2\/tags?post=1210"}],"curies":[{"name":"wp","href":"https:\/\/api.w.org\/{rel}","templated":true}]}}