{"id":14813,"date":"2026-04-01T15:42:43","date_gmt":"2026-04-01T21:42:43","guid":{"rendered":"https:\/\/agendapro.com\/blog\/?p=14813"},"modified":"2026-04-01T15:44:43","modified_gmt":"2026-04-01T21:44:43","slug":"historia-clinica-obstetrica","status":"publish","type":"post","link":"https:\/\/agendapro.com\/blog\/historia-clinica-obstetrica\/","title":{"rendered":"Historia cl\u00ednica obst\u00e9trica: estructura, contenido y digitalizaci\u00f3n"},"content":{"rendered":"\n<p>La historia cl\u00ednica obst\u00e9trica es el documento central que acompa\u00f1a a la mujer durante todo su embarazo, parto y puerperio. Este registro no solo recopila informaci\u00f3n m\u00e9dica esencial, sino que funciona como herramienta de comunicaci\u00f3n entre profesionales, instrumento de toma de decisiones cl\u00ednicas y respaldo legal en caso de auditor\u00edas o litigios.<\/p>\n\n\n\n<p>En el contexto latinoamericano, los protocolos habituales recomiendan iniciar <a href=\"https:\/\/agendapro.com\/blog\/historia-clinica-digital-2\/\">la historia cl\u00ednica<\/a> en la primera consulta prenatal, idealmente antes de la semana 12 de gestaci\u00f3n. Esta pr\u00e1ctica temprana permite identificar riesgos, establecer la edad gestacional con precisi\u00f3n y planificar un control prenatal adecuado.<\/p>\n\n\n\n<p>La tendencia actual en ginecolog\u00eda y obstetricia apunta hacia formatos estandarizados y, cada vez m\u00e1s, hacia <a href=\"https:\/\/agendapro.com\/es\/ficha-clinica\">historias cl\u00ednicas electr\u00f3nicas<\/a> que garanticen trazabilidad, seguridad y acceso controlado a la informaci\u00f3n.<\/p>\n\n\n\n<figure class=\"wp-block-image\"><img decoding=\"async\" src=\"https:\/\/images.surferseo.art\/4a93920b-cbed-4e85-82f3-0fcd55b1f118.png\" alt=\"Un profesional de salud est\u00e1 realizando un control prenatal a una mujer embarazada en un consultorio m\u00e9dico, donde se eval\u00faan sus antecedentes y se registra la historia cl\u00ednica ginecol\u00f3gica para asegurar un seguimiento adecuado de su gestaci\u00f3n. La consulta incluye la recopilaci\u00f3n de datos importantes sobre su salud y posibles complicaciones.\"\/><\/figure>\n\n\n\n<h2 class=\"wp-block-heading\" id=\"h-objetivos-de-la-historia-clinica-obstetrica\">Objetivos de la historia cl\u00ednica obst\u00e9trica<\/h2>\n\n\n\n<p><strong>El objetivo principal de este documento es servir como gu\u00eda para una atenci\u00f3n perinatal de calidad<\/strong>. A continuaci\u00f3n, se detallan los fines pr\u00e1cticos m\u00e1s relevantes del registro obst\u00e9trico.<\/p>\n\n\n\n<p><strong>Identificaci\u00f3n precoz de embarazos de alto riesgo<\/strong><\/p>\n\n\n\n<p>La historia cl\u00ednica permite detectar condiciones que elevan el riesgo materno-fetal desde la primera consulta. Entre estas se incluyen:<\/p>\n\n\n\n<ul class=\"wp-block-list\">\n<li>Preeclampsia previa o antecedentes familiares<\/li>\n\n\n\n<li>Diabetes mellitus pregestacional o factores de riesgo para diabetes gestacional<\/li>\n\n\n\n<li>Amenaza de parto pret\u00e9rmino en gestaciones anteriores<\/li>\n\n\n\n<li>Ces\u00e1reas previas que elevan el riesgo de rotura uterina<\/li>\n<\/ul>\n\n\n\n<p><strong>Planificaci\u00f3n del control prenatal<\/strong><\/p>\n\n\n\n<p>El registro estructurado permite establecer un calendario de visitas seg\u00fan gu\u00edas internacionales: visitas mensuales hasta la semana 28, quincenales hasta la semana 36 y semanales hasta el parto. Esta planificaci\u00f3n familiar del embarazo asegura un cuidado continuo y oportuno.<\/p>\n\n\n\n<p><strong>Toma de decisiones intraparto<\/strong><\/p>\n\n\n\n<p>Los datos documentados facilitan decisiones cr\u00edticas durante el trabajo de parto: inducci\u00f3n, v\u00eda del parto (vaginal o ces\u00e1rea), necesidad de anestesia regional y requerimiento de UCI neonatal.<\/p>\n\n\n\n<p><strong>Coordinaci\u00f3n multidisciplinar<\/strong><\/p>\n\n\n\n<p>La historia obst\u00e9trica es el veh\u00edculo de comunicaci\u00f3n entre obstetra, anestesista, neonat\u00f3logo y especialistas de medicina interna, garantizando que todos los involucrados tengan acceso a la misma informaci\u00f3n.<\/p>\n\n\n\n<h2 class=\"wp-block-heading\" id=\"h-datos-basicos-de-identificacion-de-la-gestante\">Datos b\u00e1sicos de identificaci\u00f3n de la gestante<\/h2>\n\n\n\n<p>Esta secci\u00f3n debe aparecer al inicio de toda historia cl\u00ednica obst\u00e9trica y funciona como ficha de identificaci\u00f3n r\u00e1pida. Los datos m\u00ednimos a registrar incluyen:<\/p>\n\n\n\n<figure class=\"wp-block-table\"><table class=\"has-fixed-layout\"><tbody><tr><th>Campo<\/th><th>Ejemplo<\/th><\/tr><tr><td>Nombre completo<\/td><td>Mar\u00eda Garc\u00eda L\u00f3pez<\/td><\/tr><tr><td>N\u00famero de documento<\/td><td>12345678-A<\/td><\/tr><tr><td>Fecha de nacimiento<\/td><td>15\/03\/1990<\/td><\/tr><tr><td>Edad<\/td><td>34 a\u00f1os<\/td><\/tr><tr><td>Direcci\u00f3n<\/td><td>Calle Principal 123, Ciudad<\/td><\/tr><tr><td>Tel\u00e9fonos de contacto<\/td><td>555-1234 \/ 555-5678<\/td><\/tr><tr><td>Contacto de emergencia<\/td><td>Juan Garc\u00eda (esposo) &#8211; 555-9999<\/td><\/tr><tr><td>EPS\/Seguro de salud<\/td><td>Aseguradora XYZ<\/td><\/tr><tr><td>Centro de parto previsto<\/td><td>Hospital Central<\/td><\/tr><\/tbody><\/table><\/figure>\n\n\n\n<p>El dise\u00f1o visual recomendado es una ficha corta, tipo tabla, claramente separada del resto de la anamnesis para facilitar la localizaci\u00f3n inmediata de estos datos en caso de emergencia.<\/p>\n\n\n\n<h2 class=\"wp-block-heading\" id=\"h-anamnesis-obstetrica-estructura-y-contenido\">Anamnesis obst\u00e9trica: estructura y contenido<\/h2>\n\n\n\n<p>La anamnesis obst\u00e9trica constituye el n\u00facleo de la historia cl\u00ednica de la gestante. Esta parte del registro debe recogerse mediante entrevista estructurada, idealmente con preguntas guiadas y campos obligatorios cuando se utiliza un <a href=\"https:\/\/agendapro.com\/blog\/beneficios-de-usar-un-software-medico\/\">software m\u00e9dico especializado<\/a>.<\/p>\n\n\n\n<p>Los elementos esenciales a documentar son:<\/p>\n\n\n\n<ul class=\"wp-block-list\">\n<li>Motivo de consulta expresado por la paciente<\/li>\n\n\n\n<li>Fecha de la \u00faltima menstruaci\u00f3n (FUR)<\/li>\n\n\n\n<li>Edad gestacional estimada seg\u00fan FUR<\/li>\n\n\n\n<li>S\u00edntomas actuales relevantes<\/li>\n<\/ul>\n\n\n\n<p>La organizaci\u00f3n debe ser cronol\u00f3gica, comenzando con el embarazo actual y continuando con los antecedentes previos. Es fundamental diferenciar subsecciones claras: s\u00edntomas actuales, antecedentes obst\u00e9tricos y antecedentes ginecol\u00f3gicos b\u00e1sicos.<\/p>\n\n\n\n<h3 class=\"wp-block-heading\" id=\"h-motivo-de-consulta-y-embarazo-actual\">Motivo de consulta y embarazo actual<\/h3>\n\n\n\n<p>La redacci\u00f3n debe iniciar con el motivo de consulta expresado en palabras de la paciente. Por ejemplo: \u201csospecha de embarazo\u201d, \u201ccontrol prenatal inicial a las 10 semanas\u201d o \u201csangrado vaginal escaso\u201d.<\/p>\n\n\n\n<p>Se debe consignar:<\/p>\n\n\n\n<ul class=\"wp-block-list\">\n<li>Fecha aproximada de inicio del embarazo<\/li>\n\n\n\n<li>Forma de diagn\u00f3stico (prueba de orina, beta-HCG en suero, ecograf\u00eda transvaginal)<\/li>\n\n\n\n<li>S\u00edntomas del primer trimestre: n\u00e1useas, v\u00f3mitos, sangrado vaginal, dolor abdominal, p\u00e9rdida de peso, mareos<\/li>\n<\/ul>\n\n\n\n<p>Los campos estructurados esenciales son:<\/p>\n\n\n\n<figure class=\"wp-block-table\"><table class=\"has-fixed-layout\"><tbody><tr><th>Dato<\/th><th>Valor<\/th><\/tr><tr><td>FUR<\/td><td>01\/01\/2024<\/td><\/tr><tr><td>Edad gestacional<\/td><td>10 semanas + 3 d\u00edas<\/td><\/tr><tr><td>FPP (fecha probable de parto)<\/td><td>08\/10\/2024<\/td><\/tr><tr><td>M\u00e9todo de c\u00e1lculo<\/td><td>FUR \/ Ecograf\u00eda 1er trimestre<\/td><\/tr><\/tbody><\/table><\/figure>\n\n\n\n<h3 class=\"wp-block-heading\" id=\"h-antecedentes-obstetricos-previos-g-p-a-c\">Antecedentes obst\u00e9tricos previos (G, P, A, C)<\/h3>\n\n\n\n<p>Esta subsecci\u00f3n resume toda la historia reproductiva utilizando nomenclatura estandarizada. La f\u00f3rmula obst\u00e9trica facilita la comunicaci\u00f3n entre profesionales y permite anticipar complicaciones.<\/p>\n\n\n\n<p><strong>Nomenclatura est\u00e1ndar:<\/strong><\/p>\n\n\n\n<ul class=\"wp-block-list\">\n<li><strong>G<\/strong>: Gestaciones totales (incluyendo la actual)<\/li>\n\n\n\n<li><strong>P<\/strong>: Partos a t\u00e9rmino<\/li>\n\n\n\n<li><strong>A<\/strong>: Abortos (espont\u00e1neos e inducidos)<\/li>\n\n\n\n<li><strong>C<\/strong> o <strong>V<\/strong>: Ces\u00e1reas o hijos vivos<\/li>\n<\/ul>\n\n\n\n<p><strong>Ejemplo pr\u00e1ctico:<\/strong> G3P1A1V1 indica tres gestaciones, un parto a t\u00e9rmino, un aborto y un hijo vivo actualmente.<\/p>\n\n\n\n<p>Para cada embarazo previo debe detallarse:<\/p>\n\n\n\n<figure class=\"wp-block-table\"><table class=\"has-fixed-layout\"><tbody><tr><th>Gestaci\u00f3n<\/th><th>A\u00f1o<\/th><th>Semanas al parto<\/th><th>Tipo de parto<\/th><th>Peso RN<\/th><th>Sexo<\/th><th>Complicaciones<\/th><\/tr><tr><td>1\u00aa<\/td><td>2018<\/td><td>39<\/td><td>Vaginal<\/td><td>3200 g<\/td><td>F<\/td><td>Ninguna<\/td><\/tr><tr><td>2\u00aa<\/td><td>2020<\/td><td>8<\/td><td>Aborto espont\u00e1neo<\/td><td>&#8211;<\/td><td>&#8211;<\/td><td>Legrado uterino<\/td><\/tr><\/tbody><\/table><\/figure>\n\n\n\n<p>Deben registrarse complicaciones significativas como preeclampsia, hemorragia posparto, parto pret\u00e9rmino, p\u00e9rdidas fetales o restricci\u00f3n del crecimiento intrauterino.<\/p>\n\n\n\n<h3 class=\"wp-block-heading\" id=\"h-antecedentes-ginecologicos-relevantes\">Antecedentes ginecol\u00f3gicos relevantes<\/h3>\n\n\n\n<p>Aqu\u00ed solo se consignan datos ginecol\u00f3gicos con impacto directo en el embarazo:<\/p>\n\n\n\n<p><strong>Patr\u00f3n menstrual:<\/strong><\/p>\n\n\n\n<ul class=\"wp-block-list\">\n<li>Edad de menarca<\/li>\n\n\n\n<li>Ciclo menstrual (ejemplo: TM 4\/28 para 4 d\u00edas de sangrado cada 28 d\u00edas)<\/li>\n\n\n\n<li>Ciclos regulares o irregulares<\/li>\n\n\n\n<li>Dismenorrea intensa o sangrados abundantes<\/li>\n<\/ul>\n\n\n\n<p><strong>Anticoncepci\u00f3n:<\/strong><\/p>\n\n\n\n<ul class=\"wp-block-list\">\n<li>M\u00e9todo anticonceptivo reciente<\/li>\n\n\n\n<li>Fecha de suspensi\u00f3n (ejemplo: retiro de DIU en enero de 2024)<\/li>\n<\/ul>\n\n\n\n<p><strong>Antecedentes patol\u00f3gicos:<\/strong><\/p>\n\n\n\n<ul class=\"wp-block-list\">\n<li>Infecciones de transmisi\u00f3n sexual<\/li>\n\n\n\n<li>Cirug\u00edas ginecol\u00f3gicas: miomectom\u00eda, conizaci\u00f3n cervical<\/li>\n\n\n\n<li><a href=\"https:\/\/agendapro.com\/blog\/historia-clinica-ginecologica\/\">Historia cl\u00ednica ginecol\u00f3gica<\/a> relevante previa<\/li>\n<\/ul>\n\n\n\n<h2 class=\"wp-block-heading\" id=\"h-antecedentes-personales-familiares-y-estilos-de-vida\">Antecedentes personales, familiares y estilos de vida<\/h2>\n\n\n\n<p>Estos datos condicionan directamente el riesgo materno-fetal y determinan el plan de control prenatal individualizado.<\/p>\n\n\n\n<p><strong>Antecedentes personales:<\/strong><\/p>\n\n\n\n<ul class=\"wp-block-list\">\n<li>Hipertensi\u00f3n arterial<\/li>\n\n\n\n<li>Diabetes mellitus<\/li>\n\n\n\n<li>Trombofilias<\/li>\n\n\n\n<li>Cardiopat\u00edas<\/li>\n\n\n\n<li>Enfermedades tiroideas<\/li>\n\n\n\n<li>Alergias medicamentosas<\/li>\n\n\n\n<li>C\u00e1ncer previo o actual<\/li>\n\n\n\n<li>Lesiones o cirug\u00edas abdominales\/p\u00e9lvicas<\/li>\n<\/ul>\n\n\n\n<p><strong>Antecedentes familiares:<\/strong><\/p>\n\n\n\n<ul class=\"wp-block-list\">\n<li>Preeclampsia en madre o hermanas<\/li>\n\n\n\n<li>Diabetes gestacional<\/li>\n\n\n\n<li>Malformaciones cong\u00e9nitas<\/li>\n\n\n\n<li>Enfermedades gen\u00e9ticas<\/li>\n<\/ul>\n\n\n\n<p><strong>H\u00e1bitos y estilos de vida:<\/strong><\/p>\n\n\n\n<ul class=\"wp-block-list\">\n<li>Tabaquismo (n\u00famero de cigarrillos\/d\u00eda)<\/li>\n\n\n\n<li>Consumo de alcohol<\/li>\n\n\n\n<li>Sustancias psicoactivas<\/li>\n\n\n\n<li>Medicamentos de uso habitual<\/li>\n\n\n\n<li>Actividad f\u00edsica<\/li>\n\n\n\n<li>Tipo de trabajo (ejemplo: trabajo de pie m\u00e1s de 8 horas)<\/li>\n<\/ul>\n\n\n\n<figure class=\"wp-block-image\"><img decoding=\"async\" src=\"https:\/\/images.surferseo.art\/0ec2b305-b766-4d72-833f-03d9176fad60.png\" alt=\"Una mujer embarazada se encuentra en una consulta m\u00e9dica revisando su historia cl\u00ednica ginecol\u00f3gica con un profesional de salud, quien le proporciona informaci\u00f3n sobre sus antecedentes y el seguimiento de su embarazo. En la mesa hay documentos y un expediente que contienen detalles sobre su estado de salud y posibles complicaciones.\"\/><\/figure>\n\n\n\n<h2 class=\"wp-block-heading\" id=\"h-exploracion-fisica-en-la-gestante\">Exploraci\u00f3n f\u00edsica en la gestante<\/h2>\n\n\n\n<p>La exploraci\u00f3n f\u00edsica complementa la anamnesis y debe repetirse en cada control prenatal, registrando la evoluci\u00f3n de los par\u00e1metros en forma longitudinal.<\/p>\n\n\n\n<p><strong>Constantes vitales:<\/strong><\/p>\n\n\n\n<figure class=\"wp-block-table\"><table class=\"has-fixed-layout\"><tbody><tr><th>Par\u00e1metro<\/th><th>Valor<\/th><th>Rango esperado<\/th><\/tr><tr><td>Presi\u00f3n arterial<\/td><td>110\/70 mmHg<\/td><td>&lt; 140\/90 mmHg<\/td><\/tr><tr><td>Frecuencia cardiaca<\/td><td>80 lpm<\/td><td>60-100 lpm<\/td><\/tr><tr><td>Frecuencia respiratoria<\/td><td>16 rpm<\/td><td>12-20 rpm<\/td><\/tr><tr><td>Temperatura<\/td><td>36.5\u00b0C<\/td><td>36-37.5\u00b0C<\/td><\/tr><tr><td>Saturaci\u00f3n O\u2082<\/td><td>98%<\/td><td>&gt; 95%<\/td><\/tr><\/tbody><\/table><\/figure>\n\n\n\n<p><strong>Evaluaci\u00f3n general:<\/strong><\/p>\n\n\n\n<ul class=\"wp-block-list\">\n<li>Peso actual y ganancia ponderal<\/li>\n\n\n\n<li>Talla e \u00edndice de masa corporal previo y actual<\/li>\n\n\n\n<li>Presencia de edemas<\/li>\n\n\n\n<li>Estado de hidrataci\u00f3n<\/li>\n<\/ul>\n\n\n\n<p><strong>Examen obst\u00e9trico:<\/strong><\/p>\n\n\n\n<ul class=\"wp-block-list\">\n<li>Altura uterina seg\u00fan semanas de gestaci\u00f3n<\/li>\n\n\n\n<li>Maniobras de Leopold (desde semana 24) para evaluar posici\u00f3n fetal<\/li>\n\n\n\n<li>Movimientos fetales percibidos<\/li>\n\n\n\n<li>Frecuencia cardiaca fetal con Doppler o sonicaid<\/li>\n<\/ul>\n\n\n\n<h3 class=\"wp-block-heading\" id=\"h-exploracion-ginecologica-y-pruebas-complementarias-basicas\">Exploraci\u00f3n ginecol\u00f3gica y pruebas complementarias b\u00e1sicas<\/h3>\n\n\n\n<p>En la primera consulta puede ser necesaria una exploraci\u00f3n ginecol\u00f3gica completa, especialmente ante s\u00edntomas como sangrado en el primer trimestre.<\/p>\n\n\n\n<p><strong>Examen ginecol\u00f3gico:<\/strong><\/p>\n\n\n\n<ul class=\"wp-block-list\">\n<li>Genitales externos: vulva, lesiones visibles<\/li>\n\n\n\n<li>Especuloscopia: estado del c\u00e9rvix, presencia de leucorrea<\/li>\n\n\n\n<li>Tacto vaginal cuando est\u00e9 indicado<\/li>\n<\/ul>\n\n\n\n<p><strong>Pruebas de laboratorio obligatorias:<\/strong><\/p>\n\n\n\n<figure class=\"wp-block-table\"><table class=\"has-fixed-layout\"><tbody><tr><th>Prueba<\/th><th>Objetivo<\/th><\/tr><tr><td>Hemograma completo<\/td><td>Descartar anemia, evaluar plaquetas<\/td><\/tr><tr><td>Grupo sangu\u00edneo y Rh<\/td><td>Prevenci\u00f3n de isoinmunizaci\u00f3n<\/td><\/tr><tr><td>VIH<\/td><td>Screening de infecciones<\/td><\/tr><tr><td>VDRL<\/td><td>Detecci\u00f3n de s\u00edfilis<\/td><\/tr><tr><td>Hepatitis B (HBsAg)<\/td><td>Prevenci\u00f3n de transmisi\u00f3n vertical<\/td><\/tr><tr><td>Glucemia en ayunas<\/td><td>Screening de diabetes<\/td><\/tr><tr><td>Urocultivo<\/td><td>Detecci\u00f3n de bacteriuria asintom\u00e1tica<\/td><\/tr><\/tbody><\/table><\/figure>\n\n\n\n<p><strong>Primera ecograf\u00eda obst\u00e9trica:<\/strong> Debe documentarse edad gestacional ecogr\u00e1fica, vitalidad embrionaria, ubicaci\u00f3n del saco gestacional y n\u00famero de embriones.<\/p>\n\n\n\n<h2 class=\"wp-block-heading\" id=\"h-seguimiento-prenatal-y-cronologia-del-embarazo\">Seguimiento prenatal y cronolog\u00eda del embarazo<\/h2>\n\n\n\n<p>Esta parte de la historia cl\u00ednica debe mostrar la evoluci\u00f3n del embarazo visita a visita, permitiendo identificar tendencias y detectar desviaciones del curso normal.<\/p>\n\n\n\n<p><strong>Registro por control:<\/strong><\/p>\n\n\n\n<figure class=\"wp-block-table\"><table class=\"has-fixed-layout\"><tbody><tr><th>Fecha<\/th><th>EG<\/th><th>Peso<\/th><th>PA<\/th><th>AU<\/th><th>LCF<\/th><th>Observaciones<\/th><\/tr><tr><td>15\/01\/24<\/td><td>12s<\/td><td>62 kg<\/td><td>110\/70<\/td><td>&#8211;<\/td><td>160 lpm<\/td><td>Sin s\u00edntomas<\/td><\/tr><tr><td>12\/02\/24<\/td><td>16s<\/td><td>64 kg<\/td><td>115\/75<\/td><td>14 cm<\/td><td>145 lpm<\/td><td>Movimientos fetales +<\/td><\/tr><tr><td>11\/03\/24<\/td><td>20s<\/td><td>66 kg<\/td><td>120\/80<\/td><td>20 cm<\/td><td>140 lpm<\/td><td>Eco morfol\u00f3gica normal<\/td><\/tr><\/tbody><\/table><\/figure>\n\n\n\n<p><strong>Elementos a documentar en cada control:<\/strong><\/p>\n\n\n\n<ul class=\"wp-block-list\">\n<li>Fecha y edad gestacional<\/li>\n\n\n\n<li>Peso y presi\u00f3n arterial<\/li>\n\n\n\n<li>Altura uterina y latidos fetales<\/li>\n\n\n\n<li>Quejas principales de la paciente<\/li>\n\n\n\n<li>Resultados de ex\u00e1menes solicitados<\/li>\n<\/ul>\n\n\n\n<p><strong>Administraci\u00f3n de suplementos y vacunas:<\/strong><\/p>\n\n\n\n<ul class=\"wp-block-list\">\n<li>\u00c1cido f\u00f3lico (primer trimestre)<\/li>\n\n\n\n<li>Hierro (desde segundo trimestre)<\/li>\n\n\n\n<li>Vacuna antigripal (cualquier trimestre)<\/li>\n\n\n\n<li>dTpa (entre semanas 27-36)<\/li>\n<\/ul>\n\n\n\n<p>Es fundamental anotar incidentes entre controles: consultas de urgencias, amenazas de aborto, hospitalizaciones o cambios de medicaci\u00f3n.<\/p>\n\n\n\n<h2 class=\"wp-block-heading\" id=\"h-registro-del-parto-y-puerperio-inmediato\">Registro del parto y puerperio inmediato<\/h2>\n\n\n\n<p>La historia obst\u00e9trica no est\u00e1 completa sin el registro detallado del parto y las primeras 24-48 horas posparto. Esta documentaci\u00f3n tiene especial relevancia m\u00e9dico-legal.<\/p>\n\n\n\n<p><strong>Elementos del registro del parto:<\/strong><\/p>\n\n\n\n<figure class=\"wp-block-table\"><table class=\"has-fixed-layout\"><tbody><tr><th>Dato<\/th><th>Descripci\u00f3n<\/th><\/tr><tr><td>Fecha y hora de inicio<\/td><td>15\/10\/24 &#8211; 08:30 h<\/td><\/tr><tr><td>Inicio del trabajo de parto<\/td><td>Espont\u00e1neo \/ Inducido<\/td><\/tr><tr><td>Ruptura de membranas<\/td><td>Espont\u00e1nea a las 14:20 h, l\u00edquido claro<\/td><\/tr><tr><td>Tipo de parto<\/td><td>Eut\u00f3cico \/ Instrumentado \/ Ces\u00e1rea<\/td><\/tr><tr><td>Justificaci\u00f3n cl\u00ednica<\/td><td>En caso de ces\u00e1rea: sufrimiento fetal agudo<\/td><\/tr><\/tbody><\/table><\/figure>\n\n\n\n<p><strong>Datos del reci\u00e9n nacido:<\/strong><\/p>\n\n\n\n<ul class=\"wp-block-list\">\n<li>Sexo<\/li>\n\n\n\n<li>Peso al nacer<\/li>\n\n\n\n<li>Apgar al minuto y a los 5 minutos<\/li>\n\n\n\n<li>Necesidad de reanimaci\u00f3n<\/li>\n\n\n\n<li>Ingreso a UCI neonatal<\/li>\n<\/ul>\n\n\n\n<p><strong>Complicaciones maternas:<\/strong><\/p>\n\n\n\n<ul class=\"wp-block-list\">\n<li>Hemorragia posparto<\/li>\n\n\n\n<li>Infecciones<\/li>\n\n\n\n<li>Traumas perineales<\/li>\n\n\n\n<li>Necesidad de transfusi\u00f3n<\/li>\n\n\n\n<li>Reintervenci\u00f3n quir\u00fargica<\/li>\n<\/ul>\n\n\n\n<p>La redacci\u00f3n debe ser precisa, con tiempos y eventos clave claramente documentados.<\/p>\n\n\n\n<h2 class=\"wp-block-heading\" id=\"h-historia-clinica-obstetrica-ejemplo-en-pdf\">Historia cl\u00ednica obst\u00e9trica: Ejemplo en PDF<\/h2>\n\n\n\n<div data-wp-interactive=\"core\/file\" class=\"wp-block-file\"><object data-wp-bind--hidden=\"!state.hasPdfPreview\" hidden class=\"wp-block-file__embed\" data=\"https:\/\/agendapro.com\/blog\/wp-content\/uploads\/sites\/2\/2026\/02\/HISTORIA-CLINICA-OBSTETRICA.pdf\" type=\"application\/pdf\" style=\"width:100%;height:600px\" aria-label=\"Incrustado de HISTORIA CL\u00cdNICA OBST\u00c9TRICA.\"><\/object><a id=\"wp-block-file--media-a5ac3488-74de-4a7c-a10e-fcbc8bfae3a6\" href=\"https:\/\/agendapro.com\/blog\/wp-content\/uploads\/sites\/2\/2026\/02\/HISTORIA-CLINICA-OBSTETRICA.pdf\">HISTORIA CL\u00cdNICA OBST\u00c9TRICA<\/a><a href=\"https:\/\/agendapro.com\/blog\/wp-content\/uploads\/sites\/2\/2026\/02\/HISTORIA-CLINICA-OBSTETRICA.pdf\" class=\"wp-block-file__button wp-element-button\" download aria-describedby=\"wp-block-file--media-a5ac3488-74de-4a7c-a10e-fcbc8bfae3a6\">Descarga<\/a><\/div>\n\n\n\n<h2 class=\"wp-block-heading\" id=\"h-historia-clinica-obstetrica-digital-y-gestion-en-agendapro\">Historia cl\u00ednica obst\u00e9trica digital y gesti\u00f3n en AgendaPro<\/h2>\n\n\n\n<p>La <a href=\"https:\/\/agendapro.com\/blog\/digitalizacion-de-documentos-en-consultorios-medicos\/\">digitalizaci\u00f3n de la historia cl\u00ednica<\/a> obst\u00e9trica mejora la seguridad, trazabilidad y coordinaci\u00f3n del equipo de salud. Los estudios sugieren que <strong>los sistemas electr\u00f3nicos reducen errores de omisi\u00f3n en un 20-30% <\/strong>comparado con los formatos manuales.<\/p>\n\n\n\n<p>Una plataforma como AgendaPro permite a cl\u00ednicas, centros de salud y consultorios registrar y consultar historias obst\u00e9tricas desde la nube, con acceso controlado por rol y credenciales seguras.<\/p>\n\n\n\n<p><strong>Funcionalidades relevantes de AgendaPro:<\/strong><\/p>\n\n\n\n<ul class=\"wp-block-list\">\n<li><strong><a href=\"https:\/\/agendapro.com\/es\/agenda-medica\">Agendas de control prenatal<\/a>:<\/strong> Programaci\u00f3n de citas seg\u00fan protocolo (mensual, quincenal, semanal)<\/li>\n\n\n\n<li><strong><a href=\"https:\/\/agendapro.com\/es\/recordatorios-automaticos\">Recordatorios autom\u00e1ticos<\/a>:<\/strong> Reducci\u00f3n de inasistencias mediante SMS o correo electr\u00f3nico<\/li>\n\n\n\n<li><strong>Registro estructurado:<\/strong> Campos obligatorios para antecedentes y controles seriados<\/li>\n\n\n\n<li><strong>Historial accesible:<\/strong> Consulta inmediata de visitas previas y resultados<\/li>\n<\/ul>\n\n\n\n<p>AgendaPro facilita integrar la historia cl\u00ednica con m\u00f3dulos de pagos, inventario de insumos obst\u00e9tricos y <a href=\"https:\/\/agendapro.com\/blog\/crm-para-centro-medico-o-clinica\/\">CRM para seguimiento de pacientes<\/a> gestantes. Esta integraci\u00f3n permite que el profesional dedique m\u00e1s tiempo a la atenci\u00f3n directa y menos a tareas administrativas.<\/p>\n\n\n\n<p>La historia cl\u00ednica digital optimiza los tiempos de consulta, mejora la experiencia de la paciente y garantiza que la informaci\u00f3n est\u00e9 disponible cuando m\u00e1s se necesita, sin embargo, de implementar correctamente el sistema.<\/p>\n\n\n\n<figure class=\"wp-block-image\"><img decoding=\"async\" src=\"https:\/\/images.surferseo.art\/c0160a38-ad9a-4948-bf26-ddf268fa81f9.png\" alt=\"Una tablet muestra una agenda m\u00e9dica digital en un consultorio de ginecolog\u00eda, donde se pueden ver datos sobre la historia cl\u00ednica ginecol\u00f3gica de una paciente, incluyendo antecedentes, tratamientos y detalles sobre embarazos. La imagen resalta la importancia de llevar un control adecuado de la salud femenina y la planificaci\u00f3n familiar.\"\/><\/figure>\n\n\n\n<h2 class=\"wp-block-heading\" id=\"h-buenas-practicas-y-aspectos-legales-en-la-historia-obstetrica\">Buenas pr\u00e1cticas y aspectos legales en la historia obst\u00e9trica<\/h2>\n\n\n\n<p>La calidad del registro tiene implicaciones cl\u00ednicas, \u00e9ticas y legales que todo profesional de ginecolog\u00eda debe considerar.<\/p>\n\n\n\n<p><strong>Recomendaciones para un registro de calidad:<\/strong><\/p>\n\n\n\n<ul class=\"wp-block-list\">\n<li>Datos completos y legibles<\/li>\n\n\n\n<li>Registro cronol\u00f3gico de eventos<\/li>\n\n\n\n<li>Evitar abreviaturas ambiguas<\/li>\n\n\n\n<li>Firma y sello del profesional responsable<\/li>\n\n\n\n<li>Fecha y hora en cada anotaci\u00f3n<\/li>\n<\/ul>\n\n\n\n<p><strong><a href=\"https:\/\/agendapro.com\/blog\/consentimiento-informado-ejemplo\/\">Consentimiento informado<\/a>:<\/strong> Es obligatorio documentar el consentimiento para procedimientos como:<\/p>\n\n\n\n<ul class=\"wp-block-list\">\n<li>Ces\u00e1reas electivas o de urgencia<\/li>\n\n\n\n<li>Inducciones de trabajo de parto<\/li>\n\n\n\n<li>Uso de anestesia regional<\/li>\n\n\n\n<li>Procedimientos invasivos fetales<\/li>\n<\/ul>\n\n\n\n<p><strong><a href=\"https:\/\/agendapro.com\/blog\/seguridad-de-datos-en-clinicas\/\">Normativas de protecci\u00f3n de datos<\/a>:<\/strong> Las historias cl\u00ednicas digitales deben cumplir las leyes de habeas data y normas de confidencialidad vigentes en cada pa\u00eds de Latinoam\u00e9rica. Esto implica:<\/p>\n\n\n\n<ul class=\"wp-block-list\">\n<li>Control de accesos por usuario<\/li>\n\n\n\n<li>Registro de auditor\u00eda de qui\u00e9n consulta cada expediente<\/li>\n\n\n\n<li>Respaldo autom\u00e1tico de informaci\u00f3n<\/li>\n\n\n\n<li>Cifrado de datos sensibles<\/li>\n<\/ul>\n\n\n\n<p>El uso de un producto de software seguro y con control de accesos, como AgendaPro, facilita el cumplimiento de estas normativas y protege tanto a la paciente como al profesional.<\/p>\n\n\n\n<h2 class=\"wp-block-heading\" id=\"h-preguntas-frecuentes-sobre-historia-clinica-obstetrica\">Preguntas frecuentes sobre historia cl\u00ednica obst\u00e9trica<\/h2>\n\n\n\n<h3 class=\"wp-block-heading\" id=\"h-en-que-semana-del-embarazo-debe-iniciarse-la-historia-clinica-obstetrica\">\u00bfEn qu\u00e9 semana del embarazo debe iniciarse la historia cl\u00ednica obst\u00e9trica?<\/h3>\n\n\n\n<p>Idealmente se inicia en la primera consulta de embarazo, frecuentemente entre la semana 6 y 10 de gestaci\u00f3n. Si la paciente acude m\u00e1s tarde, debe reconstruirse la informaci\u00f3n desde el inicio del embarazo con el mayor detalle posible, incluyendo s\u00edntomas del primer trimestre y fecha de la \u00faltima menstruaci\u00f3n. En mujeres que buscan embarazo activamente, puede resultar \u00fatil abrir un registro preconcepcional que luego se integre a la historia obst\u00e9trica.<\/p>\n\n\n\n<h3 class=\"wp-block-heading\" id=\"h-cada-cuanto-debe-actualizarse-la-historia-clinica-en-el-control-prenatal\">\u00bfCada cu\u00e1nto debe actualizarse la historia cl\u00ednica en el control prenatal?<\/h3>\n\n\n\n<p>La historia cl\u00ednica debe actualizarse en cada visita de control, consignando fecha, edad gestacional y hallazgos nuevos. El formato longitudinal permite visualizar tendencias en peso, presi\u00f3n arterial y otros par\u00e1metros. Ante urgencias como sangrado, dolor intenso o disminuci\u00f3n de movimientos fetales, tambi\u00e9n se genera una anotaci\u00f3n espec\u00edfica. Los cambios importantes en el plan de manejo deben quedar claramente documentados con su justificaci\u00f3n.<\/p>\n\n\n\n<h3 class=\"wp-block-heading\" id=\"h-que-diferencias-hay-entre-la-historia-clinica-obstetrica-y-la-ginecologica\">\u00bfQu\u00e9 diferencias hay entre la historia cl\u00ednica obst\u00e9trica y la ginecol\u00f3gica?<\/h3>\n\n\n\n<p>La historia cl\u00ednica ginecol\u00f3gica se centra en la salud reproductiva general: ciclo menstrual, infecciones, anticoncepci\u00f3n y patolog\u00eda del tracto genital. La historia obst\u00e9trica se enfoca espec\u00edficamente en embarazos previos y actual, parto, complicaciones perinatales y salud del reci\u00e9n nacido. En la pr\u00e1ctica cl\u00ednica de las especialidades m\u00e9dicas, se integran ambas para obtener una visi\u00f3n completa de la salud de la mujer, especialmente cuando la p\u00e1gina de antecedentes es compartida.<\/p>\n\n\n\n<h3 class=\"wp-block-heading\" id=\"h-es-obligatorio-usar-un-software-para-llevar-la-historia-clinica-obstetrica\">\u00bfEs obligatorio usar un software para llevar la historia cl\u00ednica obst\u00e9trica?<\/h3>\n\n\n\n<p>En muchos pa\u00edses a\u00fan se permiten historias en papel, pero la tendencia normativa es hacia el expediente cl\u00ednico electr\u00f3nico. Las ventajas pr\u00e1cticas del software son significativas: respaldo autom\u00e1tico, acceso desde distintos dispositivos, menor riesgo de extrav\u00edo y reducci\u00f3n de errores de omisi\u00f3n. Soluciones como AgendaPro est\u00e1n dise\u00f1adas para centros de salud y cl\u00ednicas que quieren modernizar su registro obst\u00e9trico y ginecol\u00f3gico sin grandes inversiones en infraestructura. Consulta las referencias normativas de tu pa\u00eds para conocer los requisitos espec\u00edficos, ya que puedes read la legislaci\u00f3n local para mayor detalle.<\/p>\n\n\n\n<h3 class=\"wp-block-heading\" id=\"h-cuanto-tiempo-debe-conservarse-una-historia-clinica-obstetrica\">\u00bfCu\u00e1nto tiempo debe conservarse una historia cl\u00ednica obst\u00e9trica?<\/h3>\n\n\n\n<p>El tiempo de conservaci\u00f3n depende de la legislaci\u00f3n local, que suele oscilar entre 5 y 15 a\u00f1os despu\u00e9s del \u00faltimo acto m\u00e9dico. Por tratarse de documentaci\u00f3n que involucra a madre y reci\u00e9n nacido, muchos centros optan por conservarla durante plazos m\u00e1s amplios, considerando que el contenido puede ser relevante para la evaluaci\u00f3n de problemas de salud del hijo a largo plazo. Los sistemas digitales permiten archivado seguro sin ocupar espacio f\u00edsico y facilitan la localizaci\u00f3n cuando se requiere una nueva consulta o una relaci\u00f3n con un caso cl\u00ednico posterior. Verifica las recomendaciones espec\u00edficas de tu pa\u00eds y aseg\u00farate de que tu sistema cumpla con el precio de mantener la informaci\u00f3n accesible seg\u00fan normativa.<\/p>\n\n\n\n<p><\/p>\n","protected":false},"excerpt":{"rendered":"<p>La historia cl\u00ednica obst\u00e9trica es el documento central que acompa\u00f1a a la mujer durante todo su embarazo, parto y puerperio&#8230;.<\/p>\n","protected":false},"author":1,"featured_media":14814,"comment_status":"closed","ping_status":"closed","sticky":false,"template":"","format":"standard","meta":{"_acf_changed":false,"footnotes":""},"categories":[34],"tags":[],"class_list":["post-14813","post","type-post","status-publish","format-standard","has-post-thumbnail","hentry","category-centros-medicos"],"acf":[],"yoast_head":"<!-- This site is optimized with the Yoast SEO Premium plugin v26.8 (Yoast SEO v27.5) - https:\/\/yoast.com\/product\/yoast-seo-premium-wordpress\/ -->\n<title>Historia cl\u00ednica obst\u00e9trica y ginecol\u00f3gica | PDF<\/title>\n<meta name=\"description\" content=\"Descubre la importancia de la historia cl\u00ednica obst\u00e9trica, qu\u00e9 debe contener y c\u00f3mo puede mejorar la atenci\u00f3n a la salud materna.\" \/>\n<meta name=\"robots\" content=\"index, follow, max-snippet:-1, max-image-preview:large, max-video-preview:-1\" \/>\n<link rel=\"canonical\" href=\"https:\/\/agendapro.com\/blog\/historia-clinica-obstetrica\/\" \/>\n<meta property=\"og:locale\" content=\"es_ES\" \/>\n<meta property=\"og:type\" content=\"article\" \/>\n<meta property=\"og:title\" content=\"Historia cl\u00ednica obst\u00e9trica: estructura, contenido y digitalizaci\u00f3n\" \/>\n<meta property=\"og:description\" content=\"Descubre la importancia de la historia cl\u00ednica obst\u00e9trica, qu\u00e9 debe contener y c\u00f3mo puede mejorar la atenci\u00f3n a la salud materna.\" \/>\n<meta property=\"og:url\" content=\"https:\/\/agendapro.com\/blog\/historia-clinica-obstetrica\/\" \/>\n<meta property=\"og:site_name\" content=\"AgendaPro Blog\" \/>\n<meta property=\"article:publisher\" content=\"https:\/\/www.facebook.com\/agendapro\" \/>\n<meta property=\"article:published_time\" content=\"2026-04-01T21:42:43+00:00\" \/>\n<meta property=\"article:modified_time\" content=\"2026-04-01T21:44:43+00:00\" \/>\n<meta property=\"og:image\" content=\"https:\/\/agendapro.com\/blog\/wp-content\/uploads\/sites\/2\/2026\/02\/asian-female-doctor-and-nurse-consult-with-pregnan-2026-01-08-22-11-21-utc-1-scaled.webp\" \/>\n\t<meta property=\"og:image:width\" content=\"2560\" \/>\n\t<meta property=\"og:image:height\" content=\"1707\" \/>\n\t<meta property=\"og:image:type\" content=\"image\/webp\" \/>\n<meta name=\"author\" content=\"ap-admin\" \/>\n<meta name=\"twitter:card\" content=\"summary_large_image\" \/>\n<meta name=\"twitter:creator\" content=\"@agendapro\" \/>\n<meta name=\"twitter:site\" content=\"@agendapro\" \/>\n<meta name=\"twitter:label1\" content=\"Escrito por\" \/>\n\t<meta name=\"twitter:data1\" content=\"ap-admin\" \/>\n\t<meta name=\"twitter:label2\" content=\"Tiempo de lectura\" \/>\n\t<meta name=\"twitter:data2\" content=\"11 minutos\" \/>\n<script type=\"application\/ld+json\" class=\"yoast-schema-graph\">{\"@context\":\"https:\\\/\\\/schema.org\",\"@graph\":[{\"@type\":\"Article\",\"@id\":\"https:\\\/\\\/agendapro.com\\\/blog\\\/historia-clinica-obstetrica\\\/#article\",\"isPartOf\":{\"@id\":\"https:\\\/\\\/agendapro.com\\\/blog\\\/historia-clinica-obstetrica\\\/\"},\"author\":{\"name\":\"ap-admin\",\"@id\":\"https:\\\/\\\/agendapro.com\\\/blog\\\/#\\\/schema\\\/person\\\/64a69c54b900388bcb1801b47bd3874e\"},\"headline\":\"Historia cl\u00ednica obst\u00e9trica: estructura, contenido y digitalizaci\u00f3n\",\"datePublished\":\"2026-04-01T21:42:43+00:00\",\"dateModified\":\"2026-04-01T21:44:43+00:00\",\"mainEntityOfPage\":{\"@id\":\"https:\\\/\\\/agendapro.com\\\/blog\\\/historia-clinica-obstetrica\\\/\"},\"wordCount\":2484,\"publisher\":{\"@id\":\"https:\\\/\\\/agendapro.com\\\/blog\\\/#organization\"},\"image\":{\"@id\":\"https:\\\/\\\/agendapro.com\\\/blog\\\/historia-clinica-obstetrica\\\/#primaryimage\"},\"thumbnailUrl\":\"https:\\\/\\\/agendapro.com\\\/blog\\\/wp-content\\\/uploads\\\/sites\\\/2\\\/2026\\\/02\\\/asian-female-doctor-and-nurse-consult-with-pregnan-2026-01-08-22-11-21-utc-1-scaled.webp\",\"articleSection\":[\"Centros M\u00e9dicos\"],\"inLanguage\":\"es\"},{\"@type\":\"WebPage\",\"@id\":\"https:\\\/\\\/agendapro.com\\\/blog\\\/historia-clinica-obstetrica\\\/\",\"url\":\"https:\\\/\\\/agendapro.com\\\/blog\\\/historia-clinica-obstetrica\\\/\",\"name\":\"Historia cl\u00ednica obst\u00e9trica y ginecol\u00f3gica | PDF\",\"isPartOf\":{\"@id\":\"https:\\\/\\\/agendapro.com\\\/blog\\\/#website\"},\"primaryImageOfPage\":{\"@id\":\"https:\\\/\\\/agendapro.com\\\/blog\\\/historia-clinica-obstetrica\\\/#primaryimage\"},\"image\":{\"@id\":\"https:\\\/\\\/agendapro.com\\\/blog\\\/historia-clinica-obstetrica\\\/#primaryimage\"},\"thumbnailUrl\":\"https:\\\/\\\/agendapro.com\\\/blog\\\/wp-content\\\/uploads\\\/sites\\\/2\\\/2026\\\/02\\\/asian-female-doctor-and-nurse-consult-with-pregnan-2026-01-08-22-11-21-utc-1-scaled.webp\",\"datePublished\":\"2026-04-01T21:42:43+00:00\",\"dateModified\":\"2026-04-01T21:44:43+00:00\",\"description\":\"Descubre la importancia de la historia cl\u00ednica obst\u00e9trica, qu\u00e9 debe contener y c\u00f3mo puede mejorar la atenci\u00f3n a la salud materna.\",\"breadcrumb\":{\"@id\":\"https:\\\/\\\/agendapro.com\\\/blog\\\/historia-clinica-obstetrica\\\/#breadcrumb\"},\"inLanguage\":\"es\",\"potentialAction\":[{\"@type\":\"ReadAction\",\"target\":[\"https:\\\/\\\/agendapro.com\\\/blog\\\/historia-clinica-obstetrica\\\/\"]}]},{\"@type\":\"ImageObject\",\"inLanguage\":\"es\",\"@id\":\"https:\\\/\\\/agendapro.com\\\/blog\\\/historia-clinica-obstetrica\\\/#primaryimage\",\"url\":\"https:\\\/\\\/agendapro.com\\\/blog\\\/wp-content\\\/uploads\\\/sites\\\/2\\\/2026\\\/02\\\/asian-female-doctor-and-nurse-consult-with-pregnan-2026-01-08-22-11-21-utc-1-scaled.webp\",\"contentUrl\":\"https:\\\/\\\/agendapro.com\\\/blog\\\/wp-content\\\/uploads\\\/sites\\\/2\\\/2026\\\/02\\\/asian-female-doctor-and-nurse-consult-with-pregnan-2026-01-08-22-11-21-utc-1-scaled.webp\",\"width\":2560,\"height\":1707},{\"@type\":\"BreadcrumbList\",\"@id\":\"https:\\\/\\\/agendapro.com\\\/blog\\\/historia-clinica-obstetrica\\\/#breadcrumb\",\"itemListElement\":[{\"@type\":\"ListItem\",\"position\":1,\"name\":\"Portada\",\"item\":\"https:\\\/\\\/agendapro.com\\\/blog\\\/\"},{\"@type\":\"ListItem\",\"position\":2,\"name\":\"Historia cl\u00ednica obst\u00e9trica: estructura, contenido y digitalizaci\u00f3n\"}]},{\"@type\":\"WebSite\",\"@id\":\"https:\\\/\\\/agendapro.com\\\/blog\\\/#website\",\"url\":\"https:\\\/\\\/agendapro.com\\\/blog\\\/\",\"name\":\"AgendaPro Blog\",\"description\":\"\",\"publisher\":{\"@id\":\"https:\\\/\\\/agendapro.com\\\/blog\\\/#organization\"},\"potentialAction\":[{\"@type\":\"SearchAction\",\"target\":{\"@type\":\"EntryPoint\",\"urlTemplate\":\"https:\\\/\\\/agendapro.com\\\/blog\\\/?s={search_term_string}\"},\"query-input\":{\"@type\":\"PropertyValueSpecification\",\"valueRequired\":true,\"valueName\":\"search_term_string\"}}],\"inLanguage\":\"es\"},{\"@type\":\"Organization\",\"@id\":\"https:\\\/\\\/agendapro.com\\\/blog\\\/#organization\",\"name\":\"AgendaPro\",\"url\":\"https:\\\/\\\/agendapro.com\\\/blog\\\/\",\"logo\":{\"@type\":\"ImageObject\",\"inLanguage\":\"es\",\"@id\":\"https:\\\/\\\/agendapro.com\\\/blog\\\/#\\\/schema\\\/logo\\\/image\\\/\",\"url\":\"https:\\\/\\\/agendapro.com\\\/blog\\\/wp-content\\\/uploads\\\/sites\\\/2\\\/2024\\\/05\\\/screenshot.png\",\"contentUrl\":\"https:\\\/\\\/agendapro.com\\\/blog\\\/wp-content\\\/uploads\\\/sites\\\/2\\\/2024\\\/05\\\/screenshot.png\",\"width\":1280,\"height\":720,\"caption\":\"AgendaPro\"},\"image\":{\"@id\":\"https:\\\/\\\/agendapro.com\\\/blog\\\/#\\\/schema\\\/logo\\\/image\\\/\"},\"sameAs\":[\"https:\\\/\\\/www.facebook.com\\\/agendapro\",\"https:\\\/\\\/x.com\\\/agendapro\",\"https:\\\/\\\/www.instagram.com\\\/agendapro_software\"]},{\"@type\":\"Person\",\"@id\":\"https:\\\/\\\/agendapro.com\\\/blog\\\/#\\\/schema\\\/person\\\/64a69c54b900388bcb1801b47bd3874e\",\"name\":\"ap-admin\",\"image\":{\"@type\":\"ImageObject\",\"inLanguage\":\"es\",\"@id\":\"https:\\\/\\\/secure.gravatar.com\\\/avatar\\\/cfd4ee1cbbc1ed49853864eeb2376f2f74a4ea77e0f8a2b12af8c9ed60dcd04d?s=96&d=mm&r=g\",\"url\":\"https:\\\/\\\/secure.gravatar.com\\\/avatar\\\/cfd4ee1cbbc1ed49853864eeb2376f2f74a4ea77e0f8a2b12af8c9ed60dcd04d?s=96&d=mm&r=g\",\"contentUrl\":\"https:\\\/\\\/secure.gravatar.com\\\/avatar\\\/cfd4ee1cbbc1ed49853864eeb2376f2f74a4ea77e0f8a2b12af8c9ed60dcd04d?s=96&d=mm&r=g\",\"caption\":\"ap-admin\"},\"sameAs\":[\"http:\\\/\\\/a50f3a4aa426b4acdb296faa47b9d74e-684412451.us-west-2.elb.amazonaws.com\"],\"url\":\"https:\\\/\\\/agendapro.com\\\/blog\\\/author\\\/ap-admin\\\/\"}]}<\/script>\n<!-- \/ Yoast SEO Premium plugin. -->","yoast_head_json":{"title":"Historia cl\u00ednica obst\u00e9trica y ginecol\u00f3gica | PDF","description":"Descubre la importancia de la historia cl\u00ednica obst\u00e9trica, qu\u00e9 debe contener y c\u00f3mo puede mejorar la atenci\u00f3n a la salud materna.","robots":{"index":"index","follow":"follow","max-snippet":"max-snippet:-1","max-image-preview":"max-image-preview:large","max-video-preview":"max-video-preview:-1"},"canonical":"https:\/\/agendapro.com\/blog\/historia-clinica-obstetrica\/","og_locale":"es_ES","og_type":"article","og_title":"Historia cl\u00ednica obst\u00e9trica: estructura, contenido y digitalizaci\u00f3n","og_description":"Descubre la importancia de la historia cl\u00ednica obst\u00e9trica, qu\u00e9 debe contener y c\u00f3mo puede mejorar la atenci\u00f3n a la salud materna.","og_url":"https:\/\/agendapro.com\/blog\/historia-clinica-obstetrica\/","og_site_name":"AgendaPro Blog","article_publisher":"https:\/\/www.facebook.com\/agendapro","article_published_time":"2026-04-01T21:42:43+00:00","article_modified_time":"2026-04-01T21:44:43+00:00","og_image":[{"width":2560,"height":1707,"url":"https:\/\/agendapro.com\/blog\/wp-content\/uploads\/sites\/2\/2026\/02\/asian-female-doctor-and-nurse-consult-with-pregnan-2026-01-08-22-11-21-utc-1-scaled.webp","type":"image\/webp"}],"author":"ap-admin","twitter_card":"summary_large_image","twitter_creator":"@agendapro","twitter_site":"@agendapro","twitter_misc":{"Escrito por":"ap-admin","Tiempo de lectura":"11 minutos"},"schema":{"@context":"https:\/\/schema.org","@graph":[{"@type":"Article","@id":"https:\/\/agendapro.com\/blog\/historia-clinica-obstetrica\/#article","isPartOf":{"@id":"https:\/\/agendapro.com\/blog\/historia-clinica-obstetrica\/"},"author":{"name":"ap-admin","@id":"https:\/\/agendapro.com\/blog\/#\/schema\/person\/64a69c54b900388bcb1801b47bd3874e"},"headline":"Historia cl\u00ednica obst\u00e9trica: estructura, contenido y digitalizaci\u00f3n","datePublished":"2026-04-01T21:42:43+00:00","dateModified":"2026-04-01T21:44:43+00:00","mainEntityOfPage":{"@id":"https:\/\/agendapro.com\/blog\/historia-clinica-obstetrica\/"},"wordCount":2484,"publisher":{"@id":"https:\/\/agendapro.com\/blog\/#organization"},"image":{"@id":"https:\/\/agendapro.com\/blog\/historia-clinica-obstetrica\/#primaryimage"},"thumbnailUrl":"https:\/\/agendapro.com\/blog\/wp-content\/uploads\/sites\/2\/2026\/02\/asian-female-doctor-and-nurse-consult-with-pregnan-2026-01-08-22-11-21-utc-1-scaled.webp","articleSection":["Centros M\u00e9dicos"],"inLanguage":"es"},{"@type":"WebPage","@id":"https:\/\/agendapro.com\/blog\/historia-clinica-obstetrica\/","url":"https:\/\/agendapro.com\/blog\/historia-clinica-obstetrica\/","name":"Historia cl\u00ednica obst\u00e9trica y ginecol\u00f3gica | PDF","isPartOf":{"@id":"https:\/\/agendapro.com\/blog\/#website"},"primaryImageOfPage":{"@id":"https:\/\/agendapro.com\/blog\/historia-clinica-obstetrica\/#primaryimage"},"image":{"@id":"https:\/\/agendapro.com\/blog\/historia-clinica-obstetrica\/#primaryimage"},"thumbnailUrl":"https:\/\/agendapro.com\/blog\/wp-content\/uploads\/sites\/2\/2026\/02\/asian-female-doctor-and-nurse-consult-with-pregnan-2026-01-08-22-11-21-utc-1-scaled.webp","datePublished":"2026-04-01T21:42:43+00:00","dateModified":"2026-04-01T21:44:43+00:00","description":"Descubre la importancia de la historia cl\u00ednica obst\u00e9trica, qu\u00e9 debe contener y c\u00f3mo puede mejorar la atenci\u00f3n a la salud materna.","breadcrumb":{"@id":"https:\/\/agendapro.com\/blog\/historia-clinica-obstetrica\/#breadcrumb"},"inLanguage":"es","potentialAction":[{"@type":"ReadAction","target":["https:\/\/agendapro.com\/blog\/historia-clinica-obstetrica\/"]}]},{"@type":"ImageObject","inLanguage":"es","@id":"https:\/\/agendapro.com\/blog\/historia-clinica-obstetrica\/#primaryimage","url":"https:\/\/agendapro.com\/blog\/wp-content\/uploads\/sites\/2\/2026\/02\/asian-female-doctor-and-nurse-consult-with-pregnan-2026-01-08-22-11-21-utc-1-scaled.webp","contentUrl":"https:\/\/agendapro.com\/blog\/wp-content\/uploads\/sites\/2\/2026\/02\/asian-female-doctor-and-nurse-consult-with-pregnan-2026-01-08-22-11-21-utc-1-scaled.webp","width":2560,"height":1707},{"@type":"BreadcrumbList","@id":"https:\/\/agendapro.com\/blog\/historia-clinica-obstetrica\/#breadcrumb","itemListElement":[{"@type":"ListItem","position":1,"name":"Portada","item":"https:\/\/agendapro.com\/blog\/"},{"@type":"ListItem","position":2,"name":"Historia cl\u00ednica obst\u00e9trica: estructura, contenido y digitalizaci\u00f3n"}]},{"@type":"WebSite","@id":"https:\/\/agendapro.com\/blog\/#website","url":"https:\/\/agendapro.com\/blog\/","name":"AgendaPro Blog","description":"","publisher":{"@id":"https:\/\/agendapro.com\/blog\/#organization"},"potentialAction":[{"@type":"SearchAction","target":{"@type":"EntryPoint","urlTemplate":"https:\/\/agendapro.com\/blog\/?s={search_term_string}"},"query-input":{"@type":"PropertyValueSpecification","valueRequired":true,"valueName":"search_term_string"}}],"inLanguage":"es"},{"@type":"Organization","@id":"https:\/\/agendapro.com\/blog\/#organization","name":"AgendaPro","url":"https:\/\/agendapro.com\/blog\/","logo":{"@type":"ImageObject","inLanguage":"es","@id":"https:\/\/agendapro.com\/blog\/#\/schema\/logo\/image\/","url":"https:\/\/agendapro.com\/blog\/wp-content\/uploads\/sites\/2\/2024\/05\/screenshot.png","contentUrl":"https:\/\/agendapro.com\/blog\/wp-content\/uploads\/sites\/2\/2024\/05\/screenshot.png","width":1280,"height":720,"caption":"AgendaPro"},"image":{"@id":"https:\/\/agendapro.com\/blog\/#\/schema\/logo\/image\/"},"sameAs":["https:\/\/www.facebook.com\/agendapro","https:\/\/x.com\/agendapro","https:\/\/www.instagram.com\/agendapro_software"]},{"@type":"Person","@id":"https:\/\/agendapro.com\/blog\/#\/schema\/person\/64a69c54b900388bcb1801b47bd3874e","name":"ap-admin","image":{"@type":"ImageObject","inLanguage":"es","@id":"https:\/\/secure.gravatar.com\/avatar\/cfd4ee1cbbc1ed49853864eeb2376f2f74a4ea77e0f8a2b12af8c9ed60dcd04d?s=96&d=mm&r=g","url":"https:\/\/secure.gravatar.com\/avatar\/cfd4ee1cbbc1ed49853864eeb2376f2f74a4ea77e0f8a2b12af8c9ed60dcd04d?s=96&d=mm&r=g","contentUrl":"https:\/\/secure.gravatar.com\/avatar\/cfd4ee1cbbc1ed49853864eeb2376f2f74a4ea77e0f8a2b12af8c9ed60dcd04d?s=96&d=mm&r=g","caption":"ap-admin"},"sameAs":["http:\/\/a50f3a4aa426b4acdb296faa47b9d74e-684412451.us-west-2.elb.amazonaws.com"],"url":"https:\/\/agendapro.com\/blog\/author\/ap-admin\/"}]}},"_links":{"self":[{"href":"https:\/\/agendapro.com\/blog\/wp-json\/wp\/v2\/posts\/14813","targetHints":{"allow":["GET"]}}],"collection":[{"href":"https:\/\/agendapro.com\/blog\/wp-json\/wp\/v2\/posts"}],"about":[{"href":"https:\/\/agendapro.com\/blog\/wp-json\/wp\/v2\/types\/post"}],"author":[{"embeddable":true,"href":"https:\/\/agendapro.com\/blog\/wp-json\/wp\/v2\/users\/1"}],"replies":[{"embeddable":true,"href":"https:\/\/agendapro.com\/blog\/wp-json\/wp\/v2\/comments?post=14813"}],"version-history":[{"count":2,"href":"https:\/\/agendapro.com\/blog\/wp-json\/wp\/v2\/posts\/14813\/revisions"}],"predecessor-version":[{"id":15078,"href":"https:\/\/agendapro.com\/blog\/wp-json\/wp\/v2\/posts\/14813\/revisions\/15078"}],"wp:featuredmedia":[{"embeddable":true,"href":"https:\/\/agendapro.com\/blog\/wp-json\/wp\/v2\/media\/14814"}],"wp:attachment":[{"href":"https:\/\/agendapro.com\/blog\/wp-json\/wp\/v2\/media?parent=14813"}],"wp:term":[{"taxonomy":"category","embeddable":true,"href":"https:\/\/agendapro.com\/blog\/wp-json\/wp\/v2\/categories?post=14813"},{"taxonomy":"post_tag","embeddable":true,"href":"https:\/\/agendapro.com\/blog\/wp-json\/wp\/v2\/tags?post=14813"}],"curies":[{"name":"wp","href":"https:\/\/api.w.org\/{rel}","templated":true}]}}