{"id":15403,"date":"2026-04-27T13:10:11","date_gmt":"2026-04-27T19:10:11","guid":{"rendered":"https:\/\/agendapro.com\/blog\/?p=15403"},"modified":"2026-04-27T13:25:15","modified_gmt":"2026-04-27T19:25:15","slug":"ejas-con-henna","status":"publish","type":"post","link":"https:\/\/agendapro.com\/blog\/ejas-con-henna\/","title":{"rendered":"Cejas con henna: gu\u00eda completa de perfilado y dise\u00f1o"},"content":{"rendered":"\n<p>Si alguna vez has querido unas cejas m\u00e1s definidas, sim\u00e9tricas y con aspecto natural sin recurrir al maquillaje diario, las <strong>cejas con henna<\/strong> pueden ser exactamente lo que est\u00e1s buscando. Este tratamiento de origen milenario ha encontrado un nuevo protagonismo en los salones de belleza modernos gracias a su capacidad para perfilar, rellenar y dar forma a las cejas de manera semipermanente. En esta gu\u00eda te explicamos todo lo que necesitas saber: qu\u00e9 es, c\u00f3mo funciona, cu\u00e1nto dura y si es la opci\u00f3n adecuada para ti.<\/p>\n\n\n\n<h2 class=\"wp-block-heading\" id=\"h-que-es-la-henna-para-cejas\">\u00bfQu\u00e9 es la henna para cejas?<\/h2>\n\n\n\n<p><strong>La henna es una pasta pigmentante obtenida de las hojas secas y molidas de la planta <em>Lawsonia inermis<\/em>, <\/strong>originaria del norte de \u00c1frica, Oriente Medio y el sur de Asia. Su uso cosm\u00e9tico tiene m\u00e1s de 5,000 a\u00f1os de historia, aunque su aplicaci\u00f3n espec\u00edfica en cejas es una adaptaci\u00f3n contempor\u00e1nea del arte del tatuaje temporal con henna.<\/p>\n\n\n\n<p><strong>A diferencia de los tintes qu\u00edmicos convencionales para cejas, la henna act\u00faa ti\u00f1endo tanto el vello como la piel debajo de \u00e9l,<\/strong> lo que crea un efecto de mayor densidad y definici\u00f3n. El resultado es una ceja con aspecto m\u00e1s lleno, enmarcado y uniforme, sin necesidad de l\u00e1pices ni pomadas diarias.<\/p>\n\n\n\n<p>Existen dos categor\u00edas principales en el mercado:<\/p>\n\n\n\n<ul class=\"wp-block-list\">\n<li><strong>Henna natural o vegetal:<\/strong> elaborada exclusivamente con el pigmento de <em>Lawsonia inermis<\/em>. Produce tonos que van del anaranjado al marr\u00f3n oscuro y el negro.<\/li>\n\n\n\n<li><strong>Henna sint\u00e9tica o de color:<\/strong> mezcla de henna con pigmentos adicionales que ampl\u00eda la paleta de colores (rubios, casta\u00f1os fr\u00edos, grises). Es la m\u00e1s usada en salones profesionales porque permite personalizar el tono al tipo de cabello y piel de cada cliente.<\/li>\n<\/ul>\n\n\n\n<blockquote class=\"wp-block-quote is-layout-flow wp-block-quote-is-layout-flow\">\n<p>\u26a0\ufe0f La llamada \u00abhenna negra\u00bb que contiene PPD (<a href=\"https:\/\/aedv.es\/wp-content\/uploads\/2024\/04\/PPD.pdf\" target=\"_blank\" rel=\"noreferrer noopener nofollow\">parafenilendiamina<\/a>) <strong>no es henna verdadera<\/strong> y puede causar reacciones al\u00e9rgicas graves. Aseg\u00farate siempre de consultar los ingredientes con tu esteticista.<\/p>\n<\/blockquote>\n\n\n\n<h2 class=\"wp-block-heading\" id=\"h-tipos-de-henna-y-paleta-de-colores\">Tipos de henna y paleta de colores<\/h2>\n\n\n\n<p>Una de las grandes ventajas del <strong>dise\u00f1o de cejas con henna<\/strong> moderno es la variedad de tonos disponibles. Los salones especializados trabajan habitualmente con colores como:<\/p>\n\n\n\n<ul class=\"wp-block-list\">\n<li><strong>Rubio dorado y rubio ceniza<\/strong> \u2014 ideales para pieles muy claras o <a href=\"https:\/\/agendapro.com\/blog\/colorimetria-para-rubias-segun-tono-piel\/\">cabellos rubios<\/a> naturales.<\/li>\n\n\n\n<li><strong>Casta\u00f1o claro y casta\u00f1o medio<\/strong> \u2014 los m\u00e1s solicitados por su versatilidad.<\/li>\n\n\n\n<li><strong>Casta\u00f1o oscuro y negro suave<\/strong> \u2014 para cabello oscuro o moreno.<\/li>\n\n\n\n<li><strong>Gris y taupe<\/strong> \u2014 opci\u00f3n sofisticada para quienes buscan un resultado moderno.<\/li>\n<\/ul>\n\n\n\n<p>La mezcla de dos tonos permite al profesional crear un color completamente personalizado, adaptado al tono de piel, el color del cabello y el resultado est\u00e9tico deseado.<\/p>\n\n\n\n<h2 class=\"wp-block-heading\" id=\"h-beneficios-del-perfilado-de-cejas-con-henna\">Beneficios del perfilado de cejas con henna<\/h2>\n\n\n\n<p>El auge de la <strong>henna para cejas<\/strong> no es casualidad. Estos son los beneficios que explican por qu\u00e9 miles de personas la eligen frente a otras alternativas:<\/p>\n\n\n\n<ul class=\"wp-block-list\">\n<li><strong>Efecto relleno inmediato.<\/strong> Al pigmentar la piel y el vello simult\u00e1neamente, crea la ilusi\u00f3n \u00f3ptica de una ceja m\u00e1s poblada, incluso en zonas donde el vello es escaso o ha ca\u00eddo por depilaci\u00f3n excesiva.<\/li>\n\n\n\n<li><strong>Resultado semipermanente.<\/strong> A diferencia del maquillaje que se borra con agua o sudor, la henna dura d\u00edas o semanas seg\u00fan el \u00e1rea tratada.<\/li>\n\n\n\n<li><strong>Composici\u00f3n m\u00e1s natural.<\/strong> La henna vegetal pura no contiene amoniaco ni per\u00f3xido, lo que la convierte en una alternativa m\u00e1s suave frente a tintes oxidativos para quienes tienen sensibilidad qu\u00edmica.<\/li>\n\n\n\n<li><strong>Definici\u00f3n del arco sin necesidad de depilar de m\u00e1s.<\/strong> El dise\u00f1o previo a la aplicaci\u00f3n permite ver la forma final antes de retirar ning\u00fan vello, lo que reduce el riesgo de errores irreversibles.<\/li>\n\n\n\n<li><strong>Aporta nutrientes al vello.<\/strong> Algunos estudios sobre las propiedades de la <em>Lawsonia inermis<\/em> sugieren que sus taninos pueden fortalecer la cut\u00edcula del cabello, aunque los efectos en el vello de ceja a largo plazo a\u00fan no est\u00e1n ampliamente documentados en literatura cl\u00ednica.<\/li>\n<\/ul>\n\n\n\n<h2 class=\"wp-block-heading\" id=\"h-como-se-aplica-paso-a-paso-del-procedimiento-profesional\">C\u00f3mo se aplica: paso a paso del procedimiento profesional<\/h2>\n\n\n\n<p>El proceso completo de perfilado de <strong>cejas con henna<\/strong> en un sal\u00f3n profesional tiene una duraci\u00f3n aproximada de 45 a 60 minutos y sigue estas etapas:<\/p>\n\n\n\n<p><strong>1. Consulta y an\u00e1lisis facial<\/strong>: El especialista eval\u00faa la <a href=\"https:\/\/agendapro.com\/blog\/visagismo-del-rostro\/\">forma del rostro<\/a>, el grosor y direcci\u00f3n del vello, el tono de piel y el color del cabello para definir el dise\u00f1o y el tono de henna m\u00e1s adecuado.<\/p>\n\n\n\n<p><strong>2. Limpieza de la zona<\/strong>: Se retira cualquier resto de maquillaje, grasa o crema de la zona de las cejas. Una piel limpia garantiza mejor adhesi\u00f3n del pigmento.<\/p>\n\n\n\n<p><strong>3. Test de alergia<\/strong>: Si es la primera vez del cliente, se recomienda aplicar una peque\u00f1a cantidad de producto en el pliegue del codo entre 24 y 48 horas antes del servicio. Algunos salones lo realizan detr\u00e1s de la oreja.<\/p>\n\n\n\n<p><strong>4. Dise\u00f1o y marcado<\/strong>: Con un l\u00e1piz o hilo se dibuja la forma ideal de la ceja seg\u00fan la morfolog\u00eda facial. El cliente aprueba el dise\u00f1o antes de continuar.<\/p>\n\n\n\n<p><strong>5. Depilaci\u00f3n opcional<\/strong>: Si se va a retirar vello fuera del dise\u00f1o (con hilo, pinzas o cera), se realiza en este paso.<\/p>\n\n\n\n<p><strong>6. Preparaci\u00f3n y aplicaci\u00f3n de la henna<\/strong>: Se mezcla la henna con agua oxigenada de bajo volumen (o agua tibia, seg\u00fan la f\u00f3rmula) hasta obtener una pasta homog\u00e9nea. Se aplica capa por capa con un pincel fino, respetando el dise\u00f1o marcado.<\/p>\n\n\n\n<p><strong>7. Tiempo de exposici\u00f3n<\/strong>: La henna se deja actuar entre 10 y 20 minutos seg\u00fan la intensidad deseada y la porosidad de la piel del cliente.<\/p>\n\n\n\n<p><strong>8. Retirada y acabado<\/strong>: Se elimina el exceso con una gasa h\u00fameda. Se revisa la simetr\u00eda y se realizan los \u00faltimos retoques. El profesional entrega indicaciones de cuidado post-tratamiento.<\/p>\n\n\n\n<figure class=\"wp-block-image size-large\"><img decoding=\"async\" width=\"1779\" height=\"1778\" src=\"https:\/\/agendapro.com\/blog\/wp-content\/uploads\/sites\/2\/2026\/04\/the-process-of-dyeing-the-eyebrows-of-a-young-brun-2026-03-17-20-18-49-utc-1-edited-1.jpg\" alt=\"cejas con henna\" class=\"wp-image-15408\" srcset=\"https:\/\/agendapro.com\/blog\/wp-content\/uploads\/sites\/2\/2026\/04\/the-process-of-dyeing-the-eyebrows-of-a-young-brun-2026-03-17-20-18-49-utc-1-edited-1.jpg 1779w, https:\/\/agendapro.com\/blog\/wp-content\/uploads\/sites\/2\/2026\/04\/the-process-of-dyeing-the-eyebrows-of-a-young-brun-2026-03-17-20-18-49-utc-1-edited-1-300x300.jpg 300w, https:\/\/agendapro.com\/blog\/wp-content\/uploads\/sites\/2\/2026\/04\/the-process-of-dyeing-the-eyebrows-of-a-young-brun-2026-03-17-20-18-49-utc-1-edited-1-1024x1024.jpg 1024w, https:\/\/agendapro.com\/blog\/wp-content\/uploads\/sites\/2\/2026\/04\/the-process-of-dyeing-the-eyebrows-of-a-young-brun-2026-03-17-20-18-49-utc-1-edited-1-150x150.jpg 150w, https:\/\/agendapro.com\/blog\/wp-content\/uploads\/sites\/2\/2026\/04\/the-process-of-dyeing-the-eyebrows-of-a-young-brun-2026-03-17-20-18-49-utc-1-edited-1-768x768.jpg 768w, https:\/\/agendapro.com\/blog\/wp-content\/uploads\/sites\/2\/2026\/04\/the-process-of-dyeing-the-eyebrows-of-a-young-brun-2026-03-17-20-18-49-utc-1-edited-1-1536x1536.jpg 1536w, https:\/\/agendapro.com\/blog\/wp-content\/uploads\/sites\/2\/2026\/04\/the-process-of-dyeing-the-eyebrows-of-a-young-brun-2026-03-17-20-18-49-utc-1-edited-1-100x100.jpg 100w\" sizes=\"(max-width: 1779px) 100vw, 1779px\" \/><\/figure>\n\n\n\n<h2 class=\"wp-block-heading\" id=\"h-cuanto-dura-la-henna-en-cejas\">\u00bfCu\u00e1nto dura la henna en cejas?<\/h2>\n\n\n\n<p>Este es uno de los puntos que m\u00e1s preguntas genera, y la respuesta depende de en qu\u00e9 parte act\u00faa la henna:<\/p>\n\n\n\n<ul class=\"wp-block-list\">\n<li><strong>En el vello:<\/strong> la duraci\u00f3n oscila entre <strong>4 y 6 semanas<\/strong>, ya que el pigmento penetra en la cut\u00edcula del pelo y se desvanece gradualmente con el lavado y la exposici\u00f3n solar.<\/li>\n\n\n\n<li><strong>En la piel:<\/strong> el pigmento sobre la epidermis dura entre <strong>1 y 2 semanas<\/strong>, dependiendo del tipo de piel (las pieles grasas pierden el tono m\u00e1s r\u00e1pido), los h\u00e1bitos de limpieza facial y la exposici\u00f3n al sol.<\/li>\n<\/ul>\n\n\n\n<p>En general, el efecto \u00abceja llena\u00bb m\u00e1s visible dura la primera semana. Despu\u00e9s, aunque la piel va perdiendo el pigmento, las cejas siguen vi\u00e9ndose definidas gracias al color en el vello.<\/p>\n\n\n\n<h2 class=\"wp-block-heading\" id=\"h-a-quien-le-favorece-y-quien-debe-evitarla\">\u00bfA qui\u00e9n le favorece y qui\u00e9n debe evitarla?<\/h2>\n\n\n\n<p>El perfilado con henna es una t\u00e9cnica muy vers\u00e1til, pero no es para todo el mundo.<\/p>\n\n\n\n<p><strong>Candidatas ideales:<\/strong><\/p>\n\n\n\n<ul class=\"wp-block-list\">\n<li>Personas con cejas poco pobladas o con espacios sin vello<\/li>\n\n\n\n<li>Quienes buscan reducir el tiempo de maquillaje diario<\/li>\n\n\n\n<li>Pieles normales a secas (mejor retenci\u00f3n del pigmento)<\/li>\n\n\n\n<li>Personas que prefieren alternativas m\u00e1s naturales a los tintes qu\u00edmicos<\/li>\n<\/ul>\n\n\n\n<p><strong>Contraindicaciones y precauciones:<\/strong><\/p>\n\n\n\n<ul class=\"wp-block-list\">\n<li><strong>Embarazo y lactancia:<\/strong> por precauci\u00f3n, se recomienda evitar cualquier tinte o henna durante estos periodos, aunque la evidencia sobre riesgo directo de la henna vegetal es limitada.<\/li>\n\n\n\n<li><strong>Piel sensible o con dermatitis activa:<\/strong> puede haber irritaci\u00f3n en la zona tratada.<\/li>\n\n\n\n<li><strong>Alergia conocida a la henna o a colorantes vegetales:<\/strong> descartada mediante el test previo.<\/li>\n\n\n\n<li><strong>Pieles muy grasas:<\/strong> la duraci\u00f3n del pigmento en piel ser\u00e1 significativamente menor.<\/li>\n\n\n\n<li><strong>Zonas con heridas, eccemas o psoriasis activa:<\/strong> contraindicaci\u00f3n absoluta hasta resoluci\u00f3n.<\/li>\n<\/ul>\n\n\n\n<h3 class=\"wp-block-heading\" id=\"h-cuidados-posteriores\">Cuidados posteriores<\/h3>\n\n\n\n<p>Para prolongar al m\u00e1ximo la duraci\u00f3n de tus <strong>cejas con henna<\/strong>, sigue estas recomendaciones durante las primeras 48 horas:<\/p>\n\n\n\n<p><strong>Evita:<\/strong><\/p>\n\n\n\n<ul class=\"wp-block-list\">\n<li>Mojar las cejas o aplicar productos de limpieza directamente sobre ellas<\/li>\n\n\n\n<li>El vapor (sauna, ba\u00f1o caliente prolongado)<\/li>\n\n\n\n<li>La exposici\u00f3n solar directa sin protecci\u00f3n<\/li>\n\n\n\n<li>Aplicar maquillaje o cremas sobre la zona reci\u00e9n tratada<\/li>\n<\/ul>\n\n\n\n<p><strong>Favorece la duraci\u00f3n:<\/strong><\/p>\n\n\n\n<ul class=\"wp-block-list\">\n<li>Usa protector solar en la zona cuando te expongas al sol<\/li>\n\n\n\n<li>Limpia la zona con movimientos suaves, sin frotar<\/li>\n\n\n\n<li>Hidrata las cejas con aceites ligeros (arg\u00e1n, jojoba) a partir del segundo d\u00eda, lo que nutre el vello sin borrar el pigmento de la piel<\/li>\n<\/ul>\n\n\n\n<h2 class=\"wp-block-heading\" id=\"h-precios-del-diseno-con-henna-y-frecuencia-recomendada\">Precios del dise\u00f1o con henna y frecuencia recomendada<\/h2>\n\n\n\n<p>El costo del perfilado de cejas con henna var\u00eda seg\u00fan el pa\u00eds, el tipo de sal\u00f3n y si incluye depilaci\u00f3n. <\/p>\n\n\n\n<ul class=\"wp-block-list\">\n<li>Como referencia general en M\u00e9xico y Latinoam\u00e9rica, el servicio oscila entre <strong>$150 y $400 MXN<\/strong> en salones intermedios, y puede superar esa cifra en centros especializados o con marcas de henna premium.<\/li>\n<\/ul>\n\n\n\n<p>La frecuencia recomendada es cada <strong>3 a 5 semanas<\/strong>, dependiendo de qu\u00e9 tan r\u00e1pido crece tu vello y cu\u00e1nto tiempo dura el pigmento en tu tipo de piel.<\/p>\n\n\n\n<figure class=\"wp-block-image size-large\"><img decoding=\"async\" width=\"1024\" height=\"576\" src=\"https:\/\/agendapro.com\/blog\/wp-content\/uploads\/sites\/2\/2026\/04\/woman-having-eyebrow-coloring-procedure-at-beauty-2026-03-13-04-11-06-utc-1-1024x576.jpg\" alt=\"cejas con henna\" class=\"wp-image-15404\" srcset=\"https:\/\/agendapro.com\/blog\/wp-content\/uploads\/sites\/2\/2026\/04\/woman-having-eyebrow-coloring-procedure-at-beauty-2026-03-13-04-11-06-utc-1-1024x576.jpg 1024w, https:\/\/agendapro.com\/blog\/wp-content\/uploads\/sites\/2\/2026\/04\/woman-having-eyebrow-coloring-procedure-at-beauty-2026-03-13-04-11-06-utc-1-300x169.jpg 300w, https:\/\/agendapro.com\/blog\/wp-content\/uploads\/sites\/2\/2026\/04\/woman-having-eyebrow-coloring-procedure-at-beauty-2026-03-13-04-11-06-utc-1-768x432.jpg 768w, https:\/\/agendapro.com\/blog\/wp-content\/uploads\/sites\/2\/2026\/04\/woman-having-eyebrow-coloring-procedure-at-beauty-2026-03-13-04-11-06-utc-1-1536x864.jpg 1536w, https:\/\/agendapro.com\/blog\/wp-content\/uploads\/sites\/2\/2026\/04\/woman-having-eyebrow-coloring-procedure-at-beauty-2026-03-13-04-11-06-utc-1-2048x1152.jpg 2048w, https:\/\/agendapro.com\/blog\/wp-content\/uploads\/sites\/2\/2026\/04\/woman-having-eyebrow-coloring-procedure-at-beauty-2026-03-13-04-11-06-utc-1-178x100.jpg 178w\" sizes=\"(max-width: 1024px) 100vw, 1024px\" \/><\/figure>\n\n\n\n<p>Las <strong>cejas con henna<\/strong> ofrecen una soluci\u00f3n pr\u00e1ctica, est\u00e9tica y relativamente natural para quienes quieren unas cejas m\u00e1s definidas sin comprometerse con un tatuaje permanente. Su capacidad para pigmentar tanto el vello como la piel las convierte en una de las t\u00e9cnicas semipermanentes m\u00e1s completas del mercado, siempre que se realice con productos de calidad y por manos expertas.<\/p>\n\n\n\n<p>Si est\u00e1s pensando en probarlo, el primer paso es buscar un sal\u00f3n de confianza que realice el test de alergia previo y personalice el tono y dise\u00f1o a tu morfolog\u00eda facial. El resultado puede transformar por completo el enmarcado de tu mirada, y con los cuidados adecuados, disfrutar\u00e1s de cejas perfectas durante semanas.<\/p>\n\n\n\n<h2 class=\"wp-block-heading\" id=\"scrollspy-header-7\">D\u00f3nde hacerte tu dise\u00f1o de ceja con henna<\/h2>\n\n\n\n<figure class=\"wp-block-image\"><img decoding=\"async\" width=\"860\" height=\"283\" src=\"https:\/\/agendapro.com\/blog\/wp-content\/uploads\/sites\/2\/2026\/04\/Captura-de-pantalla-2026-04-21-a-las-11.45.28-a.-m.png\" alt=\"\" class=\"wp-image-15252\" srcset=\"https:\/\/agendapro.com\/blog\/wp-content\/uploads\/sites\/2\/2026\/04\/Captura-de-pantalla-2026-04-21-a-las-11.45.28-a.-m.png 860w, https:\/\/agendapro.com\/blog\/wp-content\/uploads\/sites\/2\/2026\/04\/Captura-de-pantalla-2026-04-21-a-las-11.45.28-a.-m-300x99.png 300w, https:\/\/agendapro.com\/blog\/wp-content\/uploads\/sites\/2\/2026\/04\/Captura-de-pantalla-2026-04-21-a-las-11.45.28-a.-m-768x253.png 768w, https:\/\/agendapro.com\/blog\/wp-content\/uploads\/sites\/2\/2026\/04\/Captura-de-pantalla-2026-04-21-a-las-11.45.28-a.-m-304x100.png 304w\" sizes=\"(max-width: 860px) 100vw, 860px\" \/><\/figure>\n\n\n\n<ul class=\"wp-block-list\">\n<li><a href=\"https:\/\/agendapro.com\/mp\/mx\/map_search\/new?searchService=dise%C3%B1o+de+ceja+&amp;coordinates={%22lat%22:19.432607,%22lng%22:-99.133209}&amp;flyTo={%22lat%22:19.432607,%22lng%22:-99.133209}&amp;showLoading=false&amp;mapBounds={%22swLat%22:19.33075,%22swLng%22:-99.176124,%22neLat%22:19.5344,%22neLng%22:-99.090294}\">Dise\u00f1o de ceja en CDMX<\/a><\/li>\n\n\n\n<li><a href=\"https:\/\/agendapro.com\/mp\/cl\/diseno-de-cejas-providencia\">Dise\u00f1o de ceja en  Chile<\/a><\/li>\n\n\n\n<li><a href=\"https:\/\/agendapro.com\/mp\/co\/visagismo-de-cejas-bogota\">Dise\u00f1o de ceja en  Colombia<\/a><\/li>\n\n\n\n<li><a href=\"https:\/\/agendapro.com\/mp\/ar\/diseno-y-perfilado-de-cejas-buenos-aires\">Dise\u00f1o de ceja en en Argentina<\/a><\/li>\n<\/ul>\n\n\n\n<hr class=\"wp-block-separator has-alpha-channel-opacity\"\/>\n\n\n\n<p>\u26a0\ufe0f <em>Este art\u00edculo es informativo. Si tienes antecedentes de alergias cut\u00e1neas, dermatitis o sensibilidad a colorantes, consulta con un dermat\u00f3logo antes de realizarte cualquier tratamiento de pigmentaci\u00f3n<\/em><\/p>\n\n\n\n<hr class=\"wp-block-separator has-alpha-channel-opacity\"\/>\n\n\n\n<h3 class=\"wp-block-heading\" id=\"h-preguntas-frecuentes-sobre-cejas-con-henna\">Preguntas frecuentes sobre cejas con henna<\/h3>\n\n\n\n<p><strong>\u00bfLas cejas con henna se ven naturales o artificiales?<\/strong><\/p>\n\n\n\n<p> Cuando las aplica un profesional con el tono adecuado al color de cabello, el resultado es muy natural. El efecto artificial suele ocurrir cuando el color elegido contrasta demasiado con el tono de piel o cuando se aplica en exceso sobre la piel.<\/p>\n\n\n\n<p><strong>\u00bfPuedo hacerme cejas con henna en casa?<\/strong><\/p>\n\n\n\n<p> Existen kits para uso dom\u00e9stico, pero el resultado profesional depende mucho del dise\u00f1o previo y la t\u00e9cnica de aplicaci\u00f3n. Si es tu primera vez, se recomienda ir a un sal\u00f3n para entender la forma correcta de tu ceja antes de intentarlo en casa.<\/p>\n\n\n\n<p><strong>\u00bfLa henna para cejas mancha la piel de forma permanente?<\/strong> <\/p>\n\n\n\n<p>No. El pigmento en la piel es completamente temporal y se desvanece en una o dos semanas a medida que las c\u00e9lulas epid\u00e9rmicas se renuevan naturalmente.<\/p>\n\n\n\n<p><strong>\u00bfPuedo hacer cejas con henna si tengo las cejas tatuadas o micropigmentadas?<\/strong><\/p>\n\n\n\n<p> S\u00ed, en la mayor\u00eda de los casos es compatible. De hecho, muchas personas usan la henna para complementar o reforzar una micropigmentaci\u00f3n que se ha ido aclarando. Consulta con tu especialista para confirmar compatibilidad seg\u00fan tu caso.<\/p>\n\n\n\n<p><strong>\u00bfLa henna da\u00f1a el vello de las cejas?<\/strong><\/p>\n\n\n\n<p> La henna vegetal pura no contiene agentes oxidantes agresivos, por lo que generalmente no da\u00f1a el vello con un uso peri\u00f3dico adecuado. Sin embargo, el uso excesivo de henna sint\u00e9tica con componentes qu\u00edmicos adicionales podr\u00eda resecar el vello con el tiempo.<\/p>\n\n\n\n<p><strong>\u00bfCu\u00e1nto tiempo tengo que dejar pasar entre una aplicaci\u00f3n y otra?<\/strong><\/p>\n\n\n\n<p> Se recomienda un m\u00ednimo de 3 semanas entre aplicaciones para respetar el ciclo natural de renovaci\u00f3n celular de la piel y evitar acumulaci\u00f3n de pigmento.<\/p>\n","protected":false},"excerpt":{"rendered":"<p>Si alguna vez has querido unas cejas m\u00e1s definidas, sim\u00e9tricas y con aspecto natural sin recurrir al maquillaje diario, las&#8230;<\/p>\n","protected":false},"author":1,"featured_media":15406,"comment_status":"closed","ping_status":"closed","sticky":false,"template":"","format":"standard","meta":{"_acf_changed":false,"footnotes":""},"categories":[14],"tags":[],"class_list":["post-15403","post","type-post","status-publish","format-standard","has-post-thumbnail","hentry","category-salones-de-belleza"],"acf":[],"yoast_head":"<!-- This site is optimized with the Yoast SEO Premium plugin v26.8 (Yoast SEO v27.4) - https:\/\/yoast.com\/product\/yoast-seo-premium-wordpress\/ -->\n<title>Cejas con henna: gu\u00eda completa de perfilado y dise\u00f1o<\/title>\n<meta name=\"description\" content=\"Descubre c\u00f3mo funciona el perfilado de cejas con henna, cu\u00e1nto dura, sus beneficios y qui\u00e9n puede hac\u00e9rselo. Gu\u00eda completa 2026.\" \/>\n<meta name=\"robots\" content=\"index, follow, max-snippet:-1, max-image-preview:large, max-video-preview:-1\" \/>\n<link rel=\"canonical\" href=\"https:\/\/agendapro.com\/blog\/ejas-con-henna\/\" \/>\n<meta property=\"og:locale\" content=\"es_ES\" \/>\n<meta property=\"og:type\" content=\"article\" \/>\n<meta property=\"og:title\" content=\"Cejas con henna: gu\u00eda completa de perfilado y dise\u00f1o\" \/>\n<meta property=\"og:description\" content=\"Descubre c\u00f3mo funciona el perfilado de cejas con henna, cu\u00e1nto dura, sus beneficios y qui\u00e9n puede hac\u00e9rselo. Gu\u00eda completa 2026.\" \/>\n<meta property=\"og:url\" content=\"https:\/\/agendapro.com\/blog\/ejas-con-henna\/\" \/>\n<meta property=\"og:site_name\" content=\"AgendaPro Blog\" \/>\n<meta property=\"article:publisher\" content=\"https:\/\/www.facebook.com\/agendapro\" \/>\n<meta property=\"article:published_time\" content=\"2026-04-27T19:10:11+00:00\" \/>\n<meta property=\"article:modified_time\" content=\"2026-04-27T19:25:15+00:00\" \/>\n<meta property=\"og:image\" content=\"https:\/\/agendapro.com\/blog\/wp-content\/uploads\/sites\/2\/2026\/04\/asian-woman-having-microblading-eyebrows-in-a-beau-2026-01-09-07-42-41-utc-1-scaled.jpg\" \/>\n\t<meta property=\"og:image:width\" content=\"2560\" \/>\n\t<meta property=\"og:image:height\" content=\"1350\" \/>\n\t<meta property=\"og:image:type\" content=\"image\/jpeg\" \/>\n<meta name=\"author\" content=\"ap-admin\" \/>\n<meta name=\"twitter:card\" content=\"summary_large_image\" \/>\n<meta name=\"twitter:creator\" content=\"@agendapro\" \/>\n<meta name=\"twitter:site\" content=\"@agendapro\" \/>\n<meta name=\"twitter:label1\" content=\"Escrito por\" \/>\n\t<meta name=\"twitter:data1\" content=\"ap-admin\" \/>\n\t<meta name=\"twitter:label2\" content=\"Tiempo de lectura\" \/>\n\t<meta name=\"twitter:data2\" content=\"9 minutos\" \/>\n<script type=\"application\/ld+json\" class=\"yoast-schema-graph\">{\"@context\":\"https:\\\/\\\/schema.org\",\"@graph\":[{\"@type\":\"Article\",\"@id\":\"https:\\\/\\\/agendapro.com\\\/blog\\\/ejas-con-henna\\\/#article\",\"isPartOf\":{\"@id\":\"https:\\\/\\\/agendapro.com\\\/blog\\\/ejas-con-henna\\\/\"},\"author\":{\"name\":\"ap-admin\",\"@id\":\"https:\\\/\\\/agendapro.com\\\/blog\\\/#\\\/schema\\\/person\\\/64a69c54b900388bcb1801b47bd3874e\"},\"headline\":\"Cejas con henna: gu\u00eda completa de perfilado y dise\u00f1o\",\"datePublished\":\"2026-04-27T19:10:11+00:00\",\"dateModified\":\"2026-04-27T19:25:15+00:00\",\"mainEntityOfPage\":{\"@id\":\"https:\\\/\\\/agendapro.com\\\/blog\\\/ejas-con-henna\\\/\"},\"wordCount\":1950,\"publisher\":{\"@id\":\"https:\\\/\\\/agendapro.com\\\/blog\\\/#organization\"},\"image\":{\"@id\":\"https:\\\/\\\/agendapro.com\\\/blog\\\/ejas-con-henna\\\/#primaryimage\"},\"thumbnailUrl\":\"https:\\\/\\\/agendapro.com\\\/blog\\\/wp-content\\\/uploads\\\/sites\\\/2\\\/2026\\\/04\\\/asian-woman-having-microblading-eyebrows-in-a-beau-2026-01-09-07-42-41-utc-1-scaled.jpg\",\"articleSection\":[\"Salones de belleza\"],\"inLanguage\":\"es\"},{\"@type\":\"WebPage\",\"@id\":\"https:\\\/\\\/agendapro.com\\\/blog\\\/ejas-con-henna\\\/\",\"url\":\"https:\\\/\\\/agendapro.com\\\/blog\\\/ejas-con-henna\\\/\",\"name\":\"Cejas con henna: gu\u00eda completa de perfilado y dise\u00f1o\",\"isPartOf\":{\"@id\":\"https:\\\/\\\/agendapro.com\\\/blog\\\/#website\"},\"primaryImageOfPage\":{\"@id\":\"https:\\\/\\\/agendapro.com\\\/blog\\\/ejas-con-henna\\\/#primaryimage\"},\"image\":{\"@id\":\"https:\\\/\\\/agendapro.com\\\/blog\\\/ejas-con-henna\\\/#primaryimage\"},\"thumbnailUrl\":\"https:\\\/\\\/agendapro.com\\\/blog\\\/wp-content\\\/uploads\\\/sites\\\/2\\\/2026\\\/04\\\/asian-woman-having-microblading-eyebrows-in-a-beau-2026-01-09-07-42-41-utc-1-scaled.jpg\",\"datePublished\":\"2026-04-27T19:10:11+00:00\",\"dateModified\":\"2026-04-27T19:25:15+00:00\",\"description\":\"Descubre c\u00f3mo funciona el perfilado de cejas con henna, cu\u00e1nto dura, sus beneficios y qui\u00e9n puede hac\u00e9rselo. Gu\u00eda completa 2026.\",\"breadcrumb\":{\"@id\":\"https:\\\/\\\/agendapro.com\\\/blog\\\/ejas-con-henna\\\/#breadcrumb\"},\"inLanguage\":\"es\",\"potentialAction\":[{\"@type\":\"ReadAction\",\"target\":[\"https:\\\/\\\/agendapro.com\\\/blog\\\/ejas-con-henna\\\/\"]}]},{\"@type\":\"ImageObject\",\"inLanguage\":\"es\",\"@id\":\"https:\\\/\\\/agendapro.com\\\/blog\\\/ejas-con-henna\\\/#primaryimage\",\"url\":\"https:\\\/\\\/agendapro.com\\\/blog\\\/wp-content\\\/uploads\\\/sites\\\/2\\\/2026\\\/04\\\/asian-woman-having-microblading-eyebrows-in-a-beau-2026-01-09-07-42-41-utc-1-scaled.jpg\",\"contentUrl\":\"https:\\\/\\\/agendapro.com\\\/blog\\\/wp-content\\\/uploads\\\/sites\\\/2\\\/2026\\\/04\\\/asian-woman-having-microblading-eyebrows-in-a-beau-2026-01-09-07-42-41-utc-1-scaled.jpg\",\"width\":2560,\"height\":1350,\"caption\":\"cejas con henna\"},{\"@type\":\"BreadcrumbList\",\"@id\":\"https:\\\/\\\/agendapro.com\\\/blog\\\/ejas-con-henna\\\/#breadcrumb\",\"itemListElement\":[{\"@type\":\"ListItem\",\"position\":1,\"name\":\"Portada\",\"item\":\"https:\\\/\\\/agendapro.com\\\/blog\\\/\"},{\"@type\":\"ListItem\",\"position\":2,\"name\":\"Cejas con henna: gu\u00eda completa de perfilado y dise\u00f1o\"}]},{\"@type\":\"WebSite\",\"@id\":\"https:\\\/\\\/agendapro.com\\\/blog\\\/#website\",\"url\":\"https:\\\/\\\/agendapro.com\\\/blog\\\/\",\"name\":\"AgendaPro Blog\",\"description\":\"\",\"publisher\":{\"@id\":\"https:\\\/\\\/agendapro.com\\\/blog\\\/#organization\"},\"potentialAction\":[{\"@type\":\"SearchAction\",\"target\":{\"@type\":\"EntryPoint\",\"urlTemplate\":\"https:\\\/\\\/agendapro.com\\\/blog\\\/?s={search_term_string}\"},\"query-input\":{\"@type\":\"PropertyValueSpecification\",\"valueRequired\":true,\"valueName\":\"search_term_string\"}}],\"inLanguage\":\"es\"},{\"@type\":\"Organization\",\"@id\":\"https:\\\/\\\/agendapro.com\\\/blog\\\/#organization\",\"name\":\"AgendaPro\",\"url\":\"https:\\\/\\\/agendapro.com\\\/blog\\\/\",\"logo\":{\"@type\":\"ImageObject\",\"inLanguage\":\"es\",\"@id\":\"https:\\\/\\\/agendapro.com\\\/blog\\\/#\\\/schema\\\/logo\\\/image\\\/\",\"url\":\"https:\\\/\\\/agendapro.com\\\/blog\\\/wp-content\\\/uploads\\\/sites\\\/2\\\/2024\\\/05\\\/screenshot.png\",\"contentUrl\":\"https:\\\/\\\/agendapro.com\\\/blog\\\/wp-content\\\/uploads\\\/sites\\\/2\\\/2024\\\/05\\\/screenshot.png\",\"width\":1280,\"height\":720,\"caption\":\"AgendaPro\"},\"image\":{\"@id\":\"https:\\\/\\\/agendapro.com\\\/blog\\\/#\\\/schema\\\/logo\\\/image\\\/\"},\"sameAs\":[\"https:\\\/\\\/www.facebook.com\\\/agendapro\",\"https:\\\/\\\/x.com\\\/agendapro\",\"https:\\\/\\\/www.instagram.com\\\/agendapro_software\"]},{\"@type\":\"Person\",\"@id\":\"https:\\\/\\\/agendapro.com\\\/blog\\\/#\\\/schema\\\/person\\\/64a69c54b900388bcb1801b47bd3874e\",\"name\":\"ap-admin\",\"image\":{\"@type\":\"ImageObject\",\"inLanguage\":\"es\",\"@id\":\"https:\\\/\\\/secure.gravatar.com\\\/avatar\\\/cfd4ee1cbbc1ed49853864eeb2376f2f74a4ea77e0f8a2b12af8c9ed60dcd04d?s=96&d=mm&r=g\",\"url\":\"https:\\\/\\\/secure.gravatar.com\\\/avatar\\\/cfd4ee1cbbc1ed49853864eeb2376f2f74a4ea77e0f8a2b12af8c9ed60dcd04d?s=96&d=mm&r=g\",\"contentUrl\":\"https:\\\/\\\/secure.gravatar.com\\\/avatar\\\/cfd4ee1cbbc1ed49853864eeb2376f2f74a4ea77e0f8a2b12af8c9ed60dcd04d?s=96&d=mm&r=g\",\"caption\":\"ap-admin\"},\"sameAs\":[\"http:\\\/\\\/a50f3a4aa426b4acdb296faa47b9d74e-684412451.us-west-2.elb.amazonaws.com\"],\"url\":\"https:\\\/\\\/agendapro.com\\\/blog\\\/author\\\/ap-admin\\\/\"}]}<\/script>\n<!-- \/ Yoast SEO Premium plugin. -->","yoast_head_json":{"title":"Cejas con henna: gu\u00eda completa de perfilado y dise\u00f1o","description":"Descubre c\u00f3mo funciona el perfilado de cejas con henna, cu\u00e1nto dura, sus beneficios y qui\u00e9n puede hac\u00e9rselo. Gu\u00eda completa 2026.","robots":{"index":"index","follow":"follow","max-snippet":"max-snippet:-1","max-image-preview":"max-image-preview:large","max-video-preview":"max-video-preview:-1"},"canonical":"https:\/\/agendapro.com\/blog\/ejas-con-henna\/","og_locale":"es_ES","og_type":"article","og_title":"Cejas con henna: gu\u00eda completa de perfilado y dise\u00f1o","og_description":"Descubre c\u00f3mo funciona el perfilado de cejas con henna, cu\u00e1nto dura, sus beneficios y qui\u00e9n puede hac\u00e9rselo. Gu\u00eda completa 2026.","og_url":"https:\/\/agendapro.com\/blog\/ejas-con-henna\/","og_site_name":"AgendaPro Blog","article_publisher":"https:\/\/www.facebook.com\/agendapro","article_published_time":"2026-04-27T19:10:11+00:00","article_modified_time":"2026-04-27T19:25:15+00:00","og_image":[{"width":2560,"height":1350,"url":"https:\/\/agendapro.com\/blog\/wp-content\/uploads\/sites\/2\/2026\/04\/asian-woman-having-microblading-eyebrows-in-a-beau-2026-01-09-07-42-41-utc-1-scaled.jpg","type":"image\/jpeg"}],"author":"ap-admin","twitter_card":"summary_large_image","twitter_creator":"@agendapro","twitter_site":"@agendapro","twitter_misc":{"Escrito por":"ap-admin","Tiempo de lectura":"9 minutos"},"schema":{"@context":"https:\/\/schema.org","@graph":[{"@type":"Article","@id":"https:\/\/agendapro.com\/blog\/ejas-con-henna\/#article","isPartOf":{"@id":"https:\/\/agendapro.com\/blog\/ejas-con-henna\/"},"author":{"name":"ap-admin","@id":"https:\/\/agendapro.com\/blog\/#\/schema\/person\/64a69c54b900388bcb1801b47bd3874e"},"headline":"Cejas con henna: gu\u00eda completa de perfilado y dise\u00f1o","datePublished":"2026-04-27T19:10:11+00:00","dateModified":"2026-04-27T19:25:15+00:00","mainEntityOfPage":{"@id":"https:\/\/agendapro.com\/blog\/ejas-con-henna\/"},"wordCount":1950,"publisher":{"@id":"https:\/\/agendapro.com\/blog\/#organization"},"image":{"@id":"https:\/\/agendapro.com\/blog\/ejas-con-henna\/#primaryimage"},"thumbnailUrl":"https:\/\/agendapro.com\/blog\/wp-content\/uploads\/sites\/2\/2026\/04\/asian-woman-having-microblading-eyebrows-in-a-beau-2026-01-09-07-42-41-utc-1-scaled.jpg","articleSection":["Salones de belleza"],"inLanguage":"es"},{"@type":"WebPage","@id":"https:\/\/agendapro.com\/blog\/ejas-con-henna\/","url":"https:\/\/agendapro.com\/blog\/ejas-con-henna\/","name":"Cejas con henna: gu\u00eda completa de perfilado y dise\u00f1o","isPartOf":{"@id":"https:\/\/agendapro.com\/blog\/#website"},"primaryImageOfPage":{"@id":"https:\/\/agendapro.com\/blog\/ejas-con-henna\/#primaryimage"},"image":{"@id":"https:\/\/agendapro.com\/blog\/ejas-con-henna\/#primaryimage"},"thumbnailUrl":"https:\/\/agendapro.com\/blog\/wp-content\/uploads\/sites\/2\/2026\/04\/asian-woman-having-microblading-eyebrows-in-a-beau-2026-01-09-07-42-41-utc-1-scaled.jpg","datePublished":"2026-04-27T19:10:11+00:00","dateModified":"2026-04-27T19:25:15+00:00","description":"Descubre c\u00f3mo funciona el perfilado de cejas con henna, cu\u00e1nto dura, sus beneficios y qui\u00e9n puede hac\u00e9rselo. Gu\u00eda completa 2026.","breadcrumb":{"@id":"https:\/\/agendapro.com\/blog\/ejas-con-henna\/#breadcrumb"},"inLanguage":"es","potentialAction":[{"@type":"ReadAction","target":["https:\/\/agendapro.com\/blog\/ejas-con-henna\/"]}]},{"@type":"ImageObject","inLanguage":"es","@id":"https:\/\/agendapro.com\/blog\/ejas-con-henna\/#primaryimage","url":"https:\/\/agendapro.com\/blog\/wp-content\/uploads\/sites\/2\/2026\/04\/asian-woman-having-microblading-eyebrows-in-a-beau-2026-01-09-07-42-41-utc-1-scaled.jpg","contentUrl":"https:\/\/agendapro.com\/blog\/wp-content\/uploads\/sites\/2\/2026\/04\/asian-woman-having-microblading-eyebrows-in-a-beau-2026-01-09-07-42-41-utc-1-scaled.jpg","width":2560,"height":1350,"caption":"cejas con henna"},{"@type":"BreadcrumbList","@id":"https:\/\/agendapro.com\/blog\/ejas-con-henna\/#breadcrumb","itemListElement":[{"@type":"ListItem","position":1,"name":"Portada","item":"https:\/\/agendapro.com\/blog\/"},{"@type":"ListItem","position":2,"name":"Cejas con henna: gu\u00eda completa de perfilado y dise\u00f1o"}]},{"@type":"WebSite","@id":"https:\/\/agendapro.com\/blog\/#website","url":"https:\/\/agendapro.com\/blog\/","name":"AgendaPro Blog","description":"","publisher":{"@id":"https:\/\/agendapro.com\/blog\/#organization"},"potentialAction":[{"@type":"SearchAction","target":{"@type":"EntryPoint","urlTemplate":"https:\/\/agendapro.com\/blog\/?s={search_term_string}"},"query-input":{"@type":"PropertyValueSpecification","valueRequired":true,"valueName":"search_term_string"}}],"inLanguage":"es"},{"@type":"Organization","@id":"https:\/\/agendapro.com\/blog\/#organization","name":"AgendaPro","url":"https:\/\/agendapro.com\/blog\/","logo":{"@type":"ImageObject","inLanguage":"es","@id":"https:\/\/agendapro.com\/blog\/#\/schema\/logo\/image\/","url":"https:\/\/agendapro.com\/blog\/wp-content\/uploads\/sites\/2\/2024\/05\/screenshot.png","contentUrl":"https:\/\/agendapro.com\/blog\/wp-content\/uploads\/sites\/2\/2024\/05\/screenshot.png","width":1280,"height":720,"caption":"AgendaPro"},"image":{"@id":"https:\/\/agendapro.com\/blog\/#\/schema\/logo\/image\/"},"sameAs":["https:\/\/www.facebook.com\/agendapro","https:\/\/x.com\/agendapro","https:\/\/www.instagram.com\/agendapro_software"]},{"@type":"Person","@id":"https:\/\/agendapro.com\/blog\/#\/schema\/person\/64a69c54b900388bcb1801b47bd3874e","name":"ap-admin","image":{"@type":"ImageObject","inLanguage":"es","@id":"https:\/\/secure.gravatar.com\/avatar\/cfd4ee1cbbc1ed49853864eeb2376f2f74a4ea77e0f8a2b12af8c9ed60dcd04d?s=96&d=mm&r=g","url":"https:\/\/secure.gravatar.com\/avatar\/cfd4ee1cbbc1ed49853864eeb2376f2f74a4ea77e0f8a2b12af8c9ed60dcd04d?s=96&d=mm&r=g","contentUrl":"https:\/\/secure.gravatar.com\/avatar\/cfd4ee1cbbc1ed49853864eeb2376f2f74a4ea77e0f8a2b12af8c9ed60dcd04d?s=96&d=mm&r=g","caption":"ap-admin"},"sameAs":["http:\/\/a50f3a4aa426b4acdb296faa47b9d74e-684412451.us-west-2.elb.amazonaws.com"],"url":"https:\/\/agendapro.com\/blog\/author\/ap-admin\/"}]}},"_links":{"self":[{"href":"https:\/\/agendapro.com\/blog\/wp-json\/wp\/v2\/posts\/15403","targetHints":{"allow":["GET"]}}],"collection":[{"href":"https:\/\/agendapro.com\/blog\/wp-json\/wp\/v2\/posts"}],"about":[{"href":"https:\/\/agendapro.com\/blog\/wp-json\/wp\/v2\/types\/post"}],"author":[{"embeddable":true,"href":"https:\/\/agendapro.com\/blog\/wp-json\/wp\/v2\/users\/1"}],"replies":[{"embeddable":true,"href":"https:\/\/agendapro.com\/blog\/wp-json\/wp\/v2\/comments?post=15403"}],"version-history":[{"count":2,"href":"https:\/\/agendapro.com\/blog\/wp-json\/wp\/v2\/posts\/15403\/revisions"}],"predecessor-version":[{"id":15419,"href":"https:\/\/agendapro.com\/blog\/wp-json\/wp\/v2\/posts\/15403\/revisions\/15419"}],"wp:featuredmedia":[{"embeddable":true,"href":"https:\/\/agendapro.com\/blog\/wp-json\/wp\/v2\/media\/15406"}],"wp:attachment":[{"href":"https:\/\/agendapro.com\/blog\/wp-json\/wp\/v2\/media?parent=15403"}],"wp:term":[{"taxonomy":"category","embeddable":true,"href":"https:\/\/agendapro.com\/blog\/wp-json\/wp\/v2\/categories?post=15403"},{"taxonomy":"post_tag","embeddable":true,"href":"https:\/\/agendapro.com\/blog\/wp-json\/wp\/v2\/tags?post=15403"}],"curies":[{"name":"wp","href":"https:\/\/api.w.org\/{rel}","templated":true}]}}