{"id":15420,"date":"2026-04-27T15:07:04","date_gmt":"2026-04-27T21:07:04","guid":{"rendered":"https:\/\/agendapro.com\/blog\/?p=15420"},"modified":"2026-04-27T16:26:56","modified_gmt":"2026-04-27T22:26:56","slug":"fkt-kinesiologia","status":"publish","type":"post","link":"https:\/\/agendapro.com\/blog\/fkt-kinesiologia\/","title":{"rendered":"FKT Kinesiolog\u00eda: qu\u00e9 es, beneficios y cu\u00e1ndo se indica"},"content":{"rendered":"\n<p>Si has tenido una lesi\u00f3n, una cirug\u00eda o un problema musculoesquel\u00e9tico, es probable que en alg\u00fan momento hayas escuchado el t\u00e9rmino <strong>FKT <a href=\"https:\/\/agendapro.com\/blog\/que-es-la-kinesiologia-y-como-puede-mejorar-tu-salud\/\">kinesiolog\u00eda<\/a><\/strong> sin saber exactamente a qu\u00e9 se refiere. No eres el \u00fanico. A pesar de ser una de las herramientas terap\u00e9uticas m\u00e1s utilizadas en rehabilitaci\u00f3n f\u00edsica, la FKT sigue siendo un concepto desconocido para la mayor\u00eda de los pacientes. En esta gu\u00eda te explicamos qu\u00e9 significa, en qu\u00e9 consiste, para qu\u00e9 sirve y cu\u00e1ndo est\u00e1 indicada.<\/p>\n\n\n\n<h2 class=\"wp-block-heading\" id=\"h-que-significa-fkt\">\u00bfQu\u00e9 significa FKT?<\/h2>\n\n\n\n<p>FKT es la sigla de <strong>Fisioterapia y Kinesioterapia<\/strong>, aunque en muchos contextos cl\u00ednicos latinoamericanos y europeos tambi\u00e9n se utiliza para referirse a <strong>Fisioterapia Kin\u00e9sica Terap\u00e9utica<\/strong> o simplemente al conjunto de t\u00e9cnicas de <strong>ejercicio terap\u00e9utico supervisado<\/strong> aplicadas dentro de la kinesiolog\u00eda.<\/p>\n\n\n\n<p>El t\u00e9rmino tiene ra\u00edces en la tradici\u00f3n m\u00e9dica italiana y espa\u00f1ola, donde la <em>chinesiotherapy<\/em> o <em>kinesiterapia<\/em> designaba espec\u00edficamente el tratamiento a trav\u00e9s del movimiento. Con el tiempo, la sigla FKT se consolid\u00f3 como una forma abreviada de referirse a los programas de rehabilitaci\u00f3n funcional basados en el movimiento activo y pasivo del cuerpo.<\/p>\n\n\n\n<p>En la pr\u00e1ctica cl\u00ednica actual, cuando un m\u00e9dico prescribe FKT, est\u00e1 indicando un programa de <strong>ejercicio terap\u00e9utico individualizado<\/strong> dise\u00f1ado y ejecutado por un kinesi\u00f3logo o fisioterapeuta, orientado a recuperar la funci\u00f3n, reducir el dolor y prevenir recidivas.<\/p>\n\n\n\n<h2 class=\"wp-block-heading\" id=\"h-que-es-la-kinesiologia-y-cual-es-su-relacion-con-la-fkt\">\u00bfQu\u00e9 es la kinesiolog\u00eda y cu\u00e1l es su relaci\u00f3n con la FKT?<\/h2>\n\n\n\n<p>Para entender la FKT es necesario tener clara la base sobre la que se apoya: la kinesiolog\u00eda.<\/p>\n\n\n\n<p>La <strong>kinesiolog\u00eda<\/strong> es la ciencia que estudia el movimiento humano desde una perspectiva anat\u00f3mica, fisiol\u00f3gica y biomec\u00e1nica. Su nombre proviene del griego <em>kinesis<\/em> (movimiento) y <em>logos<\/em> (estudio). Como disciplina cl\u00ednica, aplica ese conocimiento del movimiento para evaluar, tratar y prevenir alteraciones del sistema musculoesquel\u00e9tico, neurol\u00f3gico y cardiorrespiratorio.<\/p>\n\n\n\n<p>La <strong>FKT kinesiolog\u00eda<\/strong> representa entonces la aplicaci\u00f3n pr\u00e1ctica y terap\u00e9utica de esa ciencia: es el uso del movimiento como herramienta de tratamiento. No se trata solo de \u00abhacer ejercicios\u00bb, sino de un proceso cl\u00ednico estructurado donde cada movimiento tiene un prop\u00f3sito espec\u00edfico, una progresi\u00f3n calculada y un objetivo funcional medible.<\/p>\n\n\n\n<figure class=\"wp-block-image size-large\"><img decoding=\"async\" width=\"1024\" height=\"683\" src=\"https:\/\/agendapro.com\/blog\/wp-content\/uploads\/sites\/2\/2026\/04\/male-physiotherapist-hands-examining-knee-bandage-2026-03-10-01-04-52-utc-1-1024x683.webp\" alt=\"\" class=\"wp-image-15426\" srcset=\"https:\/\/agendapro.com\/blog\/wp-content\/uploads\/sites\/2\/2026\/04\/male-physiotherapist-hands-examining-knee-bandage-2026-03-10-01-04-52-utc-1-1024x683.webp 1024w, https:\/\/agendapro.com\/blog\/wp-content\/uploads\/sites\/2\/2026\/04\/male-physiotherapist-hands-examining-knee-bandage-2026-03-10-01-04-52-utc-1-300x200.webp 300w, https:\/\/agendapro.com\/blog\/wp-content\/uploads\/sites\/2\/2026\/04\/male-physiotherapist-hands-examining-knee-bandage-2026-03-10-01-04-52-utc-1-768x512.webp 768w, https:\/\/agendapro.com\/blog\/wp-content\/uploads\/sites\/2\/2026\/04\/male-physiotherapist-hands-examining-knee-bandage-2026-03-10-01-04-52-utc-1-1536x1024.webp 1536w, https:\/\/agendapro.com\/blog\/wp-content\/uploads\/sites\/2\/2026\/04\/male-physiotherapist-hands-examining-knee-bandage-2026-03-10-01-04-52-utc-1-2048x1365.webp 2048w, https:\/\/agendapro.com\/blog\/wp-content\/uploads\/sites\/2\/2026\/04\/male-physiotherapist-hands-examining-knee-bandage-2026-03-10-01-04-52-utc-1-150x100.webp 150w\" sizes=\"(max-width: 1024px) 100vw, 1024px\" \/><\/figure>\n\n\n\n<h2 class=\"wp-block-heading\" id=\"h-en-que-consiste-una-sesion-de-fkt-kinesiologia\">\u00bfEn qu\u00e9 consiste una sesi\u00f3n de FKT kinesiolog\u00eda?<\/h2>\n\n\n\n<p>Una sesi\u00f3n de FKT no es igual para todos los pacientes. El protocolo se dise\u00f1a de forma individualizada seg\u00fan el diagn\u00f3stico, el estado funcional del paciente y los objetivos terap\u00e9uticos. Sin embargo, la estructura general sigue estas etapas:<\/p>\n\n\n\n<h3 class=\"wp-block-heading\" id=\"h-evaluacion-inicial\">Evaluaci\u00f3n inicial<\/h3>\n\n\n\n<p>Antes de comenzar cualquier programa, el kinesi\u00f3logo realiza una valoraci\u00f3n completa que incluye:<\/p>\n\n\n\n<ul class=\"wp-block-list\">\n<li>An\u00e1lisis de la postura y los patrones de movimiento<\/li>\n\n\n\n<li>Evaluaci\u00f3n de la fuerza muscular y el rango articular<\/li>\n\n\n\n<li>Pruebas funcionales espec\u00edficas seg\u00fan la patolog\u00eda<\/li>\n\n\n\n<li>Revisi\u00f3n del <a href=\"https:\/\/agendapro.com\/blog\/ficha-clinica-para-kinesiologos\/\">historial cl\u00ednico kinesiol\u00f3gico<\/a>, estudios complementarios y prescripci\u00f3n m\u00e9dica<\/li>\n<\/ul>\n\n\n\n<p>Esta evaluaci\u00f3n es la base sobre la que se construye todo el plan de tratamiento.<\/p>\n\n\n\n<h3 class=\"wp-block-heading\" id=\"h-fase-de-calentamiento-y-movilizacion\">Fase de calentamiento y movilizaci\u00f3n<\/h3>\n\n\n\n<p>Se inicia con ejercicios de baja intensidad destinados a preparar el tejido muscular y articular, mejorar la circulaci\u00f3n local y reducir la rigidez. En patolog\u00edas agudas, esta fase puede incluir t\u00e9cnicas manuales pasivas.<\/p>\n\n\n\n<h3 class=\"wp-block-heading\" id=\"h-nucleo-del-tratamiento\">N\u00facleo del tratamiento<\/h3>\n\n\n\n<p>Es la parte central de la sesi\u00f3n, donde se aplican los ejercicios terap\u00e9uticos espec\u00edficos. Seg\u00fan el objetivo, pueden incluir:<\/p>\n\n\n\n<ul class=\"wp-block-list\">\n<li><strong>Ejercicios de fortalecimiento muscular<\/strong> con carga progresiva<\/li>\n\n\n\n<li><strong>Ejercicios de estabilizaci\u00f3n<\/strong> articular y de core<\/li>\n\n\n\n<li><strong>Entrenamiento propioceptivo<\/strong> para recuperar el control neuromuscular<\/li>\n\n\n\n<li><strong>Estiramientos activos y pasivos<\/strong> para recuperar la movilidad<\/li>\n\n\n\n<li><strong>Ejercicios funcionales<\/strong> que simulan los movimientos de la vida diaria o el deporte<\/li>\n<\/ul>\n\n\n\n<h3 class=\"wp-block-heading\" id=\"h-cierre-y-educacion-del-paciente\">Cierre y educaci\u00f3n del paciente<\/h3>\n\n\n\n<p>Cada sesi\u00f3n finaliza con una vuelta a la calma y, muy importante, con indicaciones para el trabajo aut\u00f3nomo del paciente fuera del consultorio. La educaci\u00f3n del paciente sobre su propia rehabilitaci\u00f3n es un componente central de la FKT moderna.<\/p>\n\n\n\n<h2 class=\"wp-block-heading\" id=\"h-diferencias-entre-fkt-fisioterapia-clasica-y-rehabilitacion-tradicional\">Diferencias entre FKT, fisioterapia cl\u00e1sica y rehabilitaci\u00f3n tradicional<\/h2>\n\n\n\n<p>Es com\u00fan que estos t\u00e9rminos se usen de manera intercambiable, pero existen matices importantes:<\/p>\n\n\n\n<figure class=\"wp-block-table\"><table class=\"has-fixed-layout\"><thead><tr><th>Aspecto<\/th><th>Fisioterapia cl\u00e1sica<\/th><th>Rehabilitaci\u00f3n tradicional<\/th><th>FKT Kinesiolog\u00eda<\/th><\/tr><\/thead><tbody><tr><td><strong>Enfoque principal<\/strong><\/td><td>Alivio del s\u00edntoma<\/td><td>Recuperaci\u00f3n de la funci\u00f3n b\u00e1sica<\/td><td>Recuperaci\u00f3n funcional completa<\/td><\/tr><tr><td><strong>Rol del paciente<\/strong><\/td><td>Pasivo (recibe el tratamiento)<\/td><td>Semipasivo<\/td><td>Activo y participativo<\/td><\/tr><tr><td><strong>Herramienta central<\/strong><\/td><td>Agentes f\u00edsicos (ultrasonido, TENS, calor)<\/td><td>Ejercicio guiado<\/td><td>Ejercicio terap\u00e9utico progresivo<\/td><\/tr><tr><td><strong>Objetivo final<\/strong><\/td><td>Reducir dolor e inflamaci\u00f3n<\/td><td>Volver a la vida cotidiana<\/td><td>Volver al deporte, trabajo o funci\u00f3n previa<\/td><\/tr><tr><td><strong>Duraci\u00f3n del programa<\/strong><\/td><td>Variable<\/td><td>Variable<\/td><td>Estructurada con etapas definidas<\/td><\/tr><\/tbody><\/table><\/figure>\n\n\n\n<p>La FKT no excluye a las otras modalidades; en muchos casos se combinan. Por ejemplo, un paciente puede recibir electroterapia para el dolor en la primera semana y avanzar hacia un programa de FKT intensivo en las semanas siguientes.<\/p>\n\n\n\n<h2 class=\"wp-block-heading\" id=\"h-para-que-patologias-se-indica-la-fkt-kinesiologia\">\u00bfPara qu\u00e9 patolog\u00edas se indica la FKT kinesiolog\u00eda?<\/h2>\n\n\n\n<p>La <strong>FKT kinesiolog\u00eda<\/strong> tiene un espectro de aplicaci\u00f3n muy amplio. Estas son las indicaciones m\u00e1s frecuentes:<\/p>\n\n\n\n<h3 class=\"wp-block-heading\" id=\"h-lesiones-deportivas\">Lesiones deportivas<\/h3>\n\n\n\n<p>Esguinces de tobillo y rodilla, desgarros musculares, tendinopat\u00edas, lesiones del manguito rotador y s\u00edndrome de la banda iliotibial son algunas de las patolog\u00edas m\u00e1s tratadas con FKT en el \u00e1mbito deportivo. El objetivo es recuperar la funci\u00f3n completa y prevenir reca\u00eddas.<\/p>\n\n\n\n<h3 class=\"wp-block-heading\" id=\"h-rehabilitacion-post-quirurgica\">Rehabilitaci\u00f3n post-quir\u00fargica<\/h3>\n\n\n\n<p>Despu\u00e9s de cirug\u00edas como la reconstrucci\u00f3n del ligamento cruzado anterior (LCA), artroplastias de cadera o rodilla, reparaciones del manguito rotador o artroscopias, la FKT es el pilar central del proceso de recuperaci\u00f3n. Los protocolos post-quir\u00fargicos est\u00e1n estandarizados por fases y tiempos de carga progresiva.<\/p>\n\n\n\n<h3 class=\"wp-block-heading\" id=\"h-patologias-de-columna-vertebral\">Patolog\u00edas de columna vertebral<\/h3>\n\n\n\n<p>Lumbalgia cr\u00f3nica, hernia de disco, cervicalgia mec\u00e1nica y escoliosis funcional responden bien a los programas de FKT orientados al fortalecimiento del core, la reeducaci\u00f3n postural y la mejora de la movilidad segmentaria.<\/p>\n\n\n\n<h3 class=\"wp-block-heading\" id=\"h-afecciones-neurologicas\">Afecciones neurol\u00f3gicas<\/h3>\n\n\n\n<p>En pacientes con secuelas de accidente cerebrovascular (<a href=\"https:\/\/medlineplus.gov\/spanish\/ency\/article\/000726.htm\">ACV<\/a>), esclerosis m\u00faltiple, enfermedad de Parkinson o lesiones medulares parciales, la FKT se adapta para trabajar la reeducaci\u00f3n del movimiento, el equilibrio y la coordinaci\u00f3n motora.<\/p>\n\n\n\n<h3 class=\"wp-block-heading\" id=\"h-patologias-reumatologicas-y-degenerativas\">Patolog\u00edas reumatol\u00f3gicas y degenerativas<\/h3>\n\n\n\n<p>Artritis reumatoide, artrosis de cadera y rodilla, fibromialgia y osteoporosis con fracturas por fragilidad son condiciones donde la FKT contribuye a mantener la funcionalidad, <a href=\"https:\/\/agendapro.com\/blog\/kinesiologia-y-el-dolor\/\">reducir el dolor y mejorar la calidad de vida<\/a>.<\/p>\n\n\n\n<h3 class=\"wp-block-heading\" id=\"h-rehabilitacion-cardiorrespiratoria\">Rehabilitaci\u00f3n cardiorrespiratoria<\/h3>\n\n\n\n<p>En pacientes con enfermedad pulmonar obstructiva cr\u00f3nica (EPOC), insuficiencia card\u00edaca compensada o tras cirug\u00edas card\u00edacas, los programas de FKT cardiovascular mejoran la capacidad aer\u00f3bica y la tolerancia al esfuerzo.<\/p>\n\n\n\n<figure class=\"wp-block-image size-large\"><img decoding=\"async\" width=\"1024\" height=\"726\" src=\"https:\/\/agendapro.com\/blog\/wp-content\/uploads\/sites\/2\/2026\/04\/young-sports-couple-with-kinesiological-taping-pos-2026-03-18-04-42-17-utc-1-1024x726.webp\" alt=\"FKT Kinesiolog\u00eda\" class=\"wp-image-15428\" srcset=\"https:\/\/agendapro.com\/blog\/wp-content\/uploads\/sites\/2\/2026\/04\/young-sports-couple-with-kinesiological-taping-pos-2026-03-18-04-42-17-utc-1-1024x726.webp 1024w, https:\/\/agendapro.com\/blog\/wp-content\/uploads\/sites\/2\/2026\/04\/young-sports-couple-with-kinesiological-taping-pos-2026-03-18-04-42-17-utc-1-300x213.webp 300w, https:\/\/agendapro.com\/blog\/wp-content\/uploads\/sites\/2\/2026\/04\/young-sports-couple-with-kinesiological-taping-pos-2026-03-18-04-42-17-utc-1-768x544.webp 768w, https:\/\/agendapro.com\/blog\/wp-content\/uploads\/sites\/2\/2026\/04\/young-sports-couple-with-kinesiological-taping-pos-2026-03-18-04-42-17-utc-1-1536x1088.webp 1536w, https:\/\/agendapro.com\/blog\/wp-content\/uploads\/sites\/2\/2026\/04\/young-sports-couple-with-kinesiological-taping-pos-2026-03-18-04-42-17-utc-1-2048x1451.webp 2048w, https:\/\/agendapro.com\/blog\/wp-content\/uploads\/sites\/2\/2026\/04\/young-sports-couple-with-kinesiological-taping-pos-2026-03-18-04-42-17-utc-1-141x100.webp 141w\" sizes=\"(max-width: 1024px) 100vw, 1024px\" \/><\/figure>\n\n\n\n<h2 class=\"wp-block-heading\" id=\"h-beneficios-comprobados-de-la-fkt-kinesiologia\">Beneficios comprobados de la FKT kinesiolog\u00eda<\/h2>\n\n\n\n<p>La evidencia cient\u00edfica respalda de forma s\u00f3lida el ejercicio terap\u00e9utico supervisado como intervenci\u00f3n de primera l\u00ednea en m\u00faltiples patolog\u00edas. Algunos de los beneficios documentados incluyen:<\/p>\n\n\n\n<ul class=\"wp-block-list\">\n<li><strong>Reducci\u00f3n del dolor<\/strong> mediante la modulaci\u00f3n neuromuscular y la liberaci\u00f3n de endorfinas end\u00f3genas durante el ejercicio<\/li>\n\n\n\n<li><strong>Recuperaci\u00f3n de la fuerza y la masa muscular<\/strong> perdida por inmovilizaci\u00f3n o desuso<\/li>\n\n\n\n<li><strong>Mejora del control motor y la propiocepci\u00f3n<\/strong>, reduciendo el riesgo de reca\u00edda o nueva lesi\u00f3n<\/li>\n\n\n\n<li><strong>Recuperaci\u00f3n del rango articular<\/strong> mediante el trabajo de movilidad progresiva<\/li>\n\n\n\n<li><strong>Mejora de la calidad de vida<\/strong> en pacientes con patolog\u00edas cr\u00f3nicas, seg\u00fan m\u00faltiples revisiones sistem\u00e1ticas publicadas en revistas como el <em><a href=\"https:\/\/bjsm.bmj.com\/\">British Journal of Sports Medicine<\/a><\/em> y el <em><a href=\"https:\/\/www.jospt.org\/\">Journal of Orthopaedic &amp; Sports Physical Therapy<\/a><\/em><\/li>\n\n\n\n<li><strong>Reducci\u00f3n de la dependencia a analg\u00e9sicos<\/strong> en condiciones musculoesquel\u00e9ticas cr\u00f3nicas<\/li>\n\n\n\n<li><strong>Retorno m\u00e1s r\u00e1pido a la actividad deportiva o laboral<\/strong> en comparaci\u00f3n con el reposo pasivo<\/li>\n<\/ul>\n\n\n\n<h2 class=\"wp-block-heading\" id=\"h-quien-realiza-la-fkt-kinesiologia\">\u00bfQui\u00e9n realiza la FKT kinesiolog\u00eda?<\/h2>\n\n\n\n<p>El profesional responsable de dise\u00f1ar y ejecutar un programa de FKT es el <strong>kinesi\u00f3logo<\/strong> o <strong>fisioterapeuta<\/strong>, seg\u00fan la denominaci\u00f3n del pa\u00eds. En Argentina, Chile, Uruguay y Per\u00fa se utiliza predominantemente el t\u00edtulo de kinesi\u00f3logo; en M\u00e9xico, Espa\u00f1a y Colombia es m\u00e1s com\u00fan el t\u00e9rmino fisioterapeuta, aunque ambos se refieren a profesionales con formaci\u00f3n universitaria en ciencias del movimiento y rehabilitaci\u00f3n.<\/p>\n\n\n\n<p>En contextos cl\u00ednicos complejos, el kinesi\u00f3logo trabaja dentro de un equipo interdisciplinario que puede incluir m\u00e9dicos traumat\u00f3logos, neur\u00f3logos, reumat\u00f3logos, nutricionistas y psic\u00f3logos, especialmente en procesos de rehabilitaci\u00f3n prolongados o en pacientes con m\u00faltiples patolog\u00edas.<\/p>\n\n\n\n<p>Es importante destacar que la FKT debe ser <strong>prescrita por un m\u00e9dico<\/strong> en la mayor\u00eda de los sistemas de salud, aunque en algunos pa\u00edses los kinesi\u00f3logos tienen acceso directo al paciente sin necesidad de derivaci\u00f3n m\u00e9dica previa.<\/p>\n\n\n\n<h2 class=\"wp-block-heading\" id=\"h-cuantas-sesiones-se-necesitan\">\u00bfCu\u00e1ntas sesiones se necesitan?<\/h2>\n\n\n\n<p>No existe una respuesta \u00fanica, ya que la duraci\u00f3n del tratamiento depende de varios factores:<\/p>\n\n\n\n<ul class=\"wp-block-list\">\n<li><strong>Tipo y gravedad de la patolog\u00eda:<\/strong> una tendinopat\u00eda leve puede resolverse en 8 a 12 sesiones, mientras que una rehabilitaci\u00f3n post-quir\u00fargica de LCA puede extenderse entre 6 y 9 meses<\/li>\n\n\n\n<li><strong>Tiempo de evoluci\u00f3n del problema:<\/strong> las lesiones cr\u00f3nicas suelen requerir m\u00e1s tiempo que las agudas<\/li>\n\n\n\n<li><strong>Edad y condici\u00f3n f\u00edsica del paciente:<\/strong> una persona activa f\u00edsicamente responde m\u00e1s r\u00e1pido al tratamiento<\/li>\n\n\n\n<li><strong>Adherencia al tratamiento:<\/strong> el trabajo aut\u00f3nomo del paciente fuera de las sesiones es determinante para el resultado<\/li>\n\n\n\n<li><strong>Patolog\u00edas asociadas:<\/strong> la diabetes, la obesidad o la osteoporosis pueden ralentizar el proceso de recuperaci\u00f3n<\/li>\n<\/ul>\n\n\n\n<p>Como orientaci\u00f3n general, la mayor\u00eda de los programas de FKT se estructuran en bloques de <strong>10 a 20 sesiones<\/strong>, con reevaluaciones peri\u00f3dicas para ajustar los objetivos y la intensidad del trabajo.<\/p>\n\n\n\n<figure class=\"wp-block-image size-large\"><img decoding=\"async\" width=\"1024\" height=\"683\" src=\"https:\/\/agendapro.com\/blog\/wp-content\/uploads\/sites\/2\/2026\/04\/rebuilding-arm-strength-process-2026-03-18-14-56-40-utc-1-1024x683.webp\" alt=\"FKT Kinesiolog\u00eda\" class=\"wp-image-15427\" srcset=\"https:\/\/agendapro.com\/blog\/wp-content\/uploads\/sites\/2\/2026\/04\/rebuilding-arm-strength-process-2026-03-18-14-56-40-utc-1-1024x683.webp 1024w, https:\/\/agendapro.com\/blog\/wp-content\/uploads\/sites\/2\/2026\/04\/rebuilding-arm-strength-process-2026-03-18-14-56-40-utc-1-300x200.webp 300w, https:\/\/agendapro.com\/blog\/wp-content\/uploads\/sites\/2\/2026\/04\/rebuilding-arm-strength-process-2026-03-18-14-56-40-utc-1-768x512.webp 768w, https:\/\/agendapro.com\/blog\/wp-content\/uploads\/sites\/2\/2026\/04\/rebuilding-arm-strength-process-2026-03-18-14-56-40-utc-1-1536x1024.webp 1536w\" sizes=\"(max-width: 1024px) 100vw, 1024px\" \/><\/figure>\n\n\n\n<p>La <strong>FKT kinesiolog\u00eda<\/strong> es mucho m\u00e1s que una serie de ejercicios de rehabilitaci\u00f3n. Es un proceso cl\u00ednico estructurado, basado en evidencia cient\u00edfica, que utiliza el movimiento como principal herramienta terap\u00e9utica para recuperar la funci\u00f3n, reducir el dolor y devolver al paciente a su vida activa. Desde lesiones deportivas hasta patolog\u00edas neurol\u00f3gicas o post-quir\u00fargicas, su campo de aplicaci\u00f3n es amplio y sus resultados, cuando se realiza con rigor profesional, son altamente efectivos.<\/p>\n\n\n\n<p>Si tu m\u00e9dico te ha prescrito FKT o si est\u00e1s atravesando un proceso de recuperaci\u00f3n f\u00edsica, busca un kinesi\u00f3logo certificado, comun\u00edcale tus objetivos y comprom\u00e9tete con el proceso. La rehabilitaci\u00f3n funcional es un trabajo en equipo, y tu participaci\u00f3n activa es el factor m\u00e1s importante para el \u00e9xito del tratamiento.<\/p>\n\n\n\n<h2 class=\"wp-block-heading\" id=\"scrollspy-header-7\">\u00bfBuscas kinesi\u00f3logo?<\/h2>\n\n\n\n<figure class=\"wp-block-image\"><img decoding=\"async\" width=\"860\" height=\"283\" src=\"https:\/\/agendapro.com\/blog\/wp-content\/uploads\/sites\/2\/2026\/04\/Captura-de-pantalla-2026-04-21-a-las-11.45.28-a.-m.png\" alt=\"FKT Kinesiolog\u00eda\" class=\"wp-image-15252\" srcset=\"https:\/\/agendapro.com\/blog\/wp-content\/uploads\/sites\/2\/2026\/04\/Captura-de-pantalla-2026-04-21-a-las-11.45.28-a.-m.png 860w, https:\/\/agendapro.com\/blog\/wp-content\/uploads\/sites\/2\/2026\/04\/Captura-de-pantalla-2026-04-21-a-las-11.45.28-a.-m-300x99.png 300w, https:\/\/agendapro.com\/blog\/wp-content\/uploads\/sites\/2\/2026\/04\/Captura-de-pantalla-2026-04-21-a-las-11.45.28-a.-m-768x253.png 768w, https:\/\/agendapro.com\/blog\/wp-content\/uploads\/sites\/2\/2026\/04\/Captura-de-pantalla-2026-04-21-a-las-11.45.28-a.-m-304x100.png 304w\" sizes=\"(max-width: 860px) 100vw, 860px\" \/><\/figure>\n\n\n\n<ul class=\"wp-block-list\">\n<li><a href=\"https:\/\/agendapro.com\/mp\/mx\/centros-kinesiologicos-ciudad-de-mexico\">Kinesi\u00f3logo en CDMX<\/a><\/li>\n\n\n\n<li><a href=\"https:\/\/agendapro.com\/mp\/cl\/map_search\/new?searchService=kinesiologo&amp;coordinates={%22lat%22:-33.45694,%22lng%22:-70.64827}&amp;flyTo={%22lat%22:-33.45694,%22lng%22:-70.64827}&amp;showLoading=false\">Kinesi\u00f3logo en Chile<\/a><\/li>\n\n\n\n<li><a href=\"https:\/\/agendapro.com\/mp\/co\/map_search\/new?searchService=kinesiologo&amp;coordinates={%22lng%22:-74.08322850000002,%22lat%22:4.646185356869012}&amp;flyTo={%22lat%22:4.64827,%22lng%22:-74.04827}&amp;showLoading=false&amp;hoverCoordinates={%22lat%22:4.6963528,%22lng%22:-74.03219399999999}&amp;mapBounds={%22swLat%22:4.430911,%22swLng%22:-74.169058,%22neLat%22:4.861394,%22neLng%22:-73.997399}&amp;locationIds={}\">Kinesi\u00f3logo en Colombia<\/a><\/li>\n\n\n\n<li><a href=\"https:\/\/agendapro.com\/mp\/ar\/map_search\/new?searchService=kinesiologos&amp;coordinates={%22lat%22:-34.603722,%22lng%22:-58.381557}&amp;flyTo={%22lat%22:-34.603722,%22lng%22:-58.381557}&amp;showLoading=false&amp;hoverCoordinates={%22lat%22:-34.6033188,%22lng%22:-58.37326900000001}\">Kinesi\u00f3logo en Argentina<\/a><\/li>\n<\/ul>\n\n\n\n<hr class=\"wp-block-separator has-alpha-channel-opacity\"\/>\n\n\n\n<p>\u26a0\ufe0f <em>Este art\u00edculo es informativo y no reemplaza la consulta con un profesional de la salud. Ante cualquier lesi\u00f3n, dolor persistente o limitaci\u00f3n funcional, consulta con tu m\u00e9dico o kinesi\u00f3logo antes de iniciar cualquier programa de ejercicio terap\u00e9utico.<\/em><\/p>\n\n\n\n<hr class=\"wp-block-separator has-alpha-channel-opacity\"\/>\n\n\n\n<h2 class=\"wp-block-heading\" id=\"h-preguntas-frecuentes-sobre-fkt-kinesiologia\">Preguntas frecuentes sobre FKT kinesiolog\u00eda<\/h2>\n\n\n\n<p><strong>\u00bfLa FKT duele?<\/strong> <\/p>\n\n\n\n<p>En general no deber\u00eda ser dolorosa. Es normal sentir cierta fatiga muscular o molestia leve durante ejercicios de fortalecimiento, pero el dolor intenso no es parte del proceso. Si aparece dolor durante una sesi\u00f3n, el kinesi\u00f3logo debe ajustar la carga o la t\u00e9cnica. El principio b\u00e1sico de la FKT moderna es \u00abno pain, more gain\u00bb: progresar sin generar dolor innecesario.<\/p>\n\n\n\n<p><strong>\u00bfLa FKT es lo mismo que hacer gimnasia?<\/strong><\/p>\n\n\n\n<p> No. Aunque ambas involucran movimiento y ejercicio, la FKT es un proceso cl\u00ednico individualizado, supervisado por un profesional de la salud, orientado a corregir una disfunci\u00f3n espec\u00edfica. La gimnasia tiene objetivos generales de acondicionamiento f\u00edsico. Hacer ejercicio en el gimnasio sin supervisi\u00f3n durante una lesi\u00f3n activa puede incluso empeorar el cuadro.<\/p>\n\n\n\n<p><strong>\u00bfPuedo hacer FKT kinesiolog\u00eda sin prescripci\u00f3n m\u00e9dica?<\/strong> <\/p>\n\n\n\n<p>Depende del sistema de salud de tu pa\u00eds. En algunos pa\u00edses los kinesi\u00f3logos pueden atender directamente sin derivaci\u00f3n. Sin embargo, ante cualquier lesi\u00f3n o dolor persistente, siempre es recomendable contar con un diagn\u00f3stico m\u00e9dico previo para asegurar que el tratamiento sea el adecuado.<\/p>\n\n\n\n<p><strong>\u00bfLa FKT se puede hacer en casa?<\/strong><\/p>\n\n\n\n<p> Una parte del programa s\u00ed puede realizarse en casa, especialmente los ejercicios de mantenimiento y los trabajos de movilidad o fortalecimiento de baja complejidad. Sin embargo, las fases iniciales y los ejercicios m\u00e1s espec\u00edficos requieren supervisi\u00f3n profesional para garantizar la correcta ejecuci\u00f3n t\u00e9cnica y evitar compensaciones o lesiones secundarias.<\/p>\n\n\n\n<p><strong>\u00bfCu\u00e1l es la diferencia entre FKT y masoterapia?<\/strong><\/p>\n\n\n\n<p> La masoterapia es una t\u00e9cnica manual pasiva donde el terapeuta trabaja sobre los tejidos blandos del paciente. La FKT es una intervenci\u00f3n activa en la que el paciente ejecuta movimientos terap\u00e9uticos. Ambas pueden complementarse dentro de un mismo plan de tratamiento, pero no son lo mismo ni tienen los mismos objetivos.<\/p>\n\n\n\n<p><strong>\u00bfLa FKT est\u00e1 cubierta por el seguro m\u00e9dico o la obra social?<\/strong> <\/p>\n\n\n\n<p>En muchos pa\u00edses latinoamericanos y en Espa\u00f1a, las sesiones de kinesiolog\u00eda o fisioterapia est\u00e1n cubiertas parcial o totalmente por seguros m\u00e9dicos, obras sociales o sistemas de salud p\u00fablica, siempre que exista prescripci\u00f3n m\u00e9dica. La cantidad de sesiones cubiertas var\u00eda seg\u00fan el plan y la patolog\u00eda. Consulta con tu proveedor de salud para conocer tu cobertura espec\u00edfica.<\/p>\n","protected":false},"excerpt":{"rendered":"<p>Si has tenido una lesi\u00f3n, una cirug\u00eda o un problema musculoesquel\u00e9tico, es probable que en alg\u00fan momento hayas escuchado el&#8230;<\/p>\n","protected":false},"author":1,"featured_media":15429,"comment_status":"closed","ping_status":"closed","sticky":false,"template":"","format":"standard","meta":{"_acf_changed":false,"footnotes":""},"categories":[72],"tags":[],"class_list":["post-15420","post","type-post","status-publish","format-standard","has-post-thumbnail","hentry","category-kinesiologos"],"acf":[],"yoast_head":"<!-- This site is optimized with the Yoast SEO Premium plugin v26.8 (Yoast SEO v27.4) - https:\/\/yoast.com\/product\/yoast-seo-premium-wordpress\/ -->\n<title>FKT Kinesiolog\u00eda: qu\u00e9 es, beneficios y cu\u00e1ndo se indica<\/title>\n<meta name=\"description\" content=\"Descubre qu\u00e9 es la FKT en kinesiolog\u00eda, c\u00f3mo funciona, para qu\u00e9 patolog\u00edas se indica y qu\u00e9 esperar en una sesi\u00f3n.\" \/>\n<meta name=\"robots\" content=\"index, follow, max-snippet:-1, max-image-preview:large, max-video-preview:-1\" \/>\n<link rel=\"canonical\" href=\"https:\/\/agendapro.com\/blog\/fkt-kinesiologia\/\" \/>\n<meta property=\"og:locale\" content=\"es_ES\" \/>\n<meta property=\"og:type\" content=\"article\" \/>\n<meta property=\"og:title\" content=\"FKT Kinesiolog\u00eda: qu\u00e9 es, beneficios y cu\u00e1ndo se indica\" \/>\n<meta property=\"og:description\" content=\"Descubre qu\u00e9 es la FKT en kinesiolog\u00eda, c\u00f3mo funciona, para qu\u00e9 patolog\u00edas se indica y qu\u00e9 esperar en una sesi\u00f3n.\" \/>\n<meta property=\"og:url\" content=\"https:\/\/agendapro.com\/blog\/fkt-kinesiologia\/\" \/>\n<meta property=\"og:site_name\" content=\"AgendaPro Blog\" \/>\n<meta property=\"article:publisher\" content=\"https:\/\/www.facebook.com\/agendapro\" \/>\n<meta property=\"article:published_time\" content=\"2026-04-27T21:07:04+00:00\" \/>\n<meta property=\"article:modified_time\" content=\"2026-04-27T22:26:56+00:00\" \/>\n<meta property=\"og:image\" content=\"https:\/\/agendapro.com\/blog\/wp-content\/uploads\/sites\/2\/2026\/04\/sportswoman-recovering-from-injury-2026-03-18-05-06-46-utc-1.webp\" \/>\n\t<meta property=\"og:image:width\" content=\"8121\" \/>\n\t<meta property=\"og:image:height\" content=\"5414\" \/>\n\t<meta property=\"og:image:type\" content=\"image\/webp\" \/>\n<meta name=\"author\" content=\"ap-admin\" \/>\n<meta name=\"twitter:card\" content=\"summary_large_image\" \/>\n<meta name=\"twitter:creator\" content=\"@agendapro\" \/>\n<meta name=\"twitter:site\" content=\"@agendapro\" \/>\n<meta name=\"twitter:label1\" content=\"Escrito por\" \/>\n\t<meta name=\"twitter:data1\" content=\"ap-admin\" \/>\n\t<meta name=\"twitter:label2\" content=\"Tiempo de lectura\" \/>\n\t<meta name=\"twitter:data2\" content=\"10 minutos\" \/>\n<script type=\"application\/ld+json\" class=\"yoast-schema-graph\">{\"@context\":\"https:\\\/\\\/schema.org\",\"@graph\":[{\"@type\":\"Article\",\"@id\":\"https:\\\/\\\/agendapro.com\\\/blog\\\/fkt-kinesiologia\\\/#article\",\"isPartOf\":{\"@id\":\"https:\\\/\\\/agendapro.com\\\/blog\\\/fkt-kinesiologia\\\/\"},\"author\":{\"name\":\"ap-admin\",\"@id\":\"https:\\\/\\\/agendapro.com\\\/blog\\\/#\\\/schema\\\/person\\\/64a69c54b900388bcb1801b47bd3874e\"},\"headline\":\"FKT Kinesiolog\u00eda: qu\u00e9 es, beneficios y cu\u00e1ndo se indica\",\"datePublished\":\"2026-04-27T21:07:04+00:00\",\"dateModified\":\"2026-04-27T22:26:56+00:00\",\"mainEntityOfPage\":{\"@id\":\"https:\\\/\\\/agendapro.com\\\/blog\\\/fkt-kinesiologia\\\/\"},\"wordCount\":2235,\"publisher\":{\"@id\":\"https:\\\/\\\/agendapro.com\\\/blog\\\/#organization\"},\"image\":{\"@id\":\"https:\\\/\\\/agendapro.com\\\/blog\\\/fkt-kinesiologia\\\/#primaryimage\"},\"thumbnailUrl\":\"https:\\\/\\\/agendapro.com\\\/blog\\\/wp-content\\\/uploads\\\/sites\\\/2\\\/2026\\\/04\\\/sportswoman-recovering-from-injury-2026-03-18-05-06-46-utc-1.webp\",\"articleSection\":[\"Kinesi\u00f3logos\"],\"inLanguage\":\"es\"},{\"@type\":\"WebPage\",\"@id\":\"https:\\\/\\\/agendapro.com\\\/blog\\\/fkt-kinesiologia\\\/\",\"url\":\"https:\\\/\\\/agendapro.com\\\/blog\\\/fkt-kinesiologia\\\/\",\"name\":\"FKT Kinesiolog\u00eda: qu\u00e9 es, beneficios y cu\u00e1ndo se indica\",\"isPartOf\":{\"@id\":\"https:\\\/\\\/agendapro.com\\\/blog\\\/#website\"},\"primaryImageOfPage\":{\"@id\":\"https:\\\/\\\/agendapro.com\\\/blog\\\/fkt-kinesiologia\\\/#primaryimage\"},\"image\":{\"@id\":\"https:\\\/\\\/agendapro.com\\\/blog\\\/fkt-kinesiologia\\\/#primaryimage\"},\"thumbnailUrl\":\"https:\\\/\\\/agendapro.com\\\/blog\\\/wp-content\\\/uploads\\\/sites\\\/2\\\/2026\\\/04\\\/sportswoman-recovering-from-injury-2026-03-18-05-06-46-utc-1.webp\",\"datePublished\":\"2026-04-27T21:07:04+00:00\",\"dateModified\":\"2026-04-27T22:26:56+00:00\",\"description\":\"Descubre qu\u00e9 es la FKT en kinesiolog\u00eda, c\u00f3mo funciona, para qu\u00e9 patolog\u00edas se indica y qu\u00e9 esperar en una sesi\u00f3n.\",\"breadcrumb\":{\"@id\":\"https:\\\/\\\/agendapro.com\\\/blog\\\/fkt-kinesiologia\\\/#breadcrumb\"},\"inLanguage\":\"es\",\"potentialAction\":[{\"@type\":\"ReadAction\",\"target\":[\"https:\\\/\\\/agendapro.com\\\/blog\\\/fkt-kinesiologia\\\/\"]}]},{\"@type\":\"ImageObject\",\"inLanguage\":\"es\",\"@id\":\"https:\\\/\\\/agendapro.com\\\/blog\\\/fkt-kinesiologia\\\/#primaryimage\",\"url\":\"https:\\\/\\\/agendapro.com\\\/blog\\\/wp-content\\\/uploads\\\/sites\\\/2\\\/2026\\\/04\\\/sportswoman-recovering-from-injury-2026-03-18-05-06-46-utc-1.webp\",\"contentUrl\":\"https:\\\/\\\/agendapro.com\\\/blog\\\/wp-content\\\/uploads\\\/sites\\\/2\\\/2026\\\/04\\\/sportswoman-recovering-from-injury-2026-03-18-05-06-46-utc-1.webp\",\"width\":8121,\"height\":5414,\"caption\":\"FKT Kinesiolog\u00eda\"},{\"@type\":\"BreadcrumbList\",\"@id\":\"https:\\\/\\\/agendapro.com\\\/blog\\\/fkt-kinesiologia\\\/#breadcrumb\",\"itemListElement\":[{\"@type\":\"ListItem\",\"position\":1,\"name\":\"Portada\",\"item\":\"https:\\\/\\\/agendapro.com\\\/blog\\\/\"},{\"@type\":\"ListItem\",\"position\":2,\"name\":\"FKT Kinesiolog\u00eda: qu\u00e9 es, beneficios y cu\u00e1ndo se indica\"}]},{\"@type\":\"WebSite\",\"@id\":\"https:\\\/\\\/agendapro.com\\\/blog\\\/#website\",\"url\":\"https:\\\/\\\/agendapro.com\\\/blog\\\/\",\"name\":\"AgendaPro Blog\",\"description\":\"\",\"publisher\":{\"@id\":\"https:\\\/\\\/agendapro.com\\\/blog\\\/#organization\"},\"potentialAction\":[{\"@type\":\"SearchAction\",\"target\":{\"@type\":\"EntryPoint\",\"urlTemplate\":\"https:\\\/\\\/agendapro.com\\\/blog\\\/?s={search_term_string}\"},\"query-input\":{\"@type\":\"PropertyValueSpecification\",\"valueRequired\":true,\"valueName\":\"search_term_string\"}}],\"inLanguage\":\"es\"},{\"@type\":\"Organization\",\"@id\":\"https:\\\/\\\/agendapro.com\\\/blog\\\/#organization\",\"name\":\"AgendaPro\",\"url\":\"https:\\\/\\\/agendapro.com\\\/blog\\\/\",\"logo\":{\"@type\":\"ImageObject\",\"inLanguage\":\"es\",\"@id\":\"https:\\\/\\\/agendapro.com\\\/blog\\\/#\\\/schema\\\/logo\\\/image\\\/\",\"url\":\"https:\\\/\\\/agendapro.com\\\/blog\\\/wp-content\\\/uploads\\\/sites\\\/2\\\/2024\\\/05\\\/screenshot.png\",\"contentUrl\":\"https:\\\/\\\/agendapro.com\\\/blog\\\/wp-content\\\/uploads\\\/sites\\\/2\\\/2024\\\/05\\\/screenshot.png\",\"width\":1280,\"height\":720,\"caption\":\"AgendaPro\"},\"image\":{\"@id\":\"https:\\\/\\\/agendapro.com\\\/blog\\\/#\\\/schema\\\/logo\\\/image\\\/\"},\"sameAs\":[\"https:\\\/\\\/www.facebook.com\\\/agendapro\",\"https:\\\/\\\/x.com\\\/agendapro\",\"https:\\\/\\\/www.instagram.com\\\/agendapro_software\"]},{\"@type\":\"Person\",\"@id\":\"https:\\\/\\\/agendapro.com\\\/blog\\\/#\\\/schema\\\/person\\\/64a69c54b900388bcb1801b47bd3874e\",\"name\":\"ap-admin\",\"image\":{\"@type\":\"ImageObject\",\"inLanguage\":\"es\",\"@id\":\"https:\\\/\\\/secure.gravatar.com\\\/avatar\\\/cfd4ee1cbbc1ed49853864eeb2376f2f74a4ea77e0f8a2b12af8c9ed60dcd04d?s=96&d=mm&r=g\",\"url\":\"https:\\\/\\\/secure.gravatar.com\\\/avatar\\\/cfd4ee1cbbc1ed49853864eeb2376f2f74a4ea77e0f8a2b12af8c9ed60dcd04d?s=96&d=mm&r=g\",\"contentUrl\":\"https:\\\/\\\/secure.gravatar.com\\\/avatar\\\/cfd4ee1cbbc1ed49853864eeb2376f2f74a4ea77e0f8a2b12af8c9ed60dcd04d?s=96&d=mm&r=g\",\"caption\":\"ap-admin\"},\"sameAs\":[\"http:\\\/\\\/a50f3a4aa426b4acdb296faa47b9d74e-684412451.us-west-2.elb.amazonaws.com\"],\"url\":\"https:\\\/\\\/agendapro.com\\\/blog\\\/author\\\/ap-admin\\\/\"}]}<\/script>\n<!-- \/ Yoast SEO Premium plugin. -->","yoast_head_json":{"title":"FKT Kinesiolog\u00eda: qu\u00e9 es, beneficios y cu\u00e1ndo se indica","description":"Descubre qu\u00e9 es la FKT en kinesiolog\u00eda, c\u00f3mo funciona, para qu\u00e9 patolog\u00edas se indica y qu\u00e9 esperar en una sesi\u00f3n.","robots":{"index":"index","follow":"follow","max-snippet":"max-snippet:-1","max-image-preview":"max-image-preview:large","max-video-preview":"max-video-preview:-1"},"canonical":"https:\/\/agendapro.com\/blog\/fkt-kinesiologia\/","og_locale":"es_ES","og_type":"article","og_title":"FKT Kinesiolog\u00eda: qu\u00e9 es, beneficios y cu\u00e1ndo se indica","og_description":"Descubre qu\u00e9 es la FKT en kinesiolog\u00eda, c\u00f3mo funciona, para qu\u00e9 patolog\u00edas se indica y qu\u00e9 esperar en una sesi\u00f3n.","og_url":"https:\/\/agendapro.com\/blog\/fkt-kinesiologia\/","og_site_name":"AgendaPro Blog","article_publisher":"https:\/\/www.facebook.com\/agendapro","article_published_time":"2026-04-27T21:07:04+00:00","article_modified_time":"2026-04-27T22:26:56+00:00","og_image":[{"width":8121,"height":5414,"url":"https:\/\/agendapro.com\/blog\/wp-content\/uploads\/sites\/2\/2026\/04\/sportswoman-recovering-from-injury-2026-03-18-05-06-46-utc-1.webp","type":"image\/webp"}],"author":"ap-admin","twitter_card":"summary_large_image","twitter_creator":"@agendapro","twitter_site":"@agendapro","twitter_misc":{"Escrito por":"ap-admin","Tiempo de lectura":"10 minutos"},"schema":{"@context":"https:\/\/schema.org","@graph":[{"@type":"Article","@id":"https:\/\/agendapro.com\/blog\/fkt-kinesiologia\/#article","isPartOf":{"@id":"https:\/\/agendapro.com\/blog\/fkt-kinesiologia\/"},"author":{"name":"ap-admin","@id":"https:\/\/agendapro.com\/blog\/#\/schema\/person\/64a69c54b900388bcb1801b47bd3874e"},"headline":"FKT Kinesiolog\u00eda: qu\u00e9 es, beneficios y cu\u00e1ndo se indica","datePublished":"2026-04-27T21:07:04+00:00","dateModified":"2026-04-27T22:26:56+00:00","mainEntityOfPage":{"@id":"https:\/\/agendapro.com\/blog\/fkt-kinesiologia\/"},"wordCount":2235,"publisher":{"@id":"https:\/\/agendapro.com\/blog\/#organization"},"image":{"@id":"https:\/\/agendapro.com\/blog\/fkt-kinesiologia\/#primaryimage"},"thumbnailUrl":"https:\/\/agendapro.com\/blog\/wp-content\/uploads\/sites\/2\/2026\/04\/sportswoman-recovering-from-injury-2026-03-18-05-06-46-utc-1.webp","articleSection":["Kinesi\u00f3logos"],"inLanguage":"es"},{"@type":"WebPage","@id":"https:\/\/agendapro.com\/blog\/fkt-kinesiologia\/","url":"https:\/\/agendapro.com\/blog\/fkt-kinesiologia\/","name":"FKT Kinesiolog\u00eda: qu\u00e9 es, beneficios y cu\u00e1ndo se indica","isPartOf":{"@id":"https:\/\/agendapro.com\/blog\/#website"},"primaryImageOfPage":{"@id":"https:\/\/agendapro.com\/blog\/fkt-kinesiologia\/#primaryimage"},"image":{"@id":"https:\/\/agendapro.com\/blog\/fkt-kinesiologia\/#primaryimage"},"thumbnailUrl":"https:\/\/agendapro.com\/blog\/wp-content\/uploads\/sites\/2\/2026\/04\/sportswoman-recovering-from-injury-2026-03-18-05-06-46-utc-1.webp","datePublished":"2026-04-27T21:07:04+00:00","dateModified":"2026-04-27T22:26:56+00:00","description":"Descubre qu\u00e9 es la FKT en kinesiolog\u00eda, c\u00f3mo funciona, para qu\u00e9 patolog\u00edas se indica y qu\u00e9 esperar en una sesi\u00f3n.","breadcrumb":{"@id":"https:\/\/agendapro.com\/blog\/fkt-kinesiologia\/#breadcrumb"},"inLanguage":"es","potentialAction":[{"@type":"ReadAction","target":["https:\/\/agendapro.com\/blog\/fkt-kinesiologia\/"]}]},{"@type":"ImageObject","inLanguage":"es","@id":"https:\/\/agendapro.com\/blog\/fkt-kinesiologia\/#primaryimage","url":"https:\/\/agendapro.com\/blog\/wp-content\/uploads\/sites\/2\/2026\/04\/sportswoman-recovering-from-injury-2026-03-18-05-06-46-utc-1.webp","contentUrl":"https:\/\/agendapro.com\/blog\/wp-content\/uploads\/sites\/2\/2026\/04\/sportswoman-recovering-from-injury-2026-03-18-05-06-46-utc-1.webp","width":8121,"height":5414,"caption":"FKT Kinesiolog\u00eda"},{"@type":"BreadcrumbList","@id":"https:\/\/agendapro.com\/blog\/fkt-kinesiologia\/#breadcrumb","itemListElement":[{"@type":"ListItem","position":1,"name":"Portada","item":"https:\/\/agendapro.com\/blog\/"},{"@type":"ListItem","position":2,"name":"FKT Kinesiolog\u00eda: qu\u00e9 es, beneficios y cu\u00e1ndo se indica"}]},{"@type":"WebSite","@id":"https:\/\/agendapro.com\/blog\/#website","url":"https:\/\/agendapro.com\/blog\/","name":"AgendaPro Blog","description":"","publisher":{"@id":"https:\/\/agendapro.com\/blog\/#organization"},"potentialAction":[{"@type":"SearchAction","target":{"@type":"EntryPoint","urlTemplate":"https:\/\/agendapro.com\/blog\/?s={search_term_string}"},"query-input":{"@type":"PropertyValueSpecification","valueRequired":true,"valueName":"search_term_string"}}],"inLanguage":"es"},{"@type":"Organization","@id":"https:\/\/agendapro.com\/blog\/#organization","name":"AgendaPro","url":"https:\/\/agendapro.com\/blog\/","logo":{"@type":"ImageObject","inLanguage":"es","@id":"https:\/\/agendapro.com\/blog\/#\/schema\/logo\/image\/","url":"https:\/\/agendapro.com\/blog\/wp-content\/uploads\/sites\/2\/2024\/05\/screenshot.png","contentUrl":"https:\/\/agendapro.com\/blog\/wp-content\/uploads\/sites\/2\/2024\/05\/screenshot.png","width":1280,"height":720,"caption":"AgendaPro"},"image":{"@id":"https:\/\/agendapro.com\/blog\/#\/schema\/logo\/image\/"},"sameAs":["https:\/\/www.facebook.com\/agendapro","https:\/\/x.com\/agendapro","https:\/\/www.instagram.com\/agendapro_software"]},{"@type":"Person","@id":"https:\/\/agendapro.com\/blog\/#\/schema\/person\/64a69c54b900388bcb1801b47bd3874e","name":"ap-admin","image":{"@type":"ImageObject","inLanguage":"es","@id":"https:\/\/secure.gravatar.com\/avatar\/cfd4ee1cbbc1ed49853864eeb2376f2f74a4ea77e0f8a2b12af8c9ed60dcd04d?s=96&d=mm&r=g","url":"https:\/\/secure.gravatar.com\/avatar\/cfd4ee1cbbc1ed49853864eeb2376f2f74a4ea77e0f8a2b12af8c9ed60dcd04d?s=96&d=mm&r=g","contentUrl":"https:\/\/secure.gravatar.com\/avatar\/cfd4ee1cbbc1ed49853864eeb2376f2f74a4ea77e0f8a2b12af8c9ed60dcd04d?s=96&d=mm&r=g","caption":"ap-admin"},"sameAs":["http:\/\/a50f3a4aa426b4acdb296faa47b9d74e-684412451.us-west-2.elb.amazonaws.com"],"url":"https:\/\/agendapro.com\/blog\/author\/ap-admin\/"}]}},"_links":{"self":[{"href":"https:\/\/agendapro.com\/blog\/wp-json\/wp\/v2\/posts\/15420","targetHints":{"allow":["GET"]}}],"collection":[{"href":"https:\/\/agendapro.com\/blog\/wp-json\/wp\/v2\/posts"}],"about":[{"href":"https:\/\/agendapro.com\/blog\/wp-json\/wp\/v2\/types\/post"}],"author":[{"embeddable":true,"href":"https:\/\/agendapro.com\/blog\/wp-json\/wp\/v2\/users\/1"}],"replies":[{"embeddable":true,"href":"https:\/\/agendapro.com\/blog\/wp-json\/wp\/v2\/comments?post=15420"}],"version-history":[{"count":5,"href":"https:\/\/agendapro.com\/blog\/wp-json\/wp\/v2\/posts\/15420\/revisions"}],"predecessor-version":[{"id":15438,"href":"https:\/\/agendapro.com\/blog\/wp-json\/wp\/v2\/posts\/15420\/revisions\/15438"}],"wp:featuredmedia":[{"embeddable":true,"href":"https:\/\/agendapro.com\/blog\/wp-json\/wp\/v2\/media\/15429"}],"wp:attachment":[{"href":"https:\/\/agendapro.com\/blog\/wp-json\/wp\/v2\/media?parent=15420"}],"wp:term":[{"taxonomy":"category","embeddable":true,"href":"https:\/\/agendapro.com\/blog\/wp-json\/wp\/v2\/categories?post=15420"},{"taxonomy":"post_tag","embeddable":true,"href":"https:\/\/agendapro.com\/blog\/wp-json\/wp\/v2\/tags?post=15420"}],"curies":[{"name":"wp","href":"https:\/\/api.w.org\/{rel}","templated":true}]}}