{"id":15490,"date":"2026-04-28T17:23:49","date_gmt":"2026-04-28T23:23:49","guid":{"rendered":"https:\/\/agendapro.com\/blog\/?p=15490"},"modified":"2026-04-28T17:40:45","modified_gmt":"2026-04-28T23:40:45","slug":"manicure-permanente-o-semipermanente-diferencias-cuidados-y-cual-elegir","status":"publish","type":"post","link":"https:\/\/agendapro.com\/blog\/manicure-permanente-o-semipermanente-diferencias-cuidados-y-cual-elegir\/","title":{"rendered":"Manicure permanente o semipermanente: diferencias, cuidados y cu\u00e1l elegir"},"content":{"rendered":"\n<p>La pregunta que se hacen miles de personas antes de llegar al sal\u00f3n sigue siendo la misma: \u00bfme hago el manicure permanente o el semipermanente? Aunque a simple vista ambas opciones parecen similares \u2014u\u00f1as perfectas, sin descascararse, con brillo duradero\u2014, <strong>las diferencias entre manicure permanente o semipermanente<\/strong> son significativas en t\u00e9rminos de duraci\u00f3n, proceso de retiro, impacto sobre la u\u00f1a natural y precio. Conocerlas bien te ayudar\u00e1 a tomar la decisi\u00f3n correcta para tu estilo de vida, el estado de tus u\u00f1as y tu bolsillo.<\/p>\n\n\n\n<p>En esta gu\u00eda completa encontrar\u00e1s todo lo que necesitas saber: qu\u00e9 es cada t\u00e9cnica, c\u00f3mo se aplica, cu\u00e1nto dura, cu\u00e1l da\u00f1a m\u00e1s y, sobre todo, cu\u00e1l es la mejor opci\u00f3n para ti seg\u00fan tu perfil.<\/p>\n\n\n\n<h2 class=\"wp-block-heading\" id=\"h-que-es-el-manicure-permanente\"><strong>\u00bfQu\u00e9 es el manicure permanente?<\/strong><\/h2>\n\n\n\n<p>El manicure permanente, tambi\u00e9n conocido como manicure de gel o esmaltado en gel, es una t\u00e9cnica en la que se aplican capas de esmalte en gel sobre la u\u00f1a natural (o sobre una extensi\u00f3n). Cada capa se cura o polimeriza bajo una l\u00e1mpara UV o LED, lo que genera un acabado duro, brillante y extremadamente resistente.<\/p>\n\n\n\n<p>A diferencia del esmalte com\u00fan, el gel no se seca al aire: necesita la luz ultravioleta para solidificarse y adherirse completamente a la u\u00f1a. El resultado es una superficie m\u00e1s gruesa, estructurada y duradera que el esmalte tradicional o el semipermanente.<\/p>\n\n\n\n<h2 class=\"wp-block-heading\" id=\"h-proceso-de-aplicacion-del-manicure-permanente\"><strong>Proceso de aplicaci\u00f3n del manicure permanente<\/strong><\/h2>\n\n\n\n<ol class=\"wp-block-list\">\n<li><strong>Preparaci\u00f3n<\/strong>: limpieza, empuje de cut\u00edculas y suavizado de la superficie de la u\u00f1a con lima.<\/li>\n\n\n\n<li><strong>Base de gel<\/strong>: primera capa que act\u00faa como adhesivo y se cura bajo la l\u00e1mpara.<\/li>\n\n\n\n<li><strong>Color en gel<\/strong>: 2 o 3 capas del color elegido, curando cada una.<\/li>\n\n\n\n<li><strong>Top coat de gel<\/strong>: capa selladora que da el brillo final y protege el color.<\/li>\n\n\n\n<li><strong>Limpiar el inhibidor<\/strong>: se retira la capa pegajosa residual con un limpiador espec\u00edfico.<\/li>\n<\/ol>\n\n\n\n<p><em>El proceso completo en un sal\u00f3n tarda entre 45 minutos y 1 hora, y puede incluir dise\u00f1os, nail art o extensiones seg\u00fan el servicio.<\/em><\/p>\n\n\n\n<figure class=\"wp-block-image size-large\"><img decoding=\"async\" width=\"1024\" height=\"683\" src=\"https:\/\/agendapro.com\/blog\/wp-content\/uploads\/sites\/2\/2026\/04\/manicurist-working-with-client-s-nails-at-table-c-2026-03-18-22-55-47-utc-1024x683.webp\" alt=\"\" class=\"wp-image-15493\" srcset=\"https:\/\/agendapro.com\/blog\/wp-content\/uploads\/sites\/2\/2026\/04\/manicurist-working-with-client-s-nails-at-table-c-2026-03-18-22-55-47-utc-1024x683.webp 1024w, https:\/\/agendapro.com\/blog\/wp-content\/uploads\/sites\/2\/2026\/04\/manicurist-working-with-client-s-nails-at-table-c-2026-03-18-22-55-47-utc-300x200.webp 300w, https:\/\/agendapro.com\/blog\/wp-content\/uploads\/sites\/2\/2026\/04\/manicurist-working-with-client-s-nails-at-table-c-2026-03-18-22-55-47-utc-768x512.webp 768w, https:\/\/agendapro.com\/blog\/wp-content\/uploads\/sites\/2\/2026\/04\/manicurist-working-with-client-s-nails-at-table-c-2026-03-18-22-55-47-utc-1536x1024.webp 1536w, https:\/\/agendapro.com\/blog\/wp-content\/uploads\/sites\/2\/2026\/04\/manicurist-working-with-client-s-nails-at-table-c-2026-03-18-22-55-47-utc-2048x1365.webp 2048w, https:\/\/agendapro.com\/blog\/wp-content\/uploads\/sites\/2\/2026\/04\/manicurist-working-with-client-s-nails-at-table-c-2026-03-18-22-55-47-utc-150x100.webp 150w\" sizes=\"(max-width: 1024px) 100vw, 1024px\" \/><\/figure>\n\n\n\n<h2 class=\"wp-block-heading\" id=\"h-que-es-el-manicure-semipermanente\"><strong>\u00bfQu\u00e9 es el manicure semipermanente?<\/strong><\/h2>\n\n\n\n<p>El manicure semipermanente, tambi\u00e9n llamado esmaltado semipermanente o shellac (por la marca que lo populariz\u00f3), es una t\u00e9cnica h\u00edbrida entre el esmalte tradicional y el gel. Su f\u00f3rmula combina pigmentos de esmalte con resinas de gel en menor proporci\u00f3n, lo que da como resultado un acabado fino, flexible y con muy buen color, pero de menor duraci\u00f3n que el permanente.<\/p>\n\n\n\n<p>Al igual que el gel, el semipermanente necesita curarse bajo l\u00e1mpara UV o LED. Sin embargo, su consistencia es mucho m\u00e1s parecida a la del esmalte convencional: se aplica en capas delgadas, no aporta grosor adicional y respeta mejor la flexibilidad natural de la u\u00f1a.<\/p>\n\n\n\n<h3 class=\"wp-block-heading\" id=\"h-proceso-de-aplicacion-del-manicure-semipermanente\"><strong>Proceso de aplicaci\u00f3n del manicure semipermanente<\/strong><\/h3>\n\n\n\n<ol class=\"wp-block-list\">\n<li><strong>Preparaci\u00f3n<\/strong>: igual que en el permanente, se limpian y preparan las u\u00f1as.<\/li>\n\n\n\n<li><strong>Base semipermanente<\/strong>: capa fina de adhesi\u00f3n, curada bajo l\u00e1mpara.<\/li>\n\n\n\n<li><strong>Color semipermanente<\/strong>: 2 capas del tono elegido con curado entre cada una.<\/li>\n\n\n\n<li><strong>Top coat<\/strong>: capa protectora final curada bajo la l\u00e1mpara.<\/li>\n<\/ol>\n\n\n\n<p><em>El proceso es m\u00e1s r\u00e1pido que el permanente: entre 30 y 45 minutos en promedio.<\/em><\/p>\n\n\n\n<h2 class=\"wp-block-heading\" id=\"h-tabla-comparativa-manicure-permanente-o-semipermanente\"><strong>Tabla comparativa: manicure permanente o semipermanente<\/strong><\/h2>\n\n\n\n<p>Aqu\u00ed tienes un resumen visual de las principales diferencias para que puedas comparar de un solo vistazo:<\/p>\n\n\n\n<figure class=\"wp-block-table\"><table class=\"has-fixed-layout\"><tbody><tr><td><strong>Caracter\u00edstica<\/strong><\/td><td><strong>Manicure permanente (gel)<\/strong><\/td><td><strong>Manicure semipermanente<\/strong><\/td><\/tr><tr><td><strong>Duraci\u00f3n<\/strong><\/td><td>3 a 6 semanas (hasta 8 con cuidado)<\/td><td>2 a 3 semanas<\/td><\/tr><tr><td><strong>Grosor<\/strong><\/td><td>Mayor (a\u00f1ade estructura)<\/td><td>Fino, similar al esmalte<\/td><\/tr><tr><td><strong>Retiro<\/strong><\/td><td>Requiere lima + acetona profesional<\/td><td>Acetona 10-15 min en casa<\/td><\/tr><tr><td><strong>Da\u00f1o potencial<\/strong><\/td><td>Mayor si se retira mal<\/td><td>Menor, m\u00e1s respetuoso<\/td><\/tr><tr><td><strong>Precio promedio<\/strong><\/td><td>$300\u2013$600 MXN por servicio<\/td><td>$150\u2013$350 MXN por servicio<\/td><\/tr><tr><td><strong>\u00bfFortalece la u\u00f1a?<\/strong><\/td><td>S\u00ed, a\u00f1ade capa protectora<\/td><td>No refuerza, solo cubre<\/td><\/tr><tr><td><strong>Mantenimiento<\/strong><\/td><td>Relleno cada 3\u20134 semanas<\/td><td>Cambio completo cada 2\u20133 sem.<\/td><\/tr><tr><td><strong>U\u00f1as cortas\/fr\u00e1giles<\/strong><\/td><td>Ideal (da longitud y forma)<\/td><td>Menos adecuado<\/td><\/tr><tr><td><strong>U\u00f1as naturales sanas<\/strong><\/td><td>Puede usarse con cuidado<\/td><td>Opci\u00f3n m\u00e1s recomendada<\/td><\/tr><\/tbody><\/table><\/figure>\n\n\n\n<p><strong>Duraci\u00f3n real de cada uno<\/strong><\/p>\n\n\n\n<p>La duraci\u00f3n es probablemente el factor que m\u00e1s peso tiene a la hora de elegir entre una t\u00e9cnica y otra.<\/p>\n\n\n\n<ul class=\"wp-block-list\">\n<li><strong>Manicure permanente: <\/strong>dura entre 3 y 6 semanas en condiciones normales. Con buen cuidado y u\u00f1as que no crecen muy r\u00e1pido, puede llegar hasta 8 semanas antes de necesitar un relleno.<\/li>\n\n\n\n<li><strong>Manicure semipermanente: <\/strong>su duraci\u00f3n oscila entre 2 y 3 semanas. Pasado ese tiempo, el crecimiento de la u\u00f1a natural deja una zona sin cubrir en la base que resulta antiest\u00e9tica.<\/li>\n<\/ul>\n\n\n\n<p>Sin embargo, la duraci\u00f3n real depende de varios factores m\u00e1s all\u00e1 de la t\u00e9cnica:<\/p>\n\n\n\n<ul class=\"wp-block-list\">\n<li>Velocidad de crecimiento de la u\u00f1a natural.<\/li>\n\n\n\n<li>Exposici\u00f3n al agua, detergentes o productos qu\u00edmicos.<\/li>\n\n\n\n<li>Uso de guantes al fregar o limpiar (pr\u00e1ctica muy recomendada en ambos casos).<\/li>\n\n\n\n<li>Calidad de los productos utilizados y habilidad de la nail tech.<\/li>\n\n\n\n<li>Cuidados posteriores al servicio (cut\u00edculas hidratadas, evitar despegar la u\u00f1a).<\/li>\n<\/ul>\n\n\n\n<figure class=\"wp-block-image size-large\"><img decoding=\"async\" width=\"1024\" height=\"559\" src=\"https:\/\/agendapro.com\/blog\/wp-content\/uploads\/sites\/2\/2026\/04\/Gemini_Generated_Image_46it7d46it7d46it-1024x559.webp\" alt=\"\" class=\"wp-image-15103\" srcset=\"https:\/\/agendapro.com\/blog\/wp-content\/uploads\/sites\/2\/2026\/04\/Gemini_Generated_Image_46it7d46it7d46it-1024x559.webp 1024w, https:\/\/agendapro.com\/blog\/wp-content\/uploads\/sites\/2\/2026\/04\/Gemini_Generated_Image_46it7d46it7d46it-300x164.webp 300w, https:\/\/agendapro.com\/blog\/wp-content\/uploads\/sites\/2\/2026\/04\/Gemini_Generated_Image_46it7d46it7d46it-768x419.webp 768w, https:\/\/agendapro.com\/blog\/wp-content\/uploads\/sites\/2\/2026\/04\/Gemini_Generated_Image_46it7d46it7d46it-1536x838.webp 1536w, https:\/\/agendapro.com\/blog\/wp-content\/uploads\/sites\/2\/2026\/04\/Gemini_Generated_Image_46it7d46it7d46it-2048x1117.webp 2048w, https:\/\/agendapro.com\/blog\/wp-content\/uploads\/sites\/2\/2026\/04\/Gemini_Generated_Image_46it7d46it7d46it-183x100.webp 183w\" sizes=\"(max-width: 1024px) 100vw, 1024px\" \/><\/figure>\n\n\n\n<h2 class=\"wp-block-heading\" id=\"h-cual-dana-mas-la-una-natural\"><strong>\u00bfCu\u00e1l da\u00f1a m\u00e1s la u\u00f1a natural?<\/strong><\/h2>\n\n\n\n<p>Esta es quiz\u00e1 la pregunta m\u00e1s frecuente y m\u00e1s importante, especialmente para quienes ya tienen u\u00f1as fr\u00e1giles o da\u00f1adas. La respuesta honesta es que ninguna de las dos t\u00e9cnicas da\u00f1a la u\u00f1a por s\u00ed misma cuando se aplica y retira correctamente. El da\u00f1o ocurre principalmente por:<\/p>\n\n\n\n<ul class=\"wp-block-list\">\n<li><strong>Retiro incorrecto: <\/strong>despegar el gel o el semipermanente a la fuerza sin acetona es la causa n\u00famero uno de da\u00f1o en la u\u00f1a natural, generando deslaminaci\u00f3n (separaci\u00f3n de capas) y adelgazamiento.<\/li>\n\n\n\n<li><strong>Laminado excesivo durante la preparaci\u00f3n: <\/strong>limar demasiado la u\u00f1a antes de la aplicaci\u00f3n debilita la placa ungueal de forma acumulativa.<\/li>\n\n\n\n<li><strong>Uso continuo sin descanso: <\/strong>las u\u00f1as necesitan per\u00edodos de descanso para recuperar su hidrataci\u00f3n natural. Se recomienda dejar las u\u00f1as libres de gel al menos 1 semana cada 3-4 meses.<\/li>\n<\/ul>\n\n\n\n<p>Dicho esto, el manicure permanente implica un proceso de retiro m\u00e1s agresivo (m\u00e1s tiempo con acetona y m\u00e1s laminado), por lo que estad\u00edsticamente tiene mayor potencial de da\u00f1o acumulativo que el semipermanente, sobre todo si el retiro se hace en casa sin la t\u00e9cnica adecuada.<\/p>\n\n\n\n<p><em>Recomendaci\u00f3n de dermat\u00f3logos: si tienes u\u00f1as muy delgadas, onic\u00f3lisis (u\u00f1a que se despega del lecho) o cualquier condici\u00f3n ungueal, consulta a un especialista antes de aplicar cualquier t\u00e9cnica de gel.<\/em><\/p>\n\n\n\n<h2 class=\"wp-block-heading\" id=\"h-como-se-retira-cada-uno-correctamente\"><strong>C\u00f3mo se retira cada uno correctamente<\/strong><\/h2>\n\n\n\n<p><strong>Retiro del manicure permanente<\/strong><\/p>\n\n\n\n<p>Por su mayor dureza, el gel permanente requiere un proceso de retiro m\u00e1s cuidadoso, que idealmente debe realizarse en el sal\u00f3n:<\/p>\n\n\n\n<ol class=\"wp-block-list\">\n<li><strong>Limar la capa superior<\/strong>: se rompe el sellado del top coat con una lima de baja abrasi\u00f3n para que la acetona pueda penetrar.<\/li>\n\n\n\n<li><strong>Empapar con acetona<\/strong>: se envuelven las u\u00f1as en algodones impregnados de acetona pura y se cubren con papel aluminio durante 15-20 minutos.<\/li>\n\n\n\n<li><strong>Retirar el gel reblandecido<\/strong>: con un palito de madera se desliza suavemente el gel sin raspar.<\/li>\n\n\n\n<li><strong>Hidratar<\/strong>: aplicar aceite de cut\u00edculas y crema de manos inmediatamente despu\u00e9s.<\/li>\n<\/ol>\n\n\n\n<p><strong>Retiro del manicure semipermanente<\/strong><\/p>\n\n\n\n<p>Al ser una f\u00f3rmula m\u00e1s delgada y flexible, el semipermanente puede retirarse en casa con mayor facilidad:<\/p>\n\n\n\n<ol class=\"wp-block-list\">\n<li><strong>Limar levemente la superficie<\/strong>: solo para romper el sellado, sin limar la u\u00f1a natural.<\/li>\n\n\n\n<li><strong>Acetona en algod\u00f3n<\/strong>: envolver cada u\u00f1a durante 10-15 minutos.<\/li>\n\n\n\n<li><strong>Deslizar el producto reblandecido<\/strong>: con palito de madera, sin forzar.<\/li>\n\n\n\n<li><strong>Hidratar bien<\/strong>: aceite de cut\u00edculas y crema hidratante.<\/li>\n<\/ol>\n\n\n\n<p><em>Error m\u00e1s com\u00fan: intentar despegar el semipermanente con las propias u\u00f1as o un objeto duro. Esto no solo da\u00f1a la u\u00f1a, sino que puede llevar semanas de recuperaci\u00f3n.<\/em><\/p>\n\n\n\n<h2 class=\"wp-block-heading\" id=\"h-cuidados-para-que-tu-manicure-dure-mas\"><strong>Cuidados para que tu manicure dure m\u00e1s<\/strong><\/h2>\n\n\n\n<p><strong>Antes del servicio<\/strong><\/p>\n\n\n\n<ul class=\"wp-block-list\">\n<li>Llega con las u\u00f1as limpias y sin esmalte previo.<\/li>\n\n\n\n<li>Evita aplicar cremas o aceites el d\u00eda del servicio (dificultan la adherencia).<\/li>\n\n\n\n<li>Informa a tu nail tech sobre el estado de tus u\u00f1as: fragilidad, hongos o alergias previas.<\/li>\n<\/ul>\n\n\n\n<p><strong>Durante las primeras 24 horas<\/strong><\/p>\n\n\n\n<ul class=\"wp-block-list\">\n<li>Evita el contacto prolongado con agua y el calor intenso (sauna, ba\u00f1os muy calientes).<\/li>\n\n\n\n<li>No manipules objetos que puedan presionar o doblar las u\u00f1as reci\u00e9n tratadas.<\/li>\n<\/ul>\n\n\n\n<p><strong>Para mantener el manicure en buen estado<\/strong><\/p>\n\n\n\n<ul class=\"wp-block-list\">\n<li>Usa guantes al lavar los platos, limpiar o usar productos de limpieza.<\/li>\n\n\n\n<li>Aplica aceite de cut\u00edculas diariamente: hidrata la piel alrededor y previene el levantamiento del gel.<\/li>\n\n\n\n<li>No uses las u\u00f1as como herramientas (abrir latas, rascar etiquetas).<\/li>\n\n\n\n<li>Aplica protector solar tambi\u00e9n en las manos si usas l\u00e1mpara UV frecuentemente.<\/li>\n\n\n\n<li>Programa tu siguiente cita antes de que el crecimiento sea demasiado visible.<\/li>\n<\/ul>\n\n\n\n<figure class=\"wp-block-image size-large\"><img decoding=\"async\" width=\"1024\" height=\"683\" src=\"https:\/\/agendapro.com\/blog\/wp-content\/uploads\/sites\/2\/2026\/04\/hands-dry-skin-and-woman-with-cream-for-studio-sk-2026-03-25-06-51-17-utc-1-1024x683.webp\" alt=\"Manicure permanente o semipermanente \" class=\"wp-image-15491\" srcset=\"https:\/\/agendapro.com\/blog\/wp-content\/uploads\/sites\/2\/2026\/04\/hands-dry-skin-and-woman-with-cream-for-studio-sk-2026-03-25-06-51-17-utc-1-1024x683.webp 1024w, https:\/\/agendapro.com\/blog\/wp-content\/uploads\/sites\/2\/2026\/04\/hands-dry-skin-and-woman-with-cream-for-studio-sk-2026-03-25-06-51-17-utc-1-300x200.webp 300w, https:\/\/agendapro.com\/blog\/wp-content\/uploads\/sites\/2\/2026\/04\/hands-dry-skin-and-woman-with-cream-for-studio-sk-2026-03-25-06-51-17-utc-1-768x512.webp 768w, https:\/\/agendapro.com\/blog\/wp-content\/uploads\/sites\/2\/2026\/04\/hands-dry-skin-and-woman-with-cream-for-studio-sk-2026-03-25-06-51-17-utc-1-1536x1025.webp 1536w, https:\/\/agendapro.com\/blog\/wp-content\/uploads\/sites\/2\/2026\/04\/hands-dry-skin-and-woman-with-cream-for-studio-sk-2026-03-25-06-51-17-utc-1-2048x1366.webp 2048w, https:\/\/agendapro.com\/blog\/wp-content\/uploads\/sites\/2\/2026\/04\/hands-dry-skin-and-woman-with-cream-for-studio-sk-2026-03-25-06-51-17-utc-1-150x100.webp 150w\" sizes=\"(max-width: 1024px) 100vw, 1024px\" \/><\/figure>\n\n\n\n<h2 class=\"wp-block-heading\" id=\"h-cual-te-conviene-segun-tu-estilo-de-vida\"><strong>\u00bfCu\u00e1l te conviene seg\u00fan tu estilo de vida?<\/strong><\/h2>\n\n\n\n<p>No existe una t\u00e9cnica objetivamente mejor: la elecci\u00f3n ideal depende de tu situaci\u00f3n personal. Esta tabla te ayudar\u00e1 a decidir:<\/p>\n\n\n\n<figure class=\"wp-block-table\"><table class=\"has-fixed-layout\"><tbody><tr><td><strong>Tu perfil<\/strong><\/td><td><strong>Te conviene<\/strong><\/td><td><strong>Por qu\u00e9<\/strong><\/td><\/tr><tr><td><strong>U\u00f1as cortas o quebradizas<\/strong><\/td><td><strong>Permanente<\/strong><\/td><td>Aporta estructura y longitud extra<\/td><\/tr><tr><td><strong>Quiero cambiar de color seguido<\/strong><\/td><td><strong>Semipermanente<\/strong><\/td><td>Retiro f\u00e1cil, m\u00e1s variedad<\/td><\/tr><tr><td><strong>Trabajo con las manos (agua, qu\u00edmicos)<\/strong><\/td><td><strong>Permanente<\/strong><\/td><td>Mayor resistencia al desgaste<\/td><\/tr><tr><td><strong>Embarazada o sensibilidad qu\u00edmica<\/strong><\/td><td><strong>Semipermanente<\/strong><\/td><td>Menos componentes agresivos<\/td><\/tr><tr><td><strong>Primera vez \/ u\u00f1as muy sanas<\/strong><\/td><td><strong>Semipermanente<\/strong><\/td><td>Menor riesgo y m\u00e1s f\u00e1cil de probar<\/td><\/tr><tr><td><strong>Evento especial (boda, viaje)<\/strong><\/td><td><strong>Permanente<\/strong><\/td><td>Dura m\u00e1s sin necesidad de retoque<\/td><\/tr><tr><td><strong>Presupuesto ajustado<\/strong><\/td><td><strong>Semipermanente<\/strong><\/td><td>Menor costo por servicio<\/td><\/tr><\/tbody><\/table><\/figure>\n\n\n\n<h2 class=\"wp-block-heading\" id=\"h-para-nail-studios-y-salones-gestiona-tus-citas-con-agendapro\"><strong>Para nail studios y salones: gestiona tus citas con AgendaPro<\/strong><\/h2>\n\n\n\n<p>Si ofreces servicios de manicure permanente o semipermanente en tu sal\u00f3n o nail studio, la experiencia de tu clienta empieza mucho antes de la aplicaci\u00f3n: empieza cuando intenta agendar su cita. Con <a href=\"https:\/\/agendapro.com\/mx\">AgendaPro<\/a> puedes automatizar toda esa gesti\u00f3n y enfocarte en lo que mejor sabes hacer.<\/p>\n\n\n\n<ul class=\"wp-block-list\">\n<li><strong><a href=\"https:\/\/agendapro.com\/mx\/agenda-online\">Agenda online 24\/7<\/a>: <\/strong>tus clientas reservan su manicure desde el celular, en cualquier momento, sin llamadas.<\/li>\n\n\n\n<li><strong><a href=\"https:\/\/agendapro.com\/mx\/recordatorios-automaticos\">Recordatorios autom\u00e1ticos por WhatsApp<\/a>, SMS o email: <\/strong>reduce las ausencias y los olvidos de cita.<\/li>\n\n\n\n<li><strong><a href=\"https:\/\/agendapro.com\/mx\/historia-clinica\">Historial de servicios<\/a> por cliente: <\/strong>sabe exactamente qu\u00e9 t\u00e9cnica y color prefiere cada clienta en su pr\u00f3xima visita.<\/li>\n\n\n\n<li><strong><a href=\"https:\/\/agendapro.com\/mx\/control-de-inventarios\">Control de inventario<\/a>: <\/strong>lleva el registro de tus geles, semipermanentes y materiales sin perder el hilo.<\/li>\n\n\n\n<li><strong><a href=\"https:\/\/agendapro.com\/mx\/reportes-de-gestion\">Reportes de ingresos<\/a>: <\/strong>descubre cu\u00e1les son tus servicios m\u00e1s rentables y en qu\u00e9 horarios tienes m\u00e1s demanda.<\/li>\n<\/ul>\n\n\n\n<p><em>M\u00e1s de 135 000 profesionales de belleza en Latinoam\u00e9rica ya usan AgendaPro para automatizar su negocio. Conoce todos los planes en agendapro.com<\/em><\/p>\n\n\n\n<figure class=\"wp-block-image size-full\"><img decoding=\"async\" width=\"769\" height=\"570\" src=\"https:\/\/agendapro.com\/blog\/wp-content\/uploads\/sites\/2\/2025\/01\/Captura-de-pantalla-2025-01-09-145704.webp\" alt=\"Manicure permanente o semipermanente \" class=\"wp-image-8602\" srcset=\"https:\/\/agendapro.com\/blog\/wp-content\/uploads\/sites\/2\/2025\/01\/Captura-de-pantalla-2025-01-09-145704.webp 769w, https:\/\/agendapro.com\/blog\/wp-content\/uploads\/sites\/2\/2025\/01\/Captura-de-pantalla-2025-01-09-145704-300x222.webp 300w, https:\/\/agendapro.com\/blog\/wp-content\/uploads\/sites\/2\/2025\/01\/Captura-de-pantalla-2025-01-09-145704-135x100.webp 135w\" sizes=\"(max-width: 769px) 100vw, 769px\" \/><\/figure>\n\n\n\n<h2 class=\"wp-block-heading\" id=\"scrollspy-header-7\">Encuentra el pr\u00f3ximo sal\u00f3n para hacerte Manicure permanente o semipermanente<\/h2>\n\n\n\n<figure class=\"wp-block-image\"><img decoding=\"async\" width=\"860\" height=\"283\" src=\"https:\/\/agendapro.com\/blog\/wp-content\/uploads\/sites\/2\/2026\/04\/Captura-de-pantalla-2026-04-21-a-las-11.45.28-a.-m.png\" alt=\"Manicure permanente o semipermanente \" class=\"wp-image-15252\" srcset=\"https:\/\/agendapro.com\/blog\/wp-content\/uploads\/sites\/2\/2026\/04\/Captura-de-pantalla-2026-04-21-a-las-11.45.28-a.-m.png 860w, https:\/\/agendapro.com\/blog\/wp-content\/uploads\/sites\/2\/2026\/04\/Captura-de-pantalla-2026-04-21-a-las-11.45.28-a.-m-300x99.png 300w, https:\/\/agendapro.com\/blog\/wp-content\/uploads\/sites\/2\/2026\/04\/Captura-de-pantalla-2026-04-21-a-las-11.45.28-a.-m-768x253.png 768w, https:\/\/agendapro.com\/blog\/wp-content\/uploads\/sites\/2\/2026\/04\/Captura-de-pantalla-2026-04-21-a-las-11.45.28-a.-m-304x100.png 304w\" sizes=\"(max-width: 860px) 100vw, 860px\" \/><\/figure>\n\n\n\n<ul class=\"wp-block-list\">\n<li><a href=\"https:\/\/agendapro.com\/mp\/mx\/manicure-completa-ciudad-de-mexico\">Manicure en CDMX<\/a><\/li>\n\n\n\n<li><a href=\"https:\/\/agendapro.com\/mp\/cl\/map_search\/new?searchService=manicure&amp;coordinates={%22lat%22:-33.45694,%22lng%22:-70.64827}&amp;flyTo={%22lat%22:-33.45694,%22lng%22:-70.64827}&amp;showLoading=false&amp;mapBounds={%22swLat%22:-33.539037,%22swLng%22:-70.686767,%22neLat%22:-33.374766,%22neLng%22:-70.609773}\">Manicure en Chile<\/a><\/li>\n\n\n\n<li><a href=\"https:\/\/agendapro.com\/mp\/co\/map_search\/new?coordinates={%22lat%22:4.64827,%22lng%22:-74.04827}&amp;flyTo={%22lat%22:4.64827,%22lng%22:-74.04827}&amp;filterCategory={%22id%22:%2210%22,%22name%22:%22U%C3%B1as%22}&amp;showLoading=false&amp;mapBounds={%22swLat%22:4.550139,%22swLng%22:-74.086767,%22neLat%22:4.746388,%22neLng%22:-74.009773}\">Manicure en Colombia<\/a><\/li>\n\n\n\n<li><a href=\"https:\/\/agendapro.com\/mp\/ar\/map_search\/new?coordinates={%22lat%22:-34.603722,%22lng%22:-58.381557}&amp;flyTo={%22lat%22:-34.603722,%22lng%22:-58.381557}&amp;filterCategory={%22id%22:%2210%22,%22name%22:%22U%C3%B1as%22}&amp;showLoading=false&amp;mapBounds={%22swLat%22:-34.684715,%22swLng%22:-58.420054,%22neLat%22:-34.52265,%22neLng%22:-58.34306}\">Manicure en Argentina<\/a><\/li>\n<\/ul>\n\n\n\n<hr class=\"wp-block-separator has-alpha-channel-opacity\"\/>\n\n\n\n<hr class=\"wp-block-separator has-alpha-channel-opacity\"\/>\n\n\n\n<p>\u26a0\ufe0f<em>Nota: Este art\u00edculo tiene fines informativos. Si presentas condiciones ungueales como hongos, onic\u00f3lisis, psoriasis ungueal o alergias a componentes del gel o el acr\u00edlico, consulta a un dermat\u00f3logo antes de realizarte cualquier servicio de manicure con productos qu\u00edmicos.<\/em><\/p>\n\n\n\n<hr class=\"wp-block-separator has-alpha-channel-opacity\"\/>\n\n\n\n<h2 class=\"wp-block-heading\" id=\"h-preguntas-frecuentes\"><strong>Preguntas frecuentes<\/strong><\/h2>\n\n\n\n<p><strong>\u00bfEl manicure permanente y el de gel son lo mismo?<\/strong><\/p>\n\n\n\n<p>S\u00ed, en la mayor\u00eda de los salones los t\u00e9rminos se usan de forma intercambiable. Ambos hacen referencia a la t\u00e9cnica de esmalte en gel que se cura bajo l\u00e1mpara UV o LED y que ofrece una duraci\u00f3n de 3 a 6 semanas. Algunas marcas o t\u00e9cnicas espec\u00edficas (como el acr\u00edlico) pueden diferenciarse, pero en el uso cotidiano &#8216;permanente&#8217; y &#8216;gel&#8217; significan lo mismo.<\/p>\n\n\n\n<p><strong>\u00bfPuedo hacer el manicure semipermanente en casa?<\/strong><\/p>\n\n\n\n<p>T\u00e9cnicamente s\u00ed, existen kits para uso dom\u00e9stico. Sin embargo, el resultado profesional depende en gran medida de la preparaci\u00f3n correcta de la u\u00f1a, la aplicaci\u00f3n en capas finas y uniformes y el curado adecuado bajo la l\u00e1mpara. Los errores m\u00e1s comunes en casa son el levantamiento prematuro y el da\u00f1o por retiro incorrecto. Si eres principiante, es preferible acudir a una nail tech certificada.<\/p>\n\n\n\n<p><strong>\u00bfCu\u00e1nto tiempo debo dejar descansar las u\u00f1as entre servicios?<\/strong><\/p>\n\n\n\n<p>Los especialistas recomiendan un descanso de al menos 1 semana cada 3 o 4 servicios consecutivos. Durante ese tiempo, aplica diariamente aceite de cut\u00edculas y un endurecedor de u\u00f1as sin formaldeh\u00eddo para recuperar la hidrataci\u00f3n y la resistencia natural de la placa ungueal.<\/p>\n\n\n\n<p><strong>\u00bfEl semipermanente se puede aplicar sobre u\u00f1as acr\u00edlicas?<\/strong><\/p>\n\n\n\n<p>S\u00ed, el semipermanente puede aplicarse sobre acr\u00edlico como capa de color. De hecho, es una combinaci\u00f3n habitual en salones porque combina la estructura del acr\u00edlico con la variedad de colores del semipermanente y facilita el cambio de tono sin tener que retirar toda la u\u00f1a acr\u00edlica.<\/p>\n\n\n\n<p><strong>\u00bfLa l\u00e1mpara UV del manicure permanente da\u00f1a la piel?<\/strong><\/p>\n\n\n\n<p>La exposici\u00f3n acumulada a l\u00e1mparas UV durante los servicios de manicure es m\u00ednima en comparaci\u00f3n con la exposici\u00f3n solar diaria. No obstante, si tienes piel muy sensible o historial de fotosensibilidad, puedes aplicar protector solar en el dorso de las manos antes del servicio. Las l\u00e1mparas LED modernas emiten menos UV y curan en menor tiempo, por lo que son una opci\u00f3n m\u00e1s segura.<\/p>\n\n\n\n<p><strong>\u00bfSe puede hacer manicure permanente en u\u00f1as muy cortas?<\/strong><\/p>\n\n\n\n<p>S\u00ed. De hecho, el gel permanente es especialmente \u00fatil para u\u00f1as cortas o fr\u00e1giles porque a\u00f1ade estructura y resistencia, lo que permite que crezcan sin romperse. La nail tech puede dar forma y longitud relativa incluso en u\u00f1as muy cortadas. El semipermanente, al ser m\u00e1s fino, no aporta ese efecto estructural.<\/p>\n\n\n\n<p><strong>\u00bfPor qu\u00e9 se levanta el semipermanente a los pocos d\u00edas?<\/strong><\/p>\n\n\n\n<p>El levantamiento prematuro suele deberse a una preparaci\u00f3n inadecuada de la u\u00f1a (restos de grasa, crema o humedad), una aplicaci\u00f3n demasiado cerca del borde o la cut\u00edcula, un curado insuficiente bajo la l\u00e1mpara o el contacto temprano con agua. Si esto ocurre con frecuencia, conviene revisar el proceso con tu nail tech o cambiar la base por una de mejor adherencia.<\/p>\n\n\n\n<p><strong>Conclusi\u00f3n<\/strong><\/p>\n\n\n\n<p>La diferencia entre manicure permanente o semipermanente no se reduce a cu\u00e1l dura m\u00e1s o cu\u00e1l es m\u00e1s barato: se trata de encontrar la t\u00e9cnica que mejor se adapta a tu u\u00f1a, tu rutina y tus expectativas. El permanente gana en durabilidad y estructura; el semipermanente, en facilidad de retiro y menor impacto acumulativo sobre la u\u00f1a natural.<\/p>\n\n\n\n<p>Lo m\u00e1s importante, independientemente de la t\u00e9cnica que elijas, es confiar el servicio a una profesional certificada que use productos de calidad y respete los protocolos de preparaci\u00f3n y retiro. Una buena nail tech marca la diferencia entre unas u\u00f1as que lucen perfectas durante semanas y unas que se da\u00f1an en el proceso.<\/p>\n\n\n\n<p><\/p>\n","protected":false},"excerpt":{"rendered":"<p>La pregunta que se hacen miles de personas antes de llegar al sal\u00f3n sigue siendo la misma: \u00bfme hago el&#8230;<\/p>\n","protected":false},"author":1,"featured_media":15492,"comment_status":"closed","ping_status":"closed","sticky":false,"template":"","format":"standard","meta":{"_acf_changed":false,"footnotes":""},"categories":[32],"tags":[],"class_list":["post-15490","post","type-post","status-publish","format-standard","has-post-thumbnail","hentry","category-salon-de-unas"],"acf":[],"yoast_head":"<!-- This site is optimized with the Yoast SEO Premium plugin v26.8 (Yoast SEO v27.4) - https:\/\/yoast.com\/product\/yoast-seo-premium-wordpress\/ -->\n<title>Manicure permanente o semipermanente: \u00bfcu\u00e1l elegir?<\/title>\n<meta name=\"description\" content=\"Descubre las diferencias entre manicure permanente o semipermanente: duraci\u00f3n, cuidados, da\u00f1o en la u\u00f1a y cu\u00e1l es mejor para ti.\" \/>\n<meta name=\"robots\" content=\"index, follow, max-snippet:-1, max-image-preview:large, max-video-preview:-1\" \/>\n<link rel=\"canonical\" href=\"https:\/\/agendapro.com\/blog\/manicure-permanente-o-semipermanente-diferencias-cuidados-y-cual-elegir\/\" \/>\n<meta property=\"og:locale\" content=\"es_ES\" \/>\n<meta property=\"og:type\" content=\"article\" \/>\n<meta property=\"og:title\" content=\"Manicure permanente o semipermanente: diferencias, cuidados y cu\u00e1l elegir\" \/>\n<meta property=\"og:description\" content=\"Descubre las diferencias entre manicure permanente o semipermanente: duraci\u00f3n, cuidados, da\u00f1o en la u\u00f1a y cu\u00e1l es mejor para ti.\" \/>\n<meta property=\"og:url\" content=\"https:\/\/agendapro.com\/blog\/manicure-permanente-o-semipermanente-diferencias-cuidados-y-cual-elegir\/\" \/>\n<meta property=\"og:site_name\" content=\"AgendaPro Blog\" \/>\n<meta property=\"article:publisher\" content=\"https:\/\/www.facebook.com\/agendapro\" \/>\n<meta property=\"article:published_time\" content=\"2026-04-28T23:23:49+00:00\" \/>\n<meta property=\"article:modified_time\" content=\"2026-04-28T23:40:45+00:00\" \/>\n<meta property=\"og:image\" content=\"https:\/\/agendapro.com\/blog\/wp-content\/uploads\/sites\/2\/2026\/04\/unrecognizable-couple-forming-heart-with-rings-pin-2026-03-16-06-06-24-utc.webp\" \/>\n\t<meta property=\"og:image:width\" content=\"8192\" \/>\n\t<meta property=\"og:image:height\" content=\"5464\" \/>\n\t<meta property=\"og:image:type\" content=\"image\/webp\" \/>\n<meta name=\"author\" content=\"ap-admin\" \/>\n<meta name=\"twitter:card\" content=\"summary_large_image\" \/>\n<meta name=\"twitter:creator\" content=\"@agendapro\" \/>\n<meta name=\"twitter:site\" content=\"@agendapro\" \/>\n<meta name=\"twitter:label1\" content=\"Escrito por\" \/>\n\t<meta name=\"twitter:data1\" content=\"ap-admin\" \/>\n\t<meta name=\"twitter:label2\" content=\"Tiempo de lectura\" \/>\n\t<meta name=\"twitter:data2\" content=\"12 minutos\" \/>\n<script type=\"application\/ld+json\" class=\"yoast-schema-graph\">{\"@context\":\"https:\\\/\\\/schema.org\",\"@graph\":[{\"@type\":\"Article\",\"@id\":\"https:\\\/\\\/agendapro.com\\\/blog\\\/manicure-permanente-o-semipermanente-diferencias-cuidados-y-cual-elegir\\\/#article\",\"isPartOf\":{\"@id\":\"https:\\\/\\\/agendapro.com\\\/blog\\\/manicure-permanente-o-semipermanente-diferencias-cuidados-y-cual-elegir\\\/\"},\"author\":{\"name\":\"ap-admin\",\"@id\":\"https:\\\/\\\/agendapro.com\\\/blog\\\/#\\\/schema\\\/person\\\/64a69c54b900388bcb1801b47bd3874e\"},\"headline\":\"Manicure permanente o semipermanente: diferencias, cuidados y cu\u00e1l elegir\",\"datePublished\":\"2026-04-28T23:23:49+00:00\",\"dateModified\":\"2026-04-28T23:40:45+00:00\",\"mainEntityOfPage\":{\"@id\":\"https:\\\/\\\/agendapro.com\\\/blog\\\/manicure-permanente-o-semipermanente-diferencias-cuidados-y-cual-elegir\\\/\"},\"wordCount\":2431,\"publisher\":{\"@id\":\"https:\\\/\\\/agendapro.com\\\/blog\\\/#organization\"},\"image\":{\"@id\":\"https:\\\/\\\/agendapro.com\\\/blog\\\/manicure-permanente-o-semipermanente-diferencias-cuidados-y-cual-elegir\\\/#primaryimage\"},\"thumbnailUrl\":\"https:\\\/\\\/agendapro.com\\\/blog\\\/wp-content\\\/uploads\\\/sites\\\/2\\\/2026\\\/04\\\/unrecognizable-couple-forming-heart-with-rings-pin-2026-03-16-06-06-24-utc.webp\",\"articleSection\":[\"Sal\u00f3n de U\u00f1as\"],\"inLanguage\":\"es\"},{\"@type\":\"WebPage\",\"@id\":\"https:\\\/\\\/agendapro.com\\\/blog\\\/manicure-permanente-o-semipermanente-diferencias-cuidados-y-cual-elegir\\\/\",\"url\":\"https:\\\/\\\/agendapro.com\\\/blog\\\/manicure-permanente-o-semipermanente-diferencias-cuidados-y-cual-elegir\\\/\",\"name\":\"Manicure permanente o semipermanente: \u00bfcu\u00e1l elegir?\",\"isPartOf\":{\"@id\":\"https:\\\/\\\/agendapro.com\\\/blog\\\/#website\"},\"primaryImageOfPage\":{\"@id\":\"https:\\\/\\\/agendapro.com\\\/blog\\\/manicure-permanente-o-semipermanente-diferencias-cuidados-y-cual-elegir\\\/#primaryimage\"},\"image\":{\"@id\":\"https:\\\/\\\/agendapro.com\\\/blog\\\/manicure-permanente-o-semipermanente-diferencias-cuidados-y-cual-elegir\\\/#primaryimage\"},\"thumbnailUrl\":\"https:\\\/\\\/agendapro.com\\\/blog\\\/wp-content\\\/uploads\\\/sites\\\/2\\\/2026\\\/04\\\/unrecognizable-couple-forming-heart-with-rings-pin-2026-03-16-06-06-24-utc.webp\",\"datePublished\":\"2026-04-28T23:23:49+00:00\",\"dateModified\":\"2026-04-28T23:40:45+00:00\",\"description\":\"Descubre las diferencias entre manicure permanente o semipermanente: duraci\u00f3n, cuidados, da\u00f1o en la u\u00f1a y cu\u00e1l es mejor para ti.\",\"breadcrumb\":{\"@id\":\"https:\\\/\\\/agendapro.com\\\/blog\\\/manicure-permanente-o-semipermanente-diferencias-cuidados-y-cual-elegir\\\/#breadcrumb\"},\"inLanguage\":\"es\",\"potentialAction\":[{\"@type\":\"ReadAction\",\"target\":[\"https:\\\/\\\/agendapro.com\\\/blog\\\/manicure-permanente-o-semipermanente-diferencias-cuidados-y-cual-elegir\\\/\"]}]},{\"@type\":\"ImageObject\",\"inLanguage\":\"es\",\"@id\":\"https:\\\/\\\/agendapro.com\\\/blog\\\/manicure-permanente-o-semipermanente-diferencias-cuidados-y-cual-elegir\\\/#primaryimage\",\"url\":\"https:\\\/\\\/agendapro.com\\\/blog\\\/wp-content\\\/uploads\\\/sites\\\/2\\\/2026\\\/04\\\/unrecognizable-couple-forming-heart-with-rings-pin-2026-03-16-06-06-24-utc.webp\",\"contentUrl\":\"https:\\\/\\\/agendapro.com\\\/blog\\\/wp-content\\\/uploads\\\/sites\\\/2\\\/2026\\\/04\\\/unrecognizable-couple-forming-heart-with-rings-pin-2026-03-16-06-06-24-utc.webp\",\"width\":8192,\"height\":5464},{\"@type\":\"BreadcrumbList\",\"@id\":\"https:\\\/\\\/agendapro.com\\\/blog\\\/manicure-permanente-o-semipermanente-diferencias-cuidados-y-cual-elegir\\\/#breadcrumb\",\"itemListElement\":[{\"@type\":\"ListItem\",\"position\":1,\"name\":\"Portada\",\"item\":\"https:\\\/\\\/agendapro.com\\\/blog\\\/\"},{\"@type\":\"ListItem\",\"position\":2,\"name\":\"Manicure permanente o semipermanente: diferencias, cuidados y cu\u00e1l elegir\"}]},{\"@type\":\"WebSite\",\"@id\":\"https:\\\/\\\/agendapro.com\\\/blog\\\/#website\",\"url\":\"https:\\\/\\\/agendapro.com\\\/blog\\\/\",\"name\":\"AgendaPro Blog\",\"description\":\"\",\"publisher\":{\"@id\":\"https:\\\/\\\/agendapro.com\\\/blog\\\/#organization\"},\"potentialAction\":[{\"@type\":\"SearchAction\",\"target\":{\"@type\":\"EntryPoint\",\"urlTemplate\":\"https:\\\/\\\/agendapro.com\\\/blog\\\/?s={search_term_string}\"},\"query-input\":{\"@type\":\"PropertyValueSpecification\",\"valueRequired\":true,\"valueName\":\"search_term_string\"}}],\"inLanguage\":\"es\"},{\"@type\":\"Organization\",\"@id\":\"https:\\\/\\\/agendapro.com\\\/blog\\\/#organization\",\"name\":\"AgendaPro\",\"url\":\"https:\\\/\\\/agendapro.com\\\/blog\\\/\",\"logo\":{\"@type\":\"ImageObject\",\"inLanguage\":\"es\",\"@id\":\"https:\\\/\\\/agendapro.com\\\/blog\\\/#\\\/schema\\\/logo\\\/image\\\/\",\"url\":\"https:\\\/\\\/agendapro.com\\\/blog\\\/wp-content\\\/uploads\\\/sites\\\/2\\\/2024\\\/05\\\/screenshot.png\",\"contentUrl\":\"https:\\\/\\\/agendapro.com\\\/blog\\\/wp-content\\\/uploads\\\/sites\\\/2\\\/2024\\\/05\\\/screenshot.png\",\"width\":1280,\"height\":720,\"caption\":\"AgendaPro\"},\"image\":{\"@id\":\"https:\\\/\\\/agendapro.com\\\/blog\\\/#\\\/schema\\\/logo\\\/image\\\/\"},\"sameAs\":[\"https:\\\/\\\/www.facebook.com\\\/agendapro\",\"https:\\\/\\\/x.com\\\/agendapro\",\"https:\\\/\\\/www.instagram.com\\\/agendapro_software\"]},{\"@type\":\"Person\",\"@id\":\"https:\\\/\\\/agendapro.com\\\/blog\\\/#\\\/schema\\\/person\\\/64a69c54b900388bcb1801b47bd3874e\",\"name\":\"ap-admin\",\"image\":{\"@type\":\"ImageObject\",\"inLanguage\":\"es\",\"@id\":\"https:\\\/\\\/secure.gravatar.com\\\/avatar\\\/cfd4ee1cbbc1ed49853864eeb2376f2f74a4ea77e0f8a2b12af8c9ed60dcd04d?s=96&d=mm&r=g\",\"url\":\"https:\\\/\\\/secure.gravatar.com\\\/avatar\\\/cfd4ee1cbbc1ed49853864eeb2376f2f74a4ea77e0f8a2b12af8c9ed60dcd04d?s=96&d=mm&r=g\",\"contentUrl\":\"https:\\\/\\\/secure.gravatar.com\\\/avatar\\\/cfd4ee1cbbc1ed49853864eeb2376f2f74a4ea77e0f8a2b12af8c9ed60dcd04d?s=96&d=mm&r=g\",\"caption\":\"ap-admin\"},\"sameAs\":[\"http:\\\/\\\/a50f3a4aa426b4acdb296faa47b9d74e-684412451.us-west-2.elb.amazonaws.com\"],\"url\":\"https:\\\/\\\/agendapro.com\\\/blog\\\/author\\\/ap-admin\\\/\"}]}<\/script>\n<!-- \/ Yoast SEO Premium plugin. -->","yoast_head_json":{"title":"Manicure permanente o semipermanente: \u00bfcu\u00e1l elegir?","description":"Descubre las diferencias entre manicure permanente o semipermanente: duraci\u00f3n, cuidados, da\u00f1o en la u\u00f1a y cu\u00e1l es mejor para ti.","robots":{"index":"index","follow":"follow","max-snippet":"max-snippet:-1","max-image-preview":"max-image-preview:large","max-video-preview":"max-video-preview:-1"},"canonical":"https:\/\/agendapro.com\/blog\/manicure-permanente-o-semipermanente-diferencias-cuidados-y-cual-elegir\/","og_locale":"es_ES","og_type":"article","og_title":"Manicure permanente o semipermanente: diferencias, cuidados y cu\u00e1l elegir","og_description":"Descubre las diferencias entre manicure permanente o semipermanente: duraci\u00f3n, cuidados, da\u00f1o en la u\u00f1a y cu\u00e1l es mejor para ti.","og_url":"https:\/\/agendapro.com\/blog\/manicure-permanente-o-semipermanente-diferencias-cuidados-y-cual-elegir\/","og_site_name":"AgendaPro Blog","article_publisher":"https:\/\/www.facebook.com\/agendapro","article_published_time":"2026-04-28T23:23:49+00:00","article_modified_time":"2026-04-28T23:40:45+00:00","og_image":[{"width":8192,"height":5464,"url":"https:\/\/agendapro.com\/blog\/wp-content\/uploads\/sites\/2\/2026\/04\/unrecognizable-couple-forming-heart-with-rings-pin-2026-03-16-06-06-24-utc.webp","type":"image\/webp"}],"author":"ap-admin","twitter_card":"summary_large_image","twitter_creator":"@agendapro","twitter_site":"@agendapro","twitter_misc":{"Escrito por":"ap-admin","Tiempo de lectura":"12 minutos"},"schema":{"@context":"https:\/\/schema.org","@graph":[{"@type":"Article","@id":"https:\/\/agendapro.com\/blog\/manicure-permanente-o-semipermanente-diferencias-cuidados-y-cual-elegir\/#article","isPartOf":{"@id":"https:\/\/agendapro.com\/blog\/manicure-permanente-o-semipermanente-diferencias-cuidados-y-cual-elegir\/"},"author":{"name":"ap-admin","@id":"https:\/\/agendapro.com\/blog\/#\/schema\/person\/64a69c54b900388bcb1801b47bd3874e"},"headline":"Manicure permanente o semipermanente: diferencias, cuidados y cu\u00e1l elegir","datePublished":"2026-04-28T23:23:49+00:00","dateModified":"2026-04-28T23:40:45+00:00","mainEntityOfPage":{"@id":"https:\/\/agendapro.com\/blog\/manicure-permanente-o-semipermanente-diferencias-cuidados-y-cual-elegir\/"},"wordCount":2431,"publisher":{"@id":"https:\/\/agendapro.com\/blog\/#organization"},"image":{"@id":"https:\/\/agendapro.com\/blog\/manicure-permanente-o-semipermanente-diferencias-cuidados-y-cual-elegir\/#primaryimage"},"thumbnailUrl":"https:\/\/agendapro.com\/blog\/wp-content\/uploads\/sites\/2\/2026\/04\/unrecognizable-couple-forming-heart-with-rings-pin-2026-03-16-06-06-24-utc.webp","articleSection":["Sal\u00f3n de U\u00f1as"],"inLanguage":"es"},{"@type":"WebPage","@id":"https:\/\/agendapro.com\/blog\/manicure-permanente-o-semipermanente-diferencias-cuidados-y-cual-elegir\/","url":"https:\/\/agendapro.com\/blog\/manicure-permanente-o-semipermanente-diferencias-cuidados-y-cual-elegir\/","name":"Manicure permanente o semipermanente: \u00bfcu\u00e1l elegir?","isPartOf":{"@id":"https:\/\/agendapro.com\/blog\/#website"},"primaryImageOfPage":{"@id":"https:\/\/agendapro.com\/blog\/manicure-permanente-o-semipermanente-diferencias-cuidados-y-cual-elegir\/#primaryimage"},"image":{"@id":"https:\/\/agendapro.com\/blog\/manicure-permanente-o-semipermanente-diferencias-cuidados-y-cual-elegir\/#primaryimage"},"thumbnailUrl":"https:\/\/agendapro.com\/blog\/wp-content\/uploads\/sites\/2\/2026\/04\/unrecognizable-couple-forming-heart-with-rings-pin-2026-03-16-06-06-24-utc.webp","datePublished":"2026-04-28T23:23:49+00:00","dateModified":"2026-04-28T23:40:45+00:00","description":"Descubre las diferencias entre manicure permanente o semipermanente: duraci\u00f3n, cuidados, da\u00f1o en la u\u00f1a y cu\u00e1l es mejor para ti.","breadcrumb":{"@id":"https:\/\/agendapro.com\/blog\/manicure-permanente-o-semipermanente-diferencias-cuidados-y-cual-elegir\/#breadcrumb"},"inLanguage":"es","potentialAction":[{"@type":"ReadAction","target":["https:\/\/agendapro.com\/blog\/manicure-permanente-o-semipermanente-diferencias-cuidados-y-cual-elegir\/"]}]},{"@type":"ImageObject","inLanguage":"es","@id":"https:\/\/agendapro.com\/blog\/manicure-permanente-o-semipermanente-diferencias-cuidados-y-cual-elegir\/#primaryimage","url":"https:\/\/agendapro.com\/blog\/wp-content\/uploads\/sites\/2\/2026\/04\/unrecognizable-couple-forming-heart-with-rings-pin-2026-03-16-06-06-24-utc.webp","contentUrl":"https:\/\/agendapro.com\/blog\/wp-content\/uploads\/sites\/2\/2026\/04\/unrecognizable-couple-forming-heart-with-rings-pin-2026-03-16-06-06-24-utc.webp","width":8192,"height":5464},{"@type":"BreadcrumbList","@id":"https:\/\/agendapro.com\/blog\/manicure-permanente-o-semipermanente-diferencias-cuidados-y-cual-elegir\/#breadcrumb","itemListElement":[{"@type":"ListItem","position":1,"name":"Portada","item":"https:\/\/agendapro.com\/blog\/"},{"@type":"ListItem","position":2,"name":"Manicure permanente o semipermanente: diferencias, cuidados y cu\u00e1l elegir"}]},{"@type":"WebSite","@id":"https:\/\/agendapro.com\/blog\/#website","url":"https:\/\/agendapro.com\/blog\/","name":"AgendaPro Blog","description":"","publisher":{"@id":"https:\/\/agendapro.com\/blog\/#organization"},"potentialAction":[{"@type":"SearchAction","target":{"@type":"EntryPoint","urlTemplate":"https:\/\/agendapro.com\/blog\/?s={search_term_string}"},"query-input":{"@type":"PropertyValueSpecification","valueRequired":true,"valueName":"search_term_string"}}],"inLanguage":"es"},{"@type":"Organization","@id":"https:\/\/agendapro.com\/blog\/#organization","name":"AgendaPro","url":"https:\/\/agendapro.com\/blog\/","logo":{"@type":"ImageObject","inLanguage":"es","@id":"https:\/\/agendapro.com\/blog\/#\/schema\/logo\/image\/","url":"https:\/\/agendapro.com\/blog\/wp-content\/uploads\/sites\/2\/2024\/05\/screenshot.png","contentUrl":"https:\/\/agendapro.com\/blog\/wp-content\/uploads\/sites\/2\/2024\/05\/screenshot.png","width":1280,"height":720,"caption":"AgendaPro"},"image":{"@id":"https:\/\/agendapro.com\/blog\/#\/schema\/logo\/image\/"},"sameAs":["https:\/\/www.facebook.com\/agendapro","https:\/\/x.com\/agendapro","https:\/\/www.instagram.com\/agendapro_software"]},{"@type":"Person","@id":"https:\/\/agendapro.com\/blog\/#\/schema\/person\/64a69c54b900388bcb1801b47bd3874e","name":"ap-admin","image":{"@type":"ImageObject","inLanguage":"es","@id":"https:\/\/secure.gravatar.com\/avatar\/cfd4ee1cbbc1ed49853864eeb2376f2f74a4ea77e0f8a2b12af8c9ed60dcd04d?s=96&d=mm&r=g","url":"https:\/\/secure.gravatar.com\/avatar\/cfd4ee1cbbc1ed49853864eeb2376f2f74a4ea77e0f8a2b12af8c9ed60dcd04d?s=96&d=mm&r=g","contentUrl":"https:\/\/secure.gravatar.com\/avatar\/cfd4ee1cbbc1ed49853864eeb2376f2f74a4ea77e0f8a2b12af8c9ed60dcd04d?s=96&d=mm&r=g","caption":"ap-admin"},"sameAs":["http:\/\/a50f3a4aa426b4acdb296faa47b9d74e-684412451.us-west-2.elb.amazonaws.com"],"url":"https:\/\/agendapro.com\/blog\/author\/ap-admin\/"}]}},"_links":{"self":[{"href":"https:\/\/agendapro.com\/blog\/wp-json\/wp\/v2\/posts\/15490","targetHints":{"allow":["GET"]}}],"collection":[{"href":"https:\/\/agendapro.com\/blog\/wp-json\/wp\/v2\/posts"}],"about":[{"href":"https:\/\/agendapro.com\/blog\/wp-json\/wp\/v2\/types\/post"}],"author":[{"embeddable":true,"href":"https:\/\/agendapro.com\/blog\/wp-json\/wp\/v2\/users\/1"}],"replies":[{"embeddable":true,"href":"https:\/\/agendapro.com\/blog\/wp-json\/wp\/v2\/comments?post=15490"}],"version-history":[{"count":2,"href":"https:\/\/agendapro.com\/blog\/wp-json\/wp\/v2\/posts\/15490\/revisions"}],"predecessor-version":[{"id":15499,"href":"https:\/\/agendapro.com\/blog\/wp-json\/wp\/v2\/posts\/15490\/revisions\/15499"}],"wp:featuredmedia":[{"embeddable":true,"href":"https:\/\/agendapro.com\/blog\/wp-json\/wp\/v2\/media\/15492"}],"wp:attachment":[{"href":"https:\/\/agendapro.com\/blog\/wp-json\/wp\/v2\/media?parent=15490"}],"wp:term":[{"taxonomy":"category","embeddable":true,"href":"https:\/\/agendapro.com\/blog\/wp-json\/wp\/v2\/categories?post=15490"},{"taxonomy":"post_tag","embeddable":true,"href":"https:\/\/agendapro.com\/blog\/wp-json\/wp\/v2\/tags?post=15490"}],"curies":[{"name":"wp","href":"https:\/\/api.w.org\/{rel}","templated":true}]}}