{"id":15506,"date":"2026-04-29T10:45:27","date_gmt":"2026-04-29T16:45:27","guid":{"rendered":"https:\/\/agendapro.com\/blog\/?p=15506"},"modified":"2026-04-29T10:55:16","modified_gmt":"2026-04-29T16:55:16","slug":"corte-clasico-o-urbano","status":"publish","type":"post","link":"https:\/\/agendapro.com\/blog\/corte-clasico-o-urbano\/","title":{"rendered":"Corte cl\u00e1sico o urbano"},"content":{"rendered":"\n<p>Elegir un corte de cabello parece una decisi\u00f3n simple, pero en realidad dice mucho sobre tu personalidad. <strong>\u00bfCorte de cabello cl\u00e1sico o urbano?<\/strong> Dos filosof\u00edas de estilo que conviven en el mismo espacio, que comparten algunas t\u00e9cnicas, pero que comunican cosas muy distintas.<\/p>\n\n\n\n<p> En esta gu\u00eda te explicamos las diferencias reales entre ambos estilos, los cortes m\u00e1s representativos de cada uno y, lo m\u00e1s importante, cu\u00e1l se adapta mejor a tu tipo de rostro y a tu forma de vida.<\/p>\n\n\n\n<h2 class=\"wp-block-heading\" id=\"h-que-es-un-corte-de-cabello-clasico\">\u00bfQu\u00e9 es un corte de cabello cl\u00e1sico?<\/h2>\n\n\n\n<p>El corte de cabello cl\u00e1sico es aquel que ha superado la prueba del tiempo. Sus ra\u00edces se remontan a la barber\u00eda tradicional del siglo XX. <strong>Lo que define a un corte cl\u00e1sico no es \u00fanicamente su forma, sino su filosof\u00eda: l\u00edneas limpias, transiciones suaves, proporciones equilibradas <\/strong>y un acabado que luce igual de bien en una reuni\u00f3n de negocios que en una cena formal.<\/p>\n\n\n\n<p><strong>Los cortes cl\u00e1sicos se caracterizan por un trabajo cuidadoso con tijera, un perfil lateral bien definido y un volumen controlado en la parte superior. <\/strong><\/p>\n\n\n\n<figure class=\"wp-block-image size-large\"><img decoding=\"async\" width=\"1024\" height=\"1024\" src=\"https:\/\/agendapro.com\/blog\/wp-content\/uploads\/sites\/2\/2025\/12\/hairdresser-using-razor-for-making-stylish-hairsty-2025-03-09-18-09-51-utc-edited-1-1024x1024.webp\" alt=\"corte clasico o urbano\" class=\"wp-image-14420\" srcset=\"https:\/\/agendapro.com\/blog\/wp-content\/uploads\/sites\/2\/2025\/12\/hairdresser-using-razor-for-making-stylish-hairsty-2025-03-09-18-09-51-utc-edited-1-1024x1024.webp 1024w, https:\/\/agendapro.com\/blog\/wp-content\/uploads\/sites\/2\/2025\/12\/hairdresser-using-razor-for-making-stylish-hairsty-2025-03-09-18-09-51-utc-edited-1-300x300.webp 300w, https:\/\/agendapro.com\/blog\/wp-content\/uploads\/sites\/2\/2025\/12\/hairdresser-using-razor-for-making-stylish-hairsty-2025-03-09-18-09-51-utc-edited-1-150x150.webp 150w, https:\/\/agendapro.com\/blog\/wp-content\/uploads\/sites\/2\/2025\/12\/hairdresser-using-razor-for-making-stylish-hairsty-2025-03-09-18-09-51-utc-edited-1-768x768.webp 768w, https:\/\/agendapro.com\/blog\/wp-content\/uploads\/sites\/2\/2025\/12\/hairdresser-using-razor-for-making-stylish-hairsty-2025-03-09-18-09-51-utc-edited-1-1536x1536.webp 1536w, https:\/\/agendapro.com\/blog\/wp-content\/uploads\/sites\/2\/2025\/12\/hairdresser-using-razor-for-making-stylish-hairsty-2025-03-09-18-09-51-utc-edited-1-2048x2048.webp 2048w, https:\/\/agendapro.com\/blog\/wp-content\/uploads\/sites\/2\/2025\/12\/hairdresser-using-razor-for-making-stylish-hairsty-2025-03-09-18-09-51-utc-edited-1-100x100.webp 100w\" sizes=\"(max-width: 1024px) 100vw, 1024px\" \/><\/figure>\n\n\n\n<h2 class=\"wp-block-heading\" id=\"h-tipos-de-cortes-clasicos-mas-populares\">Tipos de cortes cl\u00e1sicos m\u00e1s populares<\/h2>\n\n\n\n<h3 class=\"wp-block-heading\" id=\"h-side-part-raya-lateral\">Side part (raya lateral)<\/h3>\n\n\n\n<p><strong>Es quiz\u00e1s el corte cl\u00e1sico por excelencia. <\/strong>Consiste en peinar el cabello hacia un lado a partir de una raya pronunciada, con los laterales cortos o medios y la parte superior con volumen suficiente para estructurar el peinado. <\/p>\n\n\n\n<p><strong>Fue el corte dominante en los a\u00f1os 40 y 50<\/strong>, y ha regresado con fuerza en los \u00faltimos a\u00f1os gracias a su versatilidad.<\/p>\n\n\n\n<h3 class=\"wp-block-heading\" id=\"h-crew-cut\">Crew cut<\/h3>\n\n\n\n<p><strong>El crew cut es la definici\u00f3n de la sobriedad masculina. Cabello muy corto en los laterales y ligeramente m\u00e1s largo en la parte superior,<\/strong> con una transici\u00f3n gradual y limpia entre ambas zonas. Es el corte favorito de quienes priorizan el bajo mantenimiento sin renunciar a una imagen cuidada y ordenada. Su origen militar lo convierte en uno de los cortes m\u00e1s asociados a la disciplina y la practicidad, aunque hoy en d\u00eda se lleva en contextos muy variados.<\/p>\n\n\n\n<figure class=\"wp-block-image size-large\"><img decoding=\"async\" width=\"1024\" height=\"1024\" src=\"https:\/\/agendapro.com\/blog\/wp-content\/uploads\/sites\/2\/2025\/12\/tattooed-barber-cutting-the-hair-and-beard-of-a-yo-2025-06-05-22-44-27-utc-1-edited-1024x1024.webp\" alt=\"corte clasico o urbano\" class=\"wp-image-14404\" srcset=\"https:\/\/agendapro.com\/blog\/wp-content\/uploads\/sites\/2\/2025\/12\/tattooed-barber-cutting-the-hair-and-beard-of-a-yo-2025-06-05-22-44-27-utc-1-edited-1024x1024.webp 1024w, https:\/\/agendapro.com\/blog\/wp-content\/uploads\/sites\/2\/2025\/12\/tattooed-barber-cutting-the-hair-and-beard-of-a-yo-2025-06-05-22-44-27-utc-1-edited-300x300.webp 300w, https:\/\/agendapro.com\/blog\/wp-content\/uploads\/sites\/2\/2025\/12\/tattooed-barber-cutting-the-hair-and-beard-of-a-yo-2025-06-05-22-44-27-utc-1-edited-150x150.webp 150w, https:\/\/agendapro.com\/blog\/wp-content\/uploads\/sites\/2\/2025\/12\/tattooed-barber-cutting-the-hair-and-beard-of-a-yo-2025-06-05-22-44-27-utc-1-edited-768x768.webp 768w, https:\/\/agendapro.com\/blog\/wp-content\/uploads\/sites\/2\/2025\/12\/tattooed-barber-cutting-the-hair-and-beard-of-a-yo-2025-06-05-22-44-27-utc-1-edited-1536x1536.webp 1536w, https:\/\/agendapro.com\/blog\/wp-content\/uploads\/sites\/2\/2025\/12\/tattooed-barber-cutting-the-hair-and-beard-of-a-yo-2025-06-05-22-44-27-utc-1-edited-2048x2048.webp 2048w, https:\/\/agendapro.com\/blog\/wp-content\/uploads\/sites\/2\/2025\/12\/tattooed-barber-cutting-the-hair-and-beard-of-a-yo-2025-06-05-22-44-27-utc-1-edited-100x100.webp 100w\" sizes=\"(max-width: 1024px) 100vw, 1024px\" \/><\/figure>\n\n\n\n<h3 class=\"wp-block-heading\" id=\"h-ivy-league\">Ivy league<\/h3>\n\n\n\n<p><strong>Una versi\u00f3n ligeramente m\u00e1s larga y refinada del crew cut. <\/strong>Permite peinar el cabello hacia adelante o hacia un lado, lo que le da mayor versatilidad de estilo. <\/p>\n\n\n\n<ul class=\"wp-block-list\">\n<li>Es muy popular en entornos acad\u00e9micos y profesionales, de ah\u00ed su nombre.<\/li>\n\n\n\n<li>Es ideal para quienes quieren un corte que funcione tanto con traje como con ropa casual de calidad.<\/li>\n<\/ul>\n\n\n\n<h3 class=\"wp-block-heading\" id=\"h-pompadour-clasico\">Pompadour cl\u00e1sico<\/h3>\n\n\n\n<p>El pompadour es volumen, estructura y presencia. <strong>Cabello largo en la parte superior peinado hacia atr\u00e1s con altura, <\/strong>laterales cortos y un acabado brillante con pomada o cera de fijaci\u00f3n media. Asociado a \u00edconos como Elvis Presley, el pompadour cl\u00e1sico nunca ha dejado de ser relevante y sigue siendo uno de los cortes m\u00e1s solicitados en barber\u00edas tradicionales de todo el mundo.<\/p>\n\n\n\n<h2 class=\"wp-block-heading\" id=\"h-que-es-un-corte-de-cabello-urbano\">\u00bfQu\u00e9 es un corte de cabello urbano?<\/h2>\n\n\n\n<p><strong>El corte urbano nace de la calle, de la cultura del skate, el hip hop, el streetwear <\/strong>y la moda contempor\u00e1nea. A diferencia del cl\u00e1sico, no responde a reglas fijas ni a una tradici\u00f3n espec\u00edfica, sino a la expresi\u00f3n individual, la experimentaci\u00f3n y la influencia de las tendencias del momento. Lo que hoy es tendencia urbana puede evolucionar en cuesti\u00f3n de meses, y esa es precisamente su naturaleza: estar en constante movimiento.<\/p>\n\n\n\n<p>Los cortes urbanos se caracterizan por transiciones m\u00e1s marcadas y contrastantes, texturas deliberadamente trabajadas, degradados pronunciados y en muchos casos l\u00edneas o dise\u00f1os grabados que convierten el cabello en un elemento de identidad visual. <\/p>\n\n\n<div class=\"wp-block-image\">\n<figure class=\"aligncenter size-full is-resized\"><img decoding=\"async\" width=\"201\" height=\"251\" src=\"https:\/\/agendapro.com\/blog\/wp-content\/uploads\/sites\/2\/2024\/08\/images-21.webp\" alt=\"corte clasico o urbano\" class=\"wp-image-12728\" style=\"width:387px;height:auto\" srcset=\"https:\/\/agendapro.com\/blog\/wp-content\/uploads\/sites\/2\/2024\/08\/images-21.webp 201w, https:\/\/agendapro.com\/blog\/wp-content\/uploads\/sites\/2\/2024\/08\/images-21-80x100.webp 80w\" sizes=\"(max-width: 201px) 100vw, 201px\" \/><\/figure>\n<\/div>\n\n\n<h2 class=\"wp-block-heading\" id=\"h-tipos-de-cortes-urbanos-mas-populares\">Tipos de cortes urbanos m\u00e1s populares<\/h2>\n\n\n\n<h3 class=\"wp-block-heading\" id=\"h-fade-degradado\">Fade (degradado)<\/h3>\n\n\n\n<p><strong>El <a href=\"https:\/\/agendapro.com\/blog\/corte-fade\/\">fade<\/a> es el corte urbano m\u00e1s ic\u00f3nico de la \u00faltima d\u00e9cada y sigue siendo uno de los m\u00e1s solicitados<\/strong> en barber\u00edas de todo el mundo. <\/p>\n\n\n\n<ul class=\"wp-block-list\">\n<li>Consiste en un degradado progresivo del cabello desde la parte superior hacia los laterales y la nuca.<\/li>\n\n\n\n<li>Puede ir desde un degradado suave (<a href=\"https:\/\/agendapro.com\/blog\/low-fade\/\">low fade<\/a>) hasta uno extremadamente marcado y alto (high fade). <\/li>\n\n\n\n<li>Su versatilidad es enorme: puede combinarse con casi cualquier estilo en la parte superior, desde un afro hasta un corte texturizado o incluso un side part moderno.<\/li>\n<\/ul>\n\n\n\n<h3 class=\"wp-block-heading\" id=\"h-undercut\">Undercut<\/h3>\n\n\n\n<p>El <a href=\"https:\/\/agendapro.com\/blog\/cortes-undercut-para-hombre\/\">undercut<\/a> es el contraste llevado al extremo. Los laterales y la nuca se rapan o cortan muy corto, mientras que la parte superior conserva una longitud considerable. <\/p>\n\n\n\n<p>Esta diferencia de longitud crea una silueta llamativa y con mucho car\u00e1cter que puede peinarse de m\u00faltiples formas: hacia atr\u00e1s, hacia un lado, con textura o incluso recogido. Es uno de los <a href=\"https:\/\/agendapro.com\/blog\/5-cortes-de-cabello-que-seran-tendencia-en-2026\/\">cortes favorito<\/a>s en entornos creativos y art\u00edsticos, y tiene una fuerte presencia en la cultura del tatuaje y la moda alternativa.<\/p>\n\n\n\n<h3 class=\"wp-block-heading\" id=\"h-textured-crop\">Textured crop<\/h3>\n\n\n\n<p>El <a href=\"https:\/\/agendapro.com\/blog\/corte-crop\/\">textured crop<\/a> es el corte urbano m\u00e1s vers\u00e1til y accesible de los \u00faltimos a\u00f1os. Cabello corto a medio en la parte superior con textura trabajada mediante tijera o navaja, laterales con fade suave y un flequillo ligeramente ca\u00eddo hacia adelante. <\/p>\n\n\n\n<p>Es f\u00e1cil de mantener, funciona con casi todos los tipos de rostro y se adapta tanto a un look casual como a uno m\u00e1s trabajado con algo de producto. Su popularidad ha crecido enormemente entre hombres j\u00f3venes que buscan un estilo moderno sin demasiado mantenimiento.<\/p>\n\n\n\n<h3 class=\"wp-block-heading\" id=\"h-two-block\">Two block<\/h3>\n\n\n\n<p>Originario de Corea del Sur y popularizado por la cultura K-pop y K-drama, el two block se ha convertido en uno de los cortes m\u00e1s solicitados por hombres j\u00f3venes en Latinoam\u00e9rica. Consiste en laterales y nuca muy cortos o rapados, con una parte superior larga que cae de forma natural. <\/p>\n\n\n\n<p><strong>Su caracter\u00edstica principal es el contraste visual entre ambas zonas<\/strong> y la libertad de movimiento del cabello superior, que puede llevarse liso, con ondas naturales o con volumen trabajado.<\/p>\n\n\n\n<h2 class=\"wp-block-heading\" id=\"h-clasico-vs-urbano-tabla-comparativa\">Cl\u00e1sico vs urbano: tabla comparativa<\/h2>\n\n\n\n<figure class=\"wp-block-table\"><table class=\"has-fixed-layout\"><thead><tr><th>Caracter\u00edstica<\/th><th>Corte cl\u00e1sico<\/th><th>Corte urbano<\/th><\/tr><\/thead><tbody><tr><td><strong>Origen<\/strong><\/td><td>Barber\u00eda tradicional s. XX<\/td><td>Cultura urbana y streetwear<\/td><\/tr><tr><td><strong>T\u00e9cnica principal<\/strong><\/td><td>Tijera y navaja con precisi\u00f3n<\/td><td>M\u00e1quina, fade y texturas<\/td><\/tr><tr><td><strong>Mantenimiento<\/strong><\/td><td>Cada 3-5 semanas<\/td><td>Cada 2-3 semanas<\/td><\/tr><tr><td><strong>Producto recomendado<\/strong><\/td><td>Pomada, cera o gomina<\/td><td>Arcilla, pasta mate o sal marina<\/td><\/tr><tr><td><strong>Ambiente ideal<\/strong><\/td><td>Formal, profesional, vers\u00e1til<\/td><td>Casual, creativo, juvenil<\/td><\/tr><tr><td><strong>Perfil de quien lo lleva<\/strong><\/td><td>Ejecutivo, profesional, cl\u00e1sico<\/td><td>Joven, art\u00edstico, urbano<\/td><\/tr><tr><td><strong>Duraci\u00f3n de tendencia<\/strong><\/td><td>Atemporal<\/td><td>Cambia con las temporadas<\/td><\/tr><tr><td><strong>Nivel de personalizaci\u00f3n<\/strong><\/td><td>Moderado<\/td><td>Alto<\/td><\/tr><tr><td><strong>Impacto visual<\/strong><\/td><td>Sutil y refinado<\/td><td>Marcado e inmediato<\/td><\/tr><\/tbody><\/table><\/figure>\n\n\n\n<h2 class=\"wp-block-heading\" id=\"h-cual-te-conviene-segun-tu-tipo-de-rostro\">\u00bfCu\u00e1l te conviene seg\u00fan tu tipo de rostro?<\/h2>\n\n\n\n<p>El <a href=\"https:\/\/agendapro.com\/blog\/visagismo-del-rostro\/\">tipo de rostro<\/a> es uno de los factores m\u00e1s determinantes a la hora de elegir entre un corte cl\u00e1sico y uno urbano, ya que cada estilo genera vol\u00famenes y proporciones distintas sobre la cabeza.<\/p>\n\n\n\n<ul class=\"wp-block-list\">\n<li><strong><a href=\"https:\/\/agendapro.com\/blog\/cortes-de-pelo-para-cara-ovalada-hombres\/\">Rostro ovalado<\/a>:<\/strong> es el m\u00e1s vers\u00e1til de todos y se adapta bien tanto a cortes cl\u00e1sicos como urbanos. Pr\u00e1cticamente cualquier estilo funciona, por lo que la decisi\u00f3n puede basarse puramente en preferencia personal y estilo de vida.<\/li>\n<\/ul>\n\n\n\n<ul class=\"wp-block-list\">\n<li><strong><a href=\"https:\/\/agendapro.com\/blog\/cortes-de-pelo-para-cara-cuadrada-de-hombre\/\">Rostro cuadrado<\/a>:<\/strong> los cortes cl\u00e1sicos como el <em>side part<\/em> o el <em>ivy league<\/em> suavizan la mand\u00edbula marcada gracias al volumen lateral controlado. En el universo urbano, el <em>textured crop<\/em> con <em>fade <\/em>suave tambi\u00e9n funciona bien al a\u00f1adir altura en la parte superior y reducir el ancho visual de la cara.<\/li>\n<\/ul>\n\n\n\n<ul class=\"wp-block-list\">\n<li><strong>Rostro redondo:<\/strong> tanto el <em>pompadour <\/em>cl\u00e1sico como el <em>undercut <\/em>urbano son excelentes opciones porque a\u00f1aden altura y alargan visualmente el rostro. Conviene evitar los cortes muy cortos y uniformes que acent\u00faan la redondez, como un <em>crew cut<\/em> muy bajo o un <em>fade <\/em>sin volumen superior.<\/li>\n<\/ul>\n\n\n\n<ul class=\"wp-block-list\">\n<li><strong>Rostro triangular o coraz\u00f3n:<\/strong> los cortes con volumen en los laterales medios equilibran la parte superior m\u00e1s ancha del rostro. El <em>ivy league<\/em> y el <em>textured crop<\/em> son opciones que funcionan bien para este tipo de cara, mientras que los <em>undercuts <\/em>muy marcados pueden acentuar el desequilibrio entre la frente y la mand\u00edbula.<\/li>\n<\/ul>\n\n\n\n<h2 class=\"wp-block-heading\" id=\"h-cual-te-conviene-segun-tu-estilo-de-vida\">\u00bfCu\u00e1l te conviene seg\u00fan tu estilo de vida?<\/h2>\n\n\n\n<p>M\u00e1s all\u00e1 del rostro, el estilo de vida es probablemente el criterio m\u00e1s honesto para elegir un corte de cabello.<\/p>\n\n\n\n<ul class=\"wp-block-list\">\n<li><strong>Perfil ejecutivo o profesional:<\/strong> si tu d\u00eda a d\u00eda incluye reuniones de negocios, presentaciones o un entorno corporativo, los cortes cl\u00e1sicos son tu aliado natural. El <em>side part<\/em>, el <em>ivy league<\/em> o un <em>crew cut<\/em> bien ejecutado proyectan seriedad y cuidado personal sin resultar exc\u00e9ntricos. Esto no significa que no puedas llevar un <em>fade <\/em>moderno, pero conviene que sea un <em>low fade<\/em> discreto combinado con una parte superior ordenada.<\/li>\n\n\n\n<li><strong>Perfil creativo o art\u00edstico:<\/strong> dise\u00f1adores, m\u00fasicos, fot\u00f3grafos o cualquier persona que trabaje en industrias creativas tiene m\u00e1s libertad para experimentar con cortes urbanos. El undercut, el two block o un fade con dise\u00f1o permiten expresar personalidad y distinguirse visualmente, algo que en entornos creativos se valora como parte de la identidad profesional.<\/li>\n\n\n\n<li><strong>Perfil deportivo o activo:<\/strong> quienes pasan mucho tiempo haciendo ejercicio, al aire libre o en actividades f\u00edsicas intensas suelen preferir cortes que requieran poco mantenimiento diario. El crew cut, el textured crop o un fade corto son opciones pr\u00e1cticas que se ven bien incluso despu\u00e9s de una sesi\u00f3n de entrenamiento, sin necesidad de producto ni peinado elaborado.<\/li>\n\n\n\n<li><strong>Perfil casual o vers\u00e1til:<\/strong> si tu rutina mezcla contextos muy distintos (trabajo, ocio, deporte, salidas nocturnas), los cortes h\u00edbridos son la mejor soluci\u00f3n. Un low fade con parte superior cl\u00e1sica, o un textured crop ligeramente m\u00e1s largo, funcionan en m\u00faltiples contextos con solo cambiar el producto o la forma en que los peinas.<\/li>\n<\/ul>\n\n\n\n<figure class=\"wp-block-image size-full\"><img decoding=\"async\" width=\"1000\" height=\"1000\" src=\"https:\/\/agendapro.com\/blog\/wp-content\/uploads\/sites\/2\/2025\/08\/Manny-Jacinto-Triangle-Face-Shape-edited.webp\" alt=\"corte clasico o urbano\" class=\"wp-image-13269\" srcset=\"https:\/\/agendapro.com\/blog\/wp-content\/uploads\/sites\/2\/2025\/08\/Manny-Jacinto-Triangle-Face-Shape-edited.webp 1000w, https:\/\/agendapro.com\/blog\/wp-content\/uploads\/sites\/2\/2025\/08\/Manny-Jacinto-Triangle-Face-Shape-edited-300x300.webp 300w, https:\/\/agendapro.com\/blog\/wp-content\/uploads\/sites\/2\/2025\/08\/Manny-Jacinto-Triangle-Face-Shape-edited-150x150.webp 150w, https:\/\/agendapro.com\/blog\/wp-content\/uploads\/sites\/2\/2025\/08\/Manny-Jacinto-Triangle-Face-Shape-edited-768x768.webp 768w, https:\/\/agendapro.com\/blog\/wp-content\/uploads\/sites\/2\/2025\/08\/Manny-Jacinto-Triangle-Face-Shape-edited-100x100.webp 100w\" sizes=\"(max-width: 1000px) 100vw, 1000px\" \/><\/figure>\n\n\n\n<h2 class=\"wp-block-heading\" id=\"h-tendencias-2026-hacia-donde-va-la-barberia\">Tendencias 2026: \u00bfhacia d\u00f3nde va la barber\u00eda?<\/h2>\n\n\n\n<p>La <a href=\"https:\/\/agendapro.com\/blog\/5-cortes-de-cabello-que-seran-tendencia-en-2026\/\">gran tendencia que define la barber\u00eda masculina<\/a> en 2026 no es ni puramente cl\u00e1sica ni puramente urbana: es la <strong>fusi\u00f3n inteligente de ambos mundos<\/strong>. Los barberos m\u00e1s influyentes est\u00e1n combinando t\u00e9cnicas tradicionales de tijera con <a href=\"https:\/\/agendapro.com\/blog\/corte-degradado-y-como-pedirlo-en-tu-barberia\/\">degradados modernos<\/a>, integrando vol\u00famenes cl\u00e1sicos con texturas urbanas y creando estilos que funcionan igual en una oficina que en una galer\u00eda de arte.<\/p>\n\n\n\n<p>El <em>pompadour <\/em>con <em>fade<\/em>, el <em>side part<\/em> con textura mate y el <em>crew cut<\/em> con l\u00ednea grabada son ejemplos perfectos de esta fusi\u00f3n que domina las redes sociales y las barber\u00edas de referencia en ciudades como:<\/p>\n\n\n\n<ul class=\"wp-block-list\">\n<li><a href=\"https:\/\/agendapro.com\/mp\/mx\/barberias-ciudad-de-mexico\">Ciudad de M\u00e9xico<\/a><\/li>\n\n\n\n<li><a href=\"https:\/\/agendapro.com\/mp\/ar\/map_search\/new?searchService=Barber%C3%ADa&amp;showLoading=false&amp;coordinates={%22lat%22:-34.603722,%22lng%22:-58.381557}&amp;flyTo={%22lat%22:-34.603722,%22lng%22:-58.381557}\">Buenos Aires<\/a><\/li>\n\n\n\n<li> <a href=\"https:\/\/agendapro.com\/mp\/co\/map_search\/new?searchService=corte+hombre&amp;coordinates={%22lat%22:4.64827,%22lng%22:-74.04827}&amp;flyTo={%22lat%22:4.64827,%22lng%22:-74.04827}&amp;showLoading=false\">Bogot\u00e1<\/a><\/li>\n<\/ul>\n\n\n\n<figure class=\"wp-block-image size-full\"><img decoding=\"async\" width=\"860\" height=\"283\" src=\"https:\/\/agendapro.com\/blog\/wp-content\/uploads\/sites\/2\/2026\/04\/Captura-de-pantalla-2026-04-21-a-las-11.45.28-a.-m.png\" alt=\"corte clasico o urbano\" class=\"wp-image-15252\" srcset=\"https:\/\/agendapro.com\/blog\/wp-content\/uploads\/sites\/2\/2026\/04\/Captura-de-pantalla-2026-04-21-a-las-11.45.28-a.-m.png 860w, https:\/\/agendapro.com\/blog\/wp-content\/uploads\/sites\/2\/2026\/04\/Captura-de-pantalla-2026-04-21-a-las-11.45.28-a.-m-300x99.png 300w, https:\/\/agendapro.com\/blog\/wp-content\/uploads\/sites\/2\/2026\/04\/Captura-de-pantalla-2026-04-21-a-las-11.45.28-a.-m-768x253.png 768w, https:\/\/agendapro.com\/blog\/wp-content\/uploads\/sites\/2\/2026\/04\/Captura-de-pantalla-2026-04-21-a-las-11.45.28-a.-m-304x100.png 304w\" sizes=\"(max-width: 860px) 100vw, 860px\" \/><\/figure>\n\n\n\n<p> La idea central es clara: ya no es necesario elegir entre elegancia y modernidad. <\/p>\n\n\n\n<p>Otra tendencia relevante es el regreso del cabello con m\u00e1s longitud en la parte superior, especialmente en estilos que permiten llevar el cabello hacia atr\u00e1s con movimiento natural, sin el aspecto r\u00edgido y sobre trabajado que caracteriz\u00f3 a algunos estilos de a\u00f1os anteriores. La naturalidad, parad\u00f3jicamente trabajada con precisi\u00f3n t\u00e9cnica, es el gran valor est\u00e9tico del momento.<\/p>\n\n\n\n<hr class=\"wp-block-separator has-alpha-channel-opacity\"\/>\n\n\n\n<h2 class=\"wp-block-heading\" id=\"h-preguntas-frecuentes-sobre-cortes-de-cabello-clasico-y-urbano\">Preguntas frecuentes sobre cortes de cabello cl\u00e1sico y urbano<\/h2>\n\n\n\n<p><strong>\u00bfCada cu\u00e1nto debo ir a la barber\u00eda para mantener un corte urbano?<\/strong> <\/p>\n\n\n\n<p>Los cortes urbanos, especialmente los que incluyen fade o undercut muy marcado, requieren una visita a la barber\u00eda cada 2 a 3 semanas para mantener el efecto visual original. El degradado crece r\u00e1pidamente y pierde definici\u00f3n, lo que hace que el corte luzca descuidado antes que uno cl\u00e1sico equivalente. Si no puedes ir con esa frecuencia, considera un low fade m\u00e1s suave que perdona mejor el crecimiento.<\/p>\n\n\n\n<p><strong>\u00bfUn corte cl\u00e1sico puede verse moderno?<\/strong> <\/p>\n\n\n\n<p>Absolutamente. La clave est\u00e1 en la ejecuci\u00f3n y en el producto que uses. Un side part con acabado mate en lugar de brillante, un crew cut con l\u00ednea grabada sutil o un pompadour con textura desestructurada son interpretaciones contempor\u00e1neas de cortes cl\u00e1sicos que se ven completamente actuales sin perder su esencia tradicional.<\/p>\n\n\n\n<p><strong>\u00bfQu\u00e9 corte urbano funciona mejor para entornos de trabajo formal?<\/strong> <\/p>\n\n\n\n<p>El textured crop con low fade es probablemente el corte urbano m\u00e1s compatible con entornos profesionales. Su degradado suave no resulta agresivo y la textura en la parte superior puede controlarse con un poco de arcilla o pasta mate para un acabado ordenado. El two block tambi\u00e9n puede funcionar en contextos formales si el cabello superior se lleva bien peinado.<\/p>\n\n\n\n<p><strong>\u00bfEl tipo de cabello influye en la elecci\u00f3n del corte?<\/strong> <\/p>\n\n\n\n<p>S\u00ed, de forma significativa. Los <a href=\"https:\/\/agendapro.com\/blog\/cortes-de-cabello-hombres-cabello-rizado-ondulado\/\">cabellos rizados<\/a> o con mucho volumen natural se adaptan muy bien a cortes urbanos como el fade o el textured crop, ya que la textura es parte del estilo. Los cabellos lisos y finos funcionan mejor con cortes cl\u00e1sicos que aprovechan la ca\u00edda natural del cabello, como el side part o el ivy league. Siempre consulta con tu barbero qu\u00e9 estilos son m\u00e1s compatibles con tu tipo de cabello espec\u00edfico.<\/p>\n\n\n\n<p><strong>\u00bfA qu\u00e9 edad es m\u00e1s apropiado cada estilo?<\/strong><\/p>\n\n\n\n<p>No existe una regla de edad estricta para ning\u00fan corte, pero s\u00ed hay tendencias generales. Los cortes urbanos con fade pronunciado, dise\u00f1os grabados o texturas muy trabajadas son m\u00e1s comunes y visualmente coherentes en hombres j\u00f3venes de entre 15 y 35 a\u00f1os. Los cortes cl\u00e1sicos no tienen l\u00edmite de edad y suelen ganar en elegancia conforme la persona madura. Dicho esto, un hombre de 50 a\u00f1os puede llevar un fade discreto con total naturalidad si se ajusta a su estilo de vida.<\/p>\n\n\n\n<p><strong>\u00bfPuedo combinar elementos cl\u00e1sicos y urbanos en un mismo corte?<\/strong> <\/p>\n\n\n\n<p>No solo puedes, sino que es la tendencia dominante en 2026. Un side part con low fade, un pompadour con textura desestructurada o un crew cut con l\u00ednea en la sien son ejemplos perfectos de cortes h\u00edbridos que toman lo mejor de ambos mundos. La clave es que la combinaci\u00f3n tenga coherencia visual y que tu barbero tenga experiencia tanto en t\u00e9cnicas cl\u00e1sicas como en cortes modernos.<\/p>\n","protected":false},"excerpt":{"rendered":"<p>Elegir un corte de cabello parece una decisi\u00f3n simple, pero en realidad dice mucho sobre tu personalidad. \u00bfCorte de cabello&#8230;<\/p>\n","protected":false},"author":1,"featured_media":14420,"comment_status":"closed","ping_status":"closed","sticky":false,"template":"","format":"standard","meta":{"_acf_changed":false,"footnotes":""},"categories":[58],"tags":[],"class_list":["post-15506","post","type-post","status-publish","format-standard","has-post-thumbnail","hentry","category-tipos-de-cortes-barberia"],"acf":[],"yoast_head":"<!-- This site is optimized with the Yoast SEO Premium plugin v26.8 (Yoast SEO v27.5) - https:\/\/yoast.com\/product\/yoast-seo-premium-wordpress\/ -->\n<title>Corte cl\u00e1sico o urbano: cu\u00e1l elegir en 2026<\/title>\n<meta name=\"description\" content=\"\u00bfCorte cl\u00e1sico o urbano? Descubre sus diferencias, los estilos m\u00e1s populares y cu\u00e1l se adapta mejor a tu rostro y estilo de vida.\" \/>\n<meta name=\"robots\" content=\"index, follow, max-snippet:-1, max-image-preview:large, max-video-preview:-1\" \/>\n<link rel=\"canonical\" href=\"https:\/\/agendapro.com\/blog\/corte-clasico-o-urbano\/\" \/>\n<meta property=\"og:locale\" content=\"es_ES\" \/>\n<meta property=\"og:type\" content=\"article\" \/>\n<meta property=\"og:title\" content=\"Corte cl\u00e1sico o urbano\" \/>\n<meta property=\"og:description\" content=\"\u00bfCorte cl\u00e1sico o urbano? Descubre sus diferencias, los estilos m\u00e1s populares y cu\u00e1l se adapta mejor a tu rostro y estilo de vida.\" \/>\n<meta property=\"og:url\" content=\"https:\/\/agendapro.com\/blog\/corte-clasico-o-urbano\/\" \/>\n<meta property=\"og:site_name\" content=\"AgendaPro Blog\" \/>\n<meta property=\"article:publisher\" content=\"https:\/\/www.facebook.com\/agendapro\" \/>\n<meta property=\"article:published_time\" content=\"2026-04-29T16:45:27+00:00\" \/>\n<meta property=\"article:modified_time\" content=\"2026-04-29T16:55:16+00:00\" \/>\n<meta property=\"og:image\" content=\"https:\/\/agendapro.com\/blog\/wp-content\/uploads\/sites\/2\/2025\/12\/hairdresser-using-razor-for-making-stylish-hairsty-2025-03-09-18-09-51-utc-edited-1-scaled.webp\" \/>\n\t<meta property=\"og:image:width\" content=\"2560\" \/>\n\t<meta property=\"og:image:height\" content=\"2560\" \/>\n\t<meta property=\"og:image:type\" content=\"image\/webp\" \/>\n<meta name=\"author\" content=\"ap-admin\" \/>\n<meta name=\"twitter:card\" content=\"summary_large_image\" \/>\n<meta name=\"twitter:creator\" content=\"@agendapro\" \/>\n<meta name=\"twitter:site\" content=\"@agendapro\" \/>\n<meta name=\"twitter:label1\" content=\"Escrito por\" \/>\n\t<meta name=\"twitter:data1\" content=\"ap-admin\" \/>\n\t<meta name=\"twitter:label2\" content=\"Tiempo de lectura\" \/>\n\t<meta name=\"twitter:data2\" content=\"11 minutos\" \/>\n<script type=\"application\/ld+json\" class=\"yoast-schema-graph\">{\"@context\":\"https:\\\/\\\/schema.org\",\"@graph\":[{\"@type\":\"Article\",\"@id\":\"https:\\\/\\\/agendapro.com\\\/blog\\\/corte-clasico-o-urbano\\\/#article\",\"isPartOf\":{\"@id\":\"https:\\\/\\\/agendapro.com\\\/blog\\\/corte-clasico-o-urbano\\\/\"},\"author\":{\"name\":\"ap-admin\",\"@id\":\"https:\\\/\\\/agendapro.com\\\/blog\\\/#\\\/schema\\\/person\\\/64a69c54b900388bcb1801b47bd3874e\"},\"headline\":\"Corte cl\u00e1sico o urbano\",\"datePublished\":\"2026-04-29T16:45:27+00:00\",\"dateModified\":\"2026-04-29T16:55:16+00:00\",\"mainEntityOfPage\":{\"@id\":\"https:\\\/\\\/agendapro.com\\\/blog\\\/corte-clasico-o-urbano\\\/\"},\"wordCount\":2309,\"publisher\":{\"@id\":\"https:\\\/\\\/agendapro.com\\\/blog\\\/#organization\"},\"image\":{\"@id\":\"https:\\\/\\\/agendapro.com\\\/blog\\\/corte-clasico-o-urbano\\\/#primaryimage\"},\"thumbnailUrl\":\"https:\\\/\\\/agendapro.com\\\/blog\\\/wp-content\\\/uploads\\\/sites\\\/2\\\/2025\\\/12\\\/hairdresser-using-razor-for-making-stylish-hairsty-2025-03-09-18-09-51-utc-edited-1-scaled.webp\",\"articleSection\":[\"Tipos de cortes barber\u00edas\"],\"inLanguage\":\"es\"},{\"@type\":\"WebPage\",\"@id\":\"https:\\\/\\\/agendapro.com\\\/blog\\\/corte-clasico-o-urbano\\\/\",\"url\":\"https:\\\/\\\/agendapro.com\\\/blog\\\/corte-clasico-o-urbano\\\/\",\"name\":\"Corte cl\u00e1sico o urbano: cu\u00e1l elegir en 2026\",\"isPartOf\":{\"@id\":\"https:\\\/\\\/agendapro.com\\\/blog\\\/#website\"},\"primaryImageOfPage\":{\"@id\":\"https:\\\/\\\/agendapro.com\\\/blog\\\/corte-clasico-o-urbano\\\/#primaryimage\"},\"image\":{\"@id\":\"https:\\\/\\\/agendapro.com\\\/blog\\\/corte-clasico-o-urbano\\\/#primaryimage\"},\"thumbnailUrl\":\"https:\\\/\\\/agendapro.com\\\/blog\\\/wp-content\\\/uploads\\\/sites\\\/2\\\/2025\\\/12\\\/hairdresser-using-razor-for-making-stylish-hairsty-2025-03-09-18-09-51-utc-edited-1-scaled.webp\",\"datePublished\":\"2026-04-29T16:45:27+00:00\",\"dateModified\":\"2026-04-29T16:55:16+00:00\",\"description\":\"\u00bfCorte cl\u00e1sico o urbano? Descubre sus diferencias, los estilos m\u00e1s populares y cu\u00e1l se adapta mejor a tu rostro y estilo de vida.\",\"breadcrumb\":{\"@id\":\"https:\\\/\\\/agendapro.com\\\/blog\\\/corte-clasico-o-urbano\\\/#breadcrumb\"},\"inLanguage\":\"es\",\"potentialAction\":[{\"@type\":\"ReadAction\",\"target\":[\"https:\\\/\\\/agendapro.com\\\/blog\\\/corte-clasico-o-urbano\\\/\"]}]},{\"@type\":\"ImageObject\",\"inLanguage\":\"es\",\"@id\":\"https:\\\/\\\/agendapro.com\\\/blog\\\/corte-clasico-o-urbano\\\/#primaryimage\",\"url\":\"https:\\\/\\\/agendapro.com\\\/blog\\\/wp-content\\\/uploads\\\/sites\\\/2\\\/2025\\\/12\\\/hairdresser-using-razor-for-making-stylish-hairsty-2025-03-09-18-09-51-utc-edited-1-scaled.webp\",\"contentUrl\":\"https:\\\/\\\/agendapro.com\\\/blog\\\/wp-content\\\/uploads\\\/sites\\\/2\\\/2025\\\/12\\\/hairdresser-using-razor-for-making-stylish-hairsty-2025-03-09-18-09-51-utc-edited-1-scaled.webp\",\"width\":2560,\"height\":2560},{\"@type\":\"BreadcrumbList\",\"@id\":\"https:\\\/\\\/agendapro.com\\\/blog\\\/corte-clasico-o-urbano\\\/#breadcrumb\",\"itemListElement\":[{\"@type\":\"ListItem\",\"position\":1,\"name\":\"Portada\",\"item\":\"https:\\\/\\\/agendapro.com\\\/blog\\\/\"},{\"@type\":\"ListItem\",\"position\":2,\"name\":\"Corte cl\u00e1sico o urbano\"}]},{\"@type\":\"WebSite\",\"@id\":\"https:\\\/\\\/agendapro.com\\\/blog\\\/#website\",\"url\":\"https:\\\/\\\/agendapro.com\\\/blog\\\/\",\"name\":\"AgendaPro Blog\",\"description\":\"\",\"publisher\":{\"@id\":\"https:\\\/\\\/agendapro.com\\\/blog\\\/#organization\"},\"potentialAction\":[{\"@type\":\"SearchAction\",\"target\":{\"@type\":\"EntryPoint\",\"urlTemplate\":\"https:\\\/\\\/agendapro.com\\\/blog\\\/?s={search_term_string}\"},\"query-input\":{\"@type\":\"PropertyValueSpecification\",\"valueRequired\":true,\"valueName\":\"search_term_string\"}}],\"inLanguage\":\"es\"},{\"@type\":\"Organization\",\"@id\":\"https:\\\/\\\/agendapro.com\\\/blog\\\/#organization\",\"name\":\"AgendaPro\",\"url\":\"https:\\\/\\\/agendapro.com\\\/blog\\\/\",\"logo\":{\"@type\":\"ImageObject\",\"inLanguage\":\"es\",\"@id\":\"https:\\\/\\\/agendapro.com\\\/blog\\\/#\\\/schema\\\/logo\\\/image\\\/\",\"url\":\"https:\\\/\\\/agendapro.com\\\/blog\\\/wp-content\\\/uploads\\\/sites\\\/2\\\/2024\\\/05\\\/screenshot.png\",\"contentUrl\":\"https:\\\/\\\/agendapro.com\\\/blog\\\/wp-content\\\/uploads\\\/sites\\\/2\\\/2024\\\/05\\\/screenshot.png\",\"width\":1280,\"height\":720,\"caption\":\"AgendaPro\"},\"image\":{\"@id\":\"https:\\\/\\\/agendapro.com\\\/blog\\\/#\\\/schema\\\/logo\\\/image\\\/\"},\"sameAs\":[\"https:\\\/\\\/www.facebook.com\\\/agendapro\",\"https:\\\/\\\/x.com\\\/agendapro\",\"https:\\\/\\\/www.instagram.com\\\/agendapro_software\"]},{\"@type\":\"Person\",\"@id\":\"https:\\\/\\\/agendapro.com\\\/blog\\\/#\\\/schema\\\/person\\\/64a69c54b900388bcb1801b47bd3874e\",\"name\":\"ap-admin\",\"image\":{\"@type\":\"ImageObject\",\"inLanguage\":\"es\",\"@id\":\"https:\\\/\\\/secure.gravatar.com\\\/avatar\\\/cfd4ee1cbbc1ed49853864eeb2376f2f74a4ea77e0f8a2b12af8c9ed60dcd04d?s=96&d=mm&r=g\",\"url\":\"https:\\\/\\\/secure.gravatar.com\\\/avatar\\\/cfd4ee1cbbc1ed49853864eeb2376f2f74a4ea77e0f8a2b12af8c9ed60dcd04d?s=96&d=mm&r=g\",\"contentUrl\":\"https:\\\/\\\/secure.gravatar.com\\\/avatar\\\/cfd4ee1cbbc1ed49853864eeb2376f2f74a4ea77e0f8a2b12af8c9ed60dcd04d?s=96&d=mm&r=g\",\"caption\":\"ap-admin\"},\"sameAs\":[\"http:\\\/\\\/a50f3a4aa426b4acdb296faa47b9d74e-684412451.us-west-2.elb.amazonaws.com\"],\"url\":\"https:\\\/\\\/agendapro.com\\\/blog\\\/author\\\/ap-admin\\\/\"}]}<\/script>\n<!-- \/ Yoast SEO Premium plugin. -->","yoast_head_json":{"title":"Corte cl\u00e1sico o urbano: cu\u00e1l elegir en 2026","description":"\u00bfCorte cl\u00e1sico o urbano? Descubre sus diferencias, los estilos m\u00e1s populares y cu\u00e1l se adapta mejor a tu rostro y estilo de vida.","robots":{"index":"index","follow":"follow","max-snippet":"max-snippet:-1","max-image-preview":"max-image-preview:large","max-video-preview":"max-video-preview:-1"},"canonical":"https:\/\/agendapro.com\/blog\/corte-clasico-o-urbano\/","og_locale":"es_ES","og_type":"article","og_title":"Corte cl\u00e1sico o urbano","og_description":"\u00bfCorte cl\u00e1sico o urbano? Descubre sus diferencias, los estilos m\u00e1s populares y cu\u00e1l se adapta mejor a tu rostro y estilo de vida.","og_url":"https:\/\/agendapro.com\/blog\/corte-clasico-o-urbano\/","og_site_name":"AgendaPro Blog","article_publisher":"https:\/\/www.facebook.com\/agendapro","article_published_time":"2026-04-29T16:45:27+00:00","article_modified_time":"2026-04-29T16:55:16+00:00","og_image":[{"width":2560,"height":2560,"url":"https:\/\/agendapro.com\/blog\/wp-content\/uploads\/sites\/2\/2025\/12\/hairdresser-using-razor-for-making-stylish-hairsty-2025-03-09-18-09-51-utc-edited-1-scaled.webp","type":"image\/webp"}],"author":"ap-admin","twitter_card":"summary_large_image","twitter_creator":"@agendapro","twitter_site":"@agendapro","twitter_misc":{"Escrito por":"ap-admin","Tiempo de lectura":"11 minutos"},"schema":{"@context":"https:\/\/schema.org","@graph":[{"@type":"Article","@id":"https:\/\/agendapro.com\/blog\/corte-clasico-o-urbano\/#article","isPartOf":{"@id":"https:\/\/agendapro.com\/blog\/corte-clasico-o-urbano\/"},"author":{"name":"ap-admin","@id":"https:\/\/agendapro.com\/blog\/#\/schema\/person\/64a69c54b900388bcb1801b47bd3874e"},"headline":"Corte cl\u00e1sico o urbano","datePublished":"2026-04-29T16:45:27+00:00","dateModified":"2026-04-29T16:55:16+00:00","mainEntityOfPage":{"@id":"https:\/\/agendapro.com\/blog\/corte-clasico-o-urbano\/"},"wordCount":2309,"publisher":{"@id":"https:\/\/agendapro.com\/blog\/#organization"},"image":{"@id":"https:\/\/agendapro.com\/blog\/corte-clasico-o-urbano\/#primaryimage"},"thumbnailUrl":"https:\/\/agendapro.com\/blog\/wp-content\/uploads\/sites\/2\/2025\/12\/hairdresser-using-razor-for-making-stylish-hairsty-2025-03-09-18-09-51-utc-edited-1-scaled.webp","articleSection":["Tipos de cortes barber\u00edas"],"inLanguage":"es"},{"@type":"WebPage","@id":"https:\/\/agendapro.com\/blog\/corte-clasico-o-urbano\/","url":"https:\/\/agendapro.com\/blog\/corte-clasico-o-urbano\/","name":"Corte cl\u00e1sico o urbano: cu\u00e1l elegir en 2026","isPartOf":{"@id":"https:\/\/agendapro.com\/blog\/#website"},"primaryImageOfPage":{"@id":"https:\/\/agendapro.com\/blog\/corte-clasico-o-urbano\/#primaryimage"},"image":{"@id":"https:\/\/agendapro.com\/blog\/corte-clasico-o-urbano\/#primaryimage"},"thumbnailUrl":"https:\/\/agendapro.com\/blog\/wp-content\/uploads\/sites\/2\/2025\/12\/hairdresser-using-razor-for-making-stylish-hairsty-2025-03-09-18-09-51-utc-edited-1-scaled.webp","datePublished":"2026-04-29T16:45:27+00:00","dateModified":"2026-04-29T16:55:16+00:00","description":"\u00bfCorte cl\u00e1sico o urbano? Descubre sus diferencias, los estilos m\u00e1s populares y cu\u00e1l se adapta mejor a tu rostro y estilo de vida.","breadcrumb":{"@id":"https:\/\/agendapro.com\/blog\/corte-clasico-o-urbano\/#breadcrumb"},"inLanguage":"es","potentialAction":[{"@type":"ReadAction","target":["https:\/\/agendapro.com\/blog\/corte-clasico-o-urbano\/"]}]},{"@type":"ImageObject","inLanguage":"es","@id":"https:\/\/agendapro.com\/blog\/corte-clasico-o-urbano\/#primaryimage","url":"https:\/\/agendapro.com\/blog\/wp-content\/uploads\/sites\/2\/2025\/12\/hairdresser-using-razor-for-making-stylish-hairsty-2025-03-09-18-09-51-utc-edited-1-scaled.webp","contentUrl":"https:\/\/agendapro.com\/blog\/wp-content\/uploads\/sites\/2\/2025\/12\/hairdresser-using-razor-for-making-stylish-hairsty-2025-03-09-18-09-51-utc-edited-1-scaled.webp","width":2560,"height":2560},{"@type":"BreadcrumbList","@id":"https:\/\/agendapro.com\/blog\/corte-clasico-o-urbano\/#breadcrumb","itemListElement":[{"@type":"ListItem","position":1,"name":"Portada","item":"https:\/\/agendapro.com\/blog\/"},{"@type":"ListItem","position":2,"name":"Corte cl\u00e1sico o urbano"}]},{"@type":"WebSite","@id":"https:\/\/agendapro.com\/blog\/#website","url":"https:\/\/agendapro.com\/blog\/","name":"AgendaPro Blog","description":"","publisher":{"@id":"https:\/\/agendapro.com\/blog\/#organization"},"potentialAction":[{"@type":"SearchAction","target":{"@type":"EntryPoint","urlTemplate":"https:\/\/agendapro.com\/blog\/?s={search_term_string}"},"query-input":{"@type":"PropertyValueSpecification","valueRequired":true,"valueName":"search_term_string"}}],"inLanguage":"es"},{"@type":"Organization","@id":"https:\/\/agendapro.com\/blog\/#organization","name":"AgendaPro","url":"https:\/\/agendapro.com\/blog\/","logo":{"@type":"ImageObject","inLanguage":"es","@id":"https:\/\/agendapro.com\/blog\/#\/schema\/logo\/image\/","url":"https:\/\/agendapro.com\/blog\/wp-content\/uploads\/sites\/2\/2024\/05\/screenshot.png","contentUrl":"https:\/\/agendapro.com\/blog\/wp-content\/uploads\/sites\/2\/2024\/05\/screenshot.png","width":1280,"height":720,"caption":"AgendaPro"},"image":{"@id":"https:\/\/agendapro.com\/blog\/#\/schema\/logo\/image\/"},"sameAs":["https:\/\/www.facebook.com\/agendapro","https:\/\/x.com\/agendapro","https:\/\/www.instagram.com\/agendapro_software"]},{"@type":"Person","@id":"https:\/\/agendapro.com\/blog\/#\/schema\/person\/64a69c54b900388bcb1801b47bd3874e","name":"ap-admin","image":{"@type":"ImageObject","inLanguage":"es","@id":"https:\/\/secure.gravatar.com\/avatar\/cfd4ee1cbbc1ed49853864eeb2376f2f74a4ea77e0f8a2b12af8c9ed60dcd04d?s=96&d=mm&r=g","url":"https:\/\/secure.gravatar.com\/avatar\/cfd4ee1cbbc1ed49853864eeb2376f2f74a4ea77e0f8a2b12af8c9ed60dcd04d?s=96&d=mm&r=g","contentUrl":"https:\/\/secure.gravatar.com\/avatar\/cfd4ee1cbbc1ed49853864eeb2376f2f74a4ea77e0f8a2b12af8c9ed60dcd04d?s=96&d=mm&r=g","caption":"ap-admin"},"sameAs":["http:\/\/a50f3a4aa426b4acdb296faa47b9d74e-684412451.us-west-2.elb.amazonaws.com"],"url":"https:\/\/agendapro.com\/blog\/author\/ap-admin\/"}]}},"_links":{"self":[{"href":"https:\/\/agendapro.com\/blog\/wp-json\/wp\/v2\/posts\/15506","targetHints":{"allow":["GET"]}}],"collection":[{"href":"https:\/\/agendapro.com\/blog\/wp-json\/wp\/v2\/posts"}],"about":[{"href":"https:\/\/agendapro.com\/blog\/wp-json\/wp\/v2\/types\/post"}],"author":[{"embeddable":true,"href":"https:\/\/agendapro.com\/blog\/wp-json\/wp\/v2\/users\/1"}],"replies":[{"embeddable":true,"href":"https:\/\/agendapro.com\/blog\/wp-json\/wp\/v2\/comments?post=15506"}],"version-history":[{"count":1,"href":"https:\/\/agendapro.com\/blog\/wp-json\/wp\/v2\/posts\/15506\/revisions"}],"predecessor-version":[{"id":15511,"href":"https:\/\/agendapro.com\/blog\/wp-json\/wp\/v2\/posts\/15506\/revisions\/15511"}],"wp:featuredmedia":[{"embeddable":true,"href":"https:\/\/agendapro.com\/blog\/wp-json\/wp\/v2\/media\/14420"}],"wp:attachment":[{"href":"https:\/\/agendapro.com\/blog\/wp-json\/wp\/v2\/media?parent=15506"}],"wp:term":[{"taxonomy":"category","embeddable":true,"href":"https:\/\/agendapro.com\/blog\/wp-json\/wp\/v2\/categories?post=15506"},{"taxonomy":"post_tag","embeddable":true,"href":"https:\/\/agendapro.com\/blog\/wp-json\/wp\/v2\/tags?post=15506"}],"curies":[{"name":"wp","href":"https:\/\/api.w.org\/{rel}","templated":true}]}}