{"id":1652,"date":"2025-08-07T16:22:02","date_gmt":"2025-08-07T22:22:02","guid":{"rendered":"https:\/\/agendapro.com\/blog\/?p=1652"},"modified":"2025-12-17T15:21:18","modified_gmt":"2025-12-17T21:21:18","slug":"cantidad-de-peroxido-y-decolorante-ideal","status":"publish","type":"post","link":"https:\/\/agendapro.com\/blog\/cantidad-de-peroxido-y-decolorante-ideal\/","title":{"rendered":"\u00bfCu\u00e1l es la cantidad de per\u00f3xido y decolorante ideal?"},"content":{"rendered":"<p style=\"text-align: justify;\"><a href=\"\/blog\/tipos-de-decoloraci%C3%B3n-de-cabello\">Decolorar el cabello<\/a><strong> es un proceso complejo<\/strong> para el cual se requiere tener experiencia, conocimiento y precisi\u00f3n. Hay que tener cuidado de elementos tan peque\u00f1os como el tiempo durante el cual se aplicar\u00e1 el producto, la <strong>cantidad de per\u00f3xido y decolorante que se usar\u00e1, <\/strong>entre otros detalles que pueden representar una gran diferencia.<\/p>\n<p style=\"text-align: justify;\"><strong>Si eres due\u00f1o de un sal\u00f3n de belleza, debes saber que la decoloraci\u00f3n es un proceso solicitado y a menudo necesario para otros procedimientos de <\/strong><strong>coloraci\u00f3n<\/strong><strong> o <\/strong><a href=\"\/blog\/colorimetria-profesional-para-el-cabello-y-peluquerias\"><strong>colorimetr\u00eda<\/strong><\/a><strong>. <\/strong>En ese sentido, es muy importante informarse y documentarse al respecto para ofrecer este servicio con la mayor precisi\u00f3n posible.<\/p>\n<p style=\"text-align: justify;\">En este art\u00edculo hablaremos<strong> sobre el per\u00f3xido para cabello: qu\u00e9 es, para qu\u00e9 sirve y qu\u00e9 proporci\u00f3n de per\u00f3xido y decolorante se debe utilizar.\u00a0<\/strong><\/p>\n<p style=\"text-align: justify;\"><strong><!--more--><\/strong><\/p>\n\n<h2 style=\"text-align: justify;\"><strong>\u00bfQu\u00e9 es el decolorante?<\/strong><\/h2>\n\n<figure class=\"wp-block-image size-large\"><img decoding=\"async\" width=\"1024\" height=\"683\" class=\"wp-image-12523\" src=\"https:\/\/agendapro.com\/blog\/wp-content\/uploads\/sites\/2\/2022\/02\/professional-hairdresser-dyeing-hair-of-her-client-2025-01-29-04-39-22-utc-1-1024x683.webp\" alt=\"\" srcset=\"https:\/\/agendapro.com\/blog\/wp-content\/uploads\/sites\/2\/2022\/02\/professional-hairdresser-dyeing-hair-of-her-client-2025-01-29-04-39-22-utc-1-1024x683.webp 1024w, https:\/\/agendapro.com\/blog\/wp-content\/uploads\/sites\/2\/2022\/02\/professional-hairdresser-dyeing-hair-of-her-client-2025-01-29-04-39-22-utc-1-300x200.webp 300w, https:\/\/agendapro.com\/blog\/wp-content\/uploads\/sites\/2\/2022\/02\/professional-hairdresser-dyeing-hair-of-her-client-2025-01-29-04-39-22-utc-1-768x512.webp 768w, https:\/\/agendapro.com\/blog\/wp-content\/uploads\/sites\/2\/2022\/02\/professional-hairdresser-dyeing-hair-of-her-client-2025-01-29-04-39-22-utc-1-1536x1024.webp 1536w, https:\/\/agendapro.com\/blog\/wp-content\/uploads\/sites\/2\/2022\/02\/professional-hairdresser-dyeing-hair-of-her-client-2025-01-29-04-39-22-utc-1-2048x1365.webp 2048w, https:\/\/agendapro.com\/blog\/wp-content\/uploads\/sites\/2\/2022\/02\/professional-hairdresser-dyeing-hair-of-her-client-2025-01-29-04-39-22-utc-1-150x100.webp 150w\" sizes=\"(max-width: 1024px) 100vw, 1024px\" \/><\/figure>\n\n<p style=\"text-align: justify;\">El decolorante es, t\u00edpicamente,<strong> un polvo con qu\u00edmicos encargados de abrir la capa exterior del cabello para permitir el paso del per\u00f3xido<\/strong>. Dentro de sus <strong>ingredientes<\/strong>, el que m\u00e1s resalta es el amonio, que es el encargado principal de debilitar la capa exterior de la fibra capilar y el que le otorga el olor tan caracter\u00edstico a la mezcla decolorante.<\/p>\n<p style=\"text-align: justify;\"><strong>Debido a la cantidad de qu\u00edmicos que tiene el polvo decolorante,<\/strong> es posible que tu cliente sienta una sensaci\u00f3n de picaz\u00f3n o ardor mientras se lo est\u00e1s aplicando. Por ello, debes estar muy en control del <strong>volumen de per\u00f3xido<\/strong> que has de usar para decolorar el cabello, as\u00ed como del <strong>tiempo <\/strong>que lo dejar\u00e1s puesto.<\/p>\n<p style=\"text-align: justify;\">\u00bfPara qu\u00e9 sirve el per\u00f3xido? El agua oxigenada o per\u00f3xido para cabello<strong> es el encargado de ir eliminando el pigmento en el cabello de tu cliente<\/strong>; est\u00e1 compuesto por una parte de per\u00f3xido de hidr\u00f3geno y otra de ox\u00edgeno y, en suma, <strong>sirve para decolorar o quitar el pigmento del cabello.<\/strong><\/p>\n<p style=\"text-align: justify;\">Una vez que el decolorante haya logrado abrir la capa exterior del cabello, el per\u00f3xido es quien penetra las fibras capilares<strong> para ir eliminando el color natural. Dependiendo de los resultados que busca tu cliente, su tipo de cabello y su color natural hay distintos tipos de per\u00f3xido<\/strong> que se puede utilizar. Van desde el agua oxigenada de 10 vol\u00famenes hasta 40 vol\u00famenes y est\u00e1 determinada seg\u00fan la cantidad de per\u00f3xido que tenga presente, es decir la de 40 vol\u00famenes tiene el doble de per\u00f3xido que la de 20 vol\u00famenes.<\/p>\n<p style=\"text-align: justify;\">Ahora<strong>, \u00bfqu\u00e9 volumen de per\u00f3xido debo usar para colorar el cabello?<\/strong> A continuaci\u00f3n, lo explicamos.<\/p>\n\n<h2 style=\"text-align: justify;\"><strong>Relaci\u00f3n entre la cantidad de per\u00f3xido y decolorante<\/strong><\/h2>\n\n<figure class=\"wp-block-image size-large\"><img decoding=\"async\" width=\"683\" height=\"1024\" class=\"wp-image-12767\" src=\"https:\/\/agendapro.com\/blog\/wp-content\/uploads\/sites\/2\/2021\/10\/hair-dye-color-set-2025-02-19-12-38-43-utc-1-683x1024.webp\" alt=\"\" srcset=\"https:\/\/agendapro.com\/blog\/wp-content\/uploads\/sites\/2\/2021\/10\/hair-dye-color-set-2025-02-19-12-38-43-utc-1-683x1024.webp 683w, https:\/\/agendapro.com\/blog\/wp-content\/uploads\/sites\/2\/2021\/10\/hair-dye-color-set-2025-02-19-12-38-43-utc-1-200x300.webp 200w, https:\/\/agendapro.com\/blog\/wp-content\/uploads\/sites\/2\/2021\/10\/hair-dye-color-set-2025-02-19-12-38-43-utc-1-768x1152.webp 768w, https:\/\/agendapro.com\/blog\/wp-content\/uploads\/sites\/2\/2021\/10\/hair-dye-color-set-2025-02-19-12-38-43-utc-1-1024x1536.webp 1024w, https:\/\/agendapro.com\/blog\/wp-content\/uploads\/sites\/2\/2021\/10\/hair-dye-color-set-2025-02-19-12-38-43-utc-1-1365x2048.webp 1365w, https:\/\/agendapro.com\/blog\/wp-content\/uploads\/sites\/2\/2021\/10\/hair-dye-color-set-2025-02-19-12-38-43-utc-1-67x100.webp 67w, https:\/\/agendapro.com\/blog\/wp-content\/uploads\/sites\/2\/2021\/10\/hair-dye-color-set-2025-02-19-12-38-43-utc-1-scaled.webp 1707w\" sizes=\"(max-width: 683px) 100vw, 683px\" \/><\/figure>\n\n<p style=\"text-align: justify;\">Como mencionamos anteriormente, tanto el per\u00f3xido como el decolorante son partes fundamentales del proceso de decoloraci\u00f3n. Sin embargo, <strong>\u00bfcu\u00e1nta cantidad de per\u00f3xido y decolorante debo utilizar?<\/strong><\/p>\n<p style=\"text-align: justify;\"><strong>La relaci\u00f3n ideal es un 1:2 <\/strong>es decir, <strong>una unidad de decolorante y dos de per\u00f3xido<\/strong>. Esto te permitir\u00e1 tener una <strong>mezcla fuerte pero lo suficientemente l\u00edquida para poder <\/strong><span style=\"font-weight: bold;\">manejarla y tener un resultado uniforme<\/span>. El resultado de esta relaci\u00f3n debe ser una mezcla homog\u00e9nea y l\u00edquida pero espesa, lo suficiente para poder levantarlo con la brocha y que caiga suavemente.<\/p>\n\n<h2 style=\"text-align: justify;\"><strong>Errores comunes al decolorar el cabello<\/strong><\/h2>\n<p style=\"text-align: justify;\"><strong>Un error com\u00fan es utilizar menos decolorante y m\u00e1s agua oxigenada <\/strong>como una forma de intentar mantener la salud del cabello, pero esto \u00fanicamente te dar\u00e1 un resultado poco uniforme y de tonos naranjas. Sin embargo, si utilizas mucho polvo decolorante y poco per\u00f3xido obtendr\u00e1s una mezcla muy espesa con la que no podr\u00e1s trabajar y que irritar\u00e1 much\u00edsimo el cabello de tu cliente.<\/p>\n<p style=\"text-align: justify;\"><strong>El tiempo de aplicaci\u00f3n<\/strong> es otro aspecto que debes considerar. Dependiendo del tipo de per\u00f3xido que est\u00e9s utilizando, el cabello de tu cliente y el resultado final podr\u00e1s decidir cu\u00e1nto tiempo aplicar la mezcla. Sin embargo, <strong>es fundamental que nunca lo dejes aplicar m\u00e1s de 50<\/strong> minutos, <strong>ya que puede da\u00f1ar gravemente el cabello del cliente.\u00a0<\/strong><\/p>\n<p style=\"text-align: justify;\">Luego de todo proceso de decoloraci\u00f3n <strong>es sumamente importante que le realices<\/strong> <strong>una hidrataci\u00f3n profunda a tu cliente <\/strong>para poder combatir cualquier posible da\u00f1o que pueda sufrir el cabello de tu cliente luego de la decoloraci\u00f3n.\u00a0Es importante destacar que <strong>este proceso no se puede repetir con demasiada frecuencia, <\/strong>ya que es un procedimiento muy agresivo y puede traer consecuencias como cabello seco y quebradizo o ca\u00edda de cabello excesivo. <strong>La recomendaci\u00f3n es que se realice como m\u00e1ximo una sesi\u00f3n de decoloraci\u00f3n al mes o cada 4 semanas.<\/strong><\/p>\n\n<figure class=\"wp-block-image size-large\"><img decoding=\"async\" width=\"1024\" height=\"683\" class=\"wp-image-12766\" src=\"https:\/\/agendapro.com\/blog\/wp-content\/uploads\/sites\/2\/2021\/10\/powdered-supplement-for-strength-training-2025-03-16-06-53-48-utc-1-1024x683.webp\" alt=\"\" srcset=\"https:\/\/agendapro.com\/blog\/wp-content\/uploads\/sites\/2\/2021\/10\/powdered-supplement-for-strength-training-2025-03-16-06-53-48-utc-1-1024x683.webp 1024w, https:\/\/agendapro.com\/blog\/wp-content\/uploads\/sites\/2\/2021\/10\/powdered-supplement-for-strength-training-2025-03-16-06-53-48-utc-1-300x200.webp 300w, https:\/\/agendapro.com\/blog\/wp-content\/uploads\/sites\/2\/2021\/10\/powdered-supplement-for-strength-training-2025-03-16-06-53-48-utc-1-768x512.webp 768w, https:\/\/agendapro.com\/blog\/wp-content\/uploads\/sites\/2\/2021\/10\/powdered-supplement-for-strength-training-2025-03-16-06-53-48-utc-1-1536x1024.webp 1536w, https:\/\/agendapro.com\/blog\/wp-content\/uploads\/sites\/2\/2021\/10\/powdered-supplement-for-strength-training-2025-03-16-06-53-48-utc-1-2048x1365.webp 2048w, https:\/\/agendapro.com\/blog\/wp-content\/uploads\/sites\/2\/2021\/10\/powdered-supplement-for-strength-training-2025-03-16-06-53-48-utc-1-150x100.webp 150w\" sizes=\"(max-width: 1024px) 100vw, 1024px\" \/><\/figure>\n\n<p style=\"text-align: justify;\"><strong>La decoloraci\u00f3n es un proceso complicado, pero es necesario que todo profesional de la belleza tenga experiencia en el \u00e1rea.<\/strong> Es una herramienta fundamental para lograr ciertos estilos y para poder aplicar t\u00e9cnicas especializadas. Tener en consideraci\u00f3n la <strong>cantidad de per\u00f3xido y decolorante<\/strong> <strong>en la mezcla y los tiempos de aplicaci\u00f3n<\/strong> es el aspecto m\u00e1s importante a la hora de aplicar este servicio. Una vez aprendidos estos conceptos, puedes aplicarlo y combinarlo <a href=\"\/blog\/reflejos-colorimetria-tipos\">con otros procedimientos.<\/a><\/p>","protected":false},"excerpt":{"rendered":"<p>Decolorar el cabello es un proceso complejo para el cual se requiere tener experiencia, conocimiento y precisi\u00f3n. Hay que tener&#8230;<\/p>\n","protected":false},"author":1,"featured_media":1653,"comment_status":"open","ping_status":"open","sticky":false,"template":"","format":"standard","meta":{"_acf_changed":false,"footnotes":""},"categories":[14],"tags":[],"class_list":["post-1652","post","type-post","status-publish","format-standard","has-post-thumbnail","hentry","category-salones-de-belleza"],"acf":[],"yoast_head":"<!-- This site is optimized with the Yoast SEO Premium plugin v26.8 (Yoast SEO v27.4) - https:\/\/yoast.com\/product\/yoast-seo-premium-wordpress\/ -->\n<title>\u00bfCu\u00e1l es la cantidad de per\u00f3xido y decolorante ideal?<\/title>\n<meta name=\"description\" content=\"\u00bfTienes dudas sobre cu\u00e1l es la cantidad de per\u00f3xido y decolorante ideal a usar en tu peluquer\u00eda? Gu\u00eda para realizar decoloraciones perfectas.\" \/>\n<meta name=\"robots\" content=\"index, follow, max-snippet:-1, max-image-preview:large, max-video-preview:-1\" \/>\n<link rel=\"canonical\" href=\"https:\/\/agendapro.com\/blog\/cantidad-de-peroxido-y-decolorante-ideal\/\" \/>\n<meta property=\"og:locale\" content=\"es_ES\" \/>\n<meta property=\"og:type\" content=\"article\" \/>\n<meta property=\"og:title\" content=\"\u00bfCu\u00e1l es la cantidad de per\u00f3xido y decolorante ideal?\" \/>\n<meta property=\"og:description\" content=\"\u00bfTienes dudas sobre cu\u00e1l es la cantidad de per\u00f3xido y decolorante ideal a usar en tu peluquer\u00eda? Gu\u00eda para realizar decoloraciones perfectas.\" \/>\n<meta property=\"og:url\" content=\"https:\/\/agendapro.com\/blog\/cantidad-de-peroxido-y-decolorante-ideal\/\" \/>\n<meta property=\"og:site_name\" content=\"AgendaPro Blog\" \/>\n<meta property=\"article:publisher\" content=\"https:\/\/www.facebook.com\/agendapro\" \/>\n<meta property=\"article:published_time\" content=\"2025-08-07T22:22:02+00:00\" \/>\n<meta property=\"article:modified_time\" content=\"2025-12-17T21:21:18+00:00\" \/>\n<meta property=\"og:image\" content=\"https:\/\/agendapro.com\/blog\/wp-content\/uploads\/sites\/2\/2024\/06\/cantidad20de20peroxido20y20decolorante.jpg\" \/>\n\t<meta property=\"og:image:width\" content=\"1200\" \/>\n\t<meta property=\"og:image:height\" content=\"600\" \/>\n\t<meta property=\"og:image:type\" content=\"image\/jpeg\" \/>\n<meta name=\"author\" content=\"ap-admin\" \/>\n<meta name=\"twitter:card\" content=\"summary_large_image\" \/>\n<meta name=\"twitter:creator\" content=\"@agendapro\" \/>\n<meta name=\"twitter:site\" content=\"@agendapro\" \/>\n<meta name=\"twitter:label1\" content=\"Escrito por\" \/>\n\t<meta name=\"twitter:data1\" content=\"ap-admin\" \/>\n\t<meta name=\"twitter:label2\" content=\"Tiempo de lectura\" \/>\n\t<meta name=\"twitter:data2\" content=\"5 minutos\" \/>\n<script type=\"application\/ld+json\" class=\"yoast-schema-graph\">{\"@context\":\"https:\\\/\\\/schema.org\",\"@graph\":[{\"@type\":\"Article\",\"@id\":\"https:\\\/\\\/agendapro.com\\\/blog\\\/cantidad-de-peroxido-y-decolorante-ideal\\\/#article\",\"isPartOf\":{\"@id\":\"https:\\\/\\\/agendapro.com\\\/blog\\\/cantidad-de-peroxido-y-decolorante-ideal\\\/\"},\"author\":{\"name\":\"ap-admin\",\"@id\":\"https:\\\/\\\/agendapro.com\\\/blog\\\/#\\\/schema\\\/person\\\/64a69c54b900388bcb1801b47bd3874e\"},\"headline\":\"\u00bfCu\u00e1l es la cantidad de per\u00f3xido y decolorante ideal?\",\"datePublished\":\"2025-08-07T22:22:02+00:00\",\"dateModified\":\"2025-12-17T21:21:18+00:00\",\"mainEntityOfPage\":{\"@id\":\"https:\\\/\\\/agendapro.com\\\/blog\\\/cantidad-de-peroxido-y-decolorante-ideal\\\/\"},\"wordCount\":868,\"commentCount\":0,\"publisher\":{\"@id\":\"https:\\\/\\\/agendapro.com\\\/blog\\\/#organization\"},\"image\":{\"@id\":\"https:\\\/\\\/agendapro.com\\\/blog\\\/cantidad-de-peroxido-y-decolorante-ideal\\\/#primaryimage\"},\"thumbnailUrl\":\"https:\\\/\\\/agendapro.com\\\/blog\\\/wp-content\\\/uploads\\\/sites\\\/2\\\/2024\\\/06\\\/cantidad20de20peroxido20y20decolorante.jpg\",\"articleSection\":[\"Salones de belleza\"],\"inLanguage\":\"es\"},{\"@type\":\"WebPage\",\"@id\":\"https:\\\/\\\/agendapro.com\\\/blog\\\/cantidad-de-peroxido-y-decolorante-ideal\\\/\",\"url\":\"https:\\\/\\\/agendapro.com\\\/blog\\\/cantidad-de-peroxido-y-decolorante-ideal\\\/\",\"name\":\"\u00bfCu\u00e1l es la cantidad de per\u00f3xido y decolorante ideal?\",\"isPartOf\":{\"@id\":\"https:\\\/\\\/agendapro.com\\\/blog\\\/#website\"},\"primaryImageOfPage\":{\"@id\":\"https:\\\/\\\/agendapro.com\\\/blog\\\/cantidad-de-peroxido-y-decolorante-ideal\\\/#primaryimage\"},\"image\":{\"@id\":\"https:\\\/\\\/agendapro.com\\\/blog\\\/cantidad-de-peroxido-y-decolorante-ideal\\\/#primaryimage\"},\"thumbnailUrl\":\"https:\\\/\\\/agendapro.com\\\/blog\\\/wp-content\\\/uploads\\\/sites\\\/2\\\/2024\\\/06\\\/cantidad20de20peroxido20y20decolorante.jpg\",\"datePublished\":\"2025-08-07T22:22:02+00:00\",\"dateModified\":\"2025-12-17T21:21:18+00:00\",\"description\":\"\u00bfTienes dudas sobre cu\u00e1l es la cantidad de per\u00f3xido y decolorante ideal a usar en tu peluquer\u00eda? Gu\u00eda para realizar decoloraciones perfectas.\",\"breadcrumb\":{\"@id\":\"https:\\\/\\\/agendapro.com\\\/blog\\\/cantidad-de-peroxido-y-decolorante-ideal\\\/#breadcrumb\"},\"inLanguage\":\"es\",\"potentialAction\":[{\"@type\":\"ReadAction\",\"target\":[\"https:\\\/\\\/agendapro.com\\\/blog\\\/cantidad-de-peroxido-y-decolorante-ideal\\\/\"]}]},{\"@type\":\"ImageObject\",\"inLanguage\":\"es\",\"@id\":\"https:\\\/\\\/agendapro.com\\\/blog\\\/cantidad-de-peroxido-y-decolorante-ideal\\\/#primaryimage\",\"url\":\"https:\\\/\\\/agendapro.com\\\/blog\\\/wp-content\\\/uploads\\\/sites\\\/2\\\/2024\\\/06\\\/cantidad20de20peroxido20y20decolorante.jpg\",\"contentUrl\":\"https:\\\/\\\/agendapro.com\\\/blog\\\/wp-content\\\/uploads\\\/sites\\\/2\\\/2024\\\/06\\\/cantidad20de20peroxido20y20decolorante.jpg\",\"width\":1200,\"height\":600,\"caption\":\"cantidad de peroxido y decolorante\"},{\"@type\":\"BreadcrumbList\",\"@id\":\"https:\\\/\\\/agendapro.com\\\/blog\\\/cantidad-de-peroxido-y-decolorante-ideal\\\/#breadcrumb\",\"itemListElement\":[{\"@type\":\"ListItem\",\"position\":1,\"name\":\"Portada\",\"item\":\"https:\\\/\\\/agendapro.com\\\/blog\\\/\"},{\"@type\":\"ListItem\",\"position\":2,\"name\":\"\u00bfCu\u00e1l es la cantidad de per\u00f3xido y decolorante ideal?\"}]},{\"@type\":\"WebSite\",\"@id\":\"https:\\\/\\\/agendapro.com\\\/blog\\\/#website\",\"url\":\"https:\\\/\\\/agendapro.com\\\/blog\\\/\",\"name\":\"AgendaPro Blog\",\"description\":\"\",\"publisher\":{\"@id\":\"https:\\\/\\\/agendapro.com\\\/blog\\\/#organization\"},\"potentialAction\":[{\"@type\":\"SearchAction\",\"target\":{\"@type\":\"EntryPoint\",\"urlTemplate\":\"https:\\\/\\\/agendapro.com\\\/blog\\\/?s={search_term_string}\"},\"query-input\":{\"@type\":\"PropertyValueSpecification\",\"valueRequired\":true,\"valueName\":\"search_term_string\"}}],\"inLanguage\":\"es\"},{\"@type\":\"Organization\",\"@id\":\"https:\\\/\\\/agendapro.com\\\/blog\\\/#organization\",\"name\":\"AgendaPro\",\"url\":\"https:\\\/\\\/agendapro.com\\\/blog\\\/\",\"logo\":{\"@type\":\"ImageObject\",\"inLanguage\":\"es\",\"@id\":\"https:\\\/\\\/agendapro.com\\\/blog\\\/#\\\/schema\\\/logo\\\/image\\\/\",\"url\":\"https:\\\/\\\/agendapro.com\\\/blog\\\/wp-content\\\/uploads\\\/sites\\\/2\\\/2024\\\/05\\\/screenshot.png\",\"contentUrl\":\"https:\\\/\\\/agendapro.com\\\/blog\\\/wp-content\\\/uploads\\\/sites\\\/2\\\/2024\\\/05\\\/screenshot.png\",\"width\":1280,\"height\":720,\"caption\":\"AgendaPro\"},\"image\":{\"@id\":\"https:\\\/\\\/agendapro.com\\\/blog\\\/#\\\/schema\\\/logo\\\/image\\\/\"},\"sameAs\":[\"https:\\\/\\\/www.facebook.com\\\/agendapro\",\"https:\\\/\\\/x.com\\\/agendapro\",\"https:\\\/\\\/www.instagram.com\\\/agendapro_software\"]},{\"@type\":\"Person\",\"@id\":\"https:\\\/\\\/agendapro.com\\\/blog\\\/#\\\/schema\\\/person\\\/64a69c54b900388bcb1801b47bd3874e\",\"name\":\"ap-admin\",\"image\":{\"@type\":\"ImageObject\",\"inLanguage\":\"es\",\"@id\":\"https:\\\/\\\/secure.gravatar.com\\\/avatar\\\/cfd4ee1cbbc1ed49853864eeb2376f2f74a4ea77e0f8a2b12af8c9ed60dcd04d?s=96&d=mm&r=g\",\"url\":\"https:\\\/\\\/secure.gravatar.com\\\/avatar\\\/cfd4ee1cbbc1ed49853864eeb2376f2f74a4ea77e0f8a2b12af8c9ed60dcd04d?s=96&d=mm&r=g\",\"contentUrl\":\"https:\\\/\\\/secure.gravatar.com\\\/avatar\\\/cfd4ee1cbbc1ed49853864eeb2376f2f74a4ea77e0f8a2b12af8c9ed60dcd04d?s=96&d=mm&r=g\",\"caption\":\"ap-admin\"},\"sameAs\":[\"http:\\\/\\\/a50f3a4aa426b4acdb296faa47b9d74e-684412451.us-west-2.elb.amazonaws.com\"],\"url\":\"https:\\\/\\\/agendapro.com\\\/blog\\\/author\\\/ap-admin\\\/\"}]}<\/script>\n<!-- \/ Yoast SEO Premium plugin. -->","yoast_head_json":{"title":"\u00bfCu\u00e1l es la cantidad de per\u00f3xido y decolorante ideal?","description":"\u00bfTienes dudas sobre cu\u00e1l es la cantidad de per\u00f3xido y decolorante ideal a usar en tu peluquer\u00eda? Gu\u00eda para realizar decoloraciones perfectas.","robots":{"index":"index","follow":"follow","max-snippet":"max-snippet:-1","max-image-preview":"max-image-preview:large","max-video-preview":"max-video-preview:-1"},"canonical":"https:\/\/agendapro.com\/blog\/cantidad-de-peroxido-y-decolorante-ideal\/","og_locale":"es_ES","og_type":"article","og_title":"\u00bfCu\u00e1l es la cantidad de per\u00f3xido y decolorante ideal?","og_description":"\u00bfTienes dudas sobre cu\u00e1l es la cantidad de per\u00f3xido y decolorante ideal a usar en tu peluquer\u00eda? Gu\u00eda para realizar decoloraciones perfectas.","og_url":"https:\/\/agendapro.com\/blog\/cantidad-de-peroxido-y-decolorante-ideal\/","og_site_name":"AgendaPro Blog","article_publisher":"https:\/\/www.facebook.com\/agendapro","article_published_time":"2025-08-07T22:22:02+00:00","article_modified_time":"2025-12-17T21:21:18+00:00","og_image":[{"width":1200,"height":600,"url":"https:\/\/agendapro.com\/blog\/wp-content\/uploads\/sites\/2\/2024\/06\/cantidad20de20peroxido20y20decolorante.jpg","type":"image\/jpeg"}],"author":"ap-admin","twitter_card":"summary_large_image","twitter_creator":"@agendapro","twitter_site":"@agendapro","twitter_misc":{"Escrito por":"ap-admin","Tiempo de lectura":"5 minutos"},"schema":{"@context":"https:\/\/schema.org","@graph":[{"@type":"Article","@id":"https:\/\/agendapro.com\/blog\/cantidad-de-peroxido-y-decolorante-ideal\/#article","isPartOf":{"@id":"https:\/\/agendapro.com\/blog\/cantidad-de-peroxido-y-decolorante-ideal\/"},"author":{"name":"ap-admin","@id":"https:\/\/agendapro.com\/blog\/#\/schema\/person\/64a69c54b900388bcb1801b47bd3874e"},"headline":"\u00bfCu\u00e1l es la cantidad de per\u00f3xido y decolorante ideal?","datePublished":"2025-08-07T22:22:02+00:00","dateModified":"2025-12-17T21:21:18+00:00","mainEntityOfPage":{"@id":"https:\/\/agendapro.com\/blog\/cantidad-de-peroxido-y-decolorante-ideal\/"},"wordCount":868,"commentCount":0,"publisher":{"@id":"https:\/\/agendapro.com\/blog\/#organization"},"image":{"@id":"https:\/\/agendapro.com\/blog\/cantidad-de-peroxido-y-decolorante-ideal\/#primaryimage"},"thumbnailUrl":"https:\/\/agendapro.com\/blog\/wp-content\/uploads\/sites\/2\/2024\/06\/cantidad20de20peroxido20y20decolorante.jpg","articleSection":["Salones de belleza"],"inLanguage":"es"},{"@type":"WebPage","@id":"https:\/\/agendapro.com\/blog\/cantidad-de-peroxido-y-decolorante-ideal\/","url":"https:\/\/agendapro.com\/blog\/cantidad-de-peroxido-y-decolorante-ideal\/","name":"\u00bfCu\u00e1l es la cantidad de per\u00f3xido y decolorante ideal?","isPartOf":{"@id":"https:\/\/agendapro.com\/blog\/#website"},"primaryImageOfPage":{"@id":"https:\/\/agendapro.com\/blog\/cantidad-de-peroxido-y-decolorante-ideal\/#primaryimage"},"image":{"@id":"https:\/\/agendapro.com\/blog\/cantidad-de-peroxido-y-decolorante-ideal\/#primaryimage"},"thumbnailUrl":"https:\/\/agendapro.com\/blog\/wp-content\/uploads\/sites\/2\/2024\/06\/cantidad20de20peroxido20y20decolorante.jpg","datePublished":"2025-08-07T22:22:02+00:00","dateModified":"2025-12-17T21:21:18+00:00","description":"\u00bfTienes dudas sobre cu\u00e1l es la cantidad de per\u00f3xido y decolorante ideal a usar en tu peluquer\u00eda? Gu\u00eda para realizar decoloraciones perfectas.","breadcrumb":{"@id":"https:\/\/agendapro.com\/blog\/cantidad-de-peroxido-y-decolorante-ideal\/#breadcrumb"},"inLanguage":"es","potentialAction":[{"@type":"ReadAction","target":["https:\/\/agendapro.com\/blog\/cantidad-de-peroxido-y-decolorante-ideal\/"]}]},{"@type":"ImageObject","inLanguage":"es","@id":"https:\/\/agendapro.com\/blog\/cantidad-de-peroxido-y-decolorante-ideal\/#primaryimage","url":"https:\/\/agendapro.com\/blog\/wp-content\/uploads\/sites\/2\/2024\/06\/cantidad20de20peroxido20y20decolorante.jpg","contentUrl":"https:\/\/agendapro.com\/blog\/wp-content\/uploads\/sites\/2\/2024\/06\/cantidad20de20peroxido20y20decolorante.jpg","width":1200,"height":600,"caption":"cantidad de peroxido y decolorante"},{"@type":"BreadcrumbList","@id":"https:\/\/agendapro.com\/blog\/cantidad-de-peroxido-y-decolorante-ideal\/#breadcrumb","itemListElement":[{"@type":"ListItem","position":1,"name":"Portada","item":"https:\/\/agendapro.com\/blog\/"},{"@type":"ListItem","position":2,"name":"\u00bfCu\u00e1l es la cantidad de per\u00f3xido y decolorante ideal?"}]},{"@type":"WebSite","@id":"https:\/\/agendapro.com\/blog\/#website","url":"https:\/\/agendapro.com\/blog\/","name":"AgendaPro Blog","description":"","publisher":{"@id":"https:\/\/agendapro.com\/blog\/#organization"},"potentialAction":[{"@type":"SearchAction","target":{"@type":"EntryPoint","urlTemplate":"https:\/\/agendapro.com\/blog\/?s={search_term_string}"},"query-input":{"@type":"PropertyValueSpecification","valueRequired":true,"valueName":"search_term_string"}}],"inLanguage":"es"},{"@type":"Organization","@id":"https:\/\/agendapro.com\/blog\/#organization","name":"AgendaPro","url":"https:\/\/agendapro.com\/blog\/","logo":{"@type":"ImageObject","inLanguage":"es","@id":"https:\/\/agendapro.com\/blog\/#\/schema\/logo\/image\/","url":"https:\/\/agendapro.com\/blog\/wp-content\/uploads\/sites\/2\/2024\/05\/screenshot.png","contentUrl":"https:\/\/agendapro.com\/blog\/wp-content\/uploads\/sites\/2\/2024\/05\/screenshot.png","width":1280,"height":720,"caption":"AgendaPro"},"image":{"@id":"https:\/\/agendapro.com\/blog\/#\/schema\/logo\/image\/"},"sameAs":["https:\/\/www.facebook.com\/agendapro","https:\/\/x.com\/agendapro","https:\/\/www.instagram.com\/agendapro_software"]},{"@type":"Person","@id":"https:\/\/agendapro.com\/blog\/#\/schema\/person\/64a69c54b900388bcb1801b47bd3874e","name":"ap-admin","image":{"@type":"ImageObject","inLanguage":"es","@id":"https:\/\/secure.gravatar.com\/avatar\/cfd4ee1cbbc1ed49853864eeb2376f2f74a4ea77e0f8a2b12af8c9ed60dcd04d?s=96&d=mm&r=g","url":"https:\/\/secure.gravatar.com\/avatar\/cfd4ee1cbbc1ed49853864eeb2376f2f74a4ea77e0f8a2b12af8c9ed60dcd04d?s=96&d=mm&r=g","contentUrl":"https:\/\/secure.gravatar.com\/avatar\/cfd4ee1cbbc1ed49853864eeb2376f2f74a4ea77e0f8a2b12af8c9ed60dcd04d?s=96&d=mm&r=g","caption":"ap-admin"},"sameAs":["http:\/\/a50f3a4aa426b4acdb296faa47b9d74e-684412451.us-west-2.elb.amazonaws.com"],"url":"https:\/\/agendapro.com\/blog\/author\/ap-admin\/"}]}},"_links":{"self":[{"href":"https:\/\/agendapro.com\/blog\/wp-json\/wp\/v2\/posts\/1652","targetHints":{"allow":["GET"]}}],"collection":[{"href":"https:\/\/agendapro.com\/blog\/wp-json\/wp\/v2\/posts"}],"about":[{"href":"https:\/\/agendapro.com\/blog\/wp-json\/wp\/v2\/types\/post"}],"author":[{"embeddable":true,"href":"https:\/\/agendapro.com\/blog\/wp-json\/wp\/v2\/users\/1"}],"replies":[{"embeddable":true,"href":"https:\/\/agendapro.com\/blog\/wp-json\/wp\/v2\/comments?post=1652"}],"version-history":[{"count":3,"href":"https:\/\/agendapro.com\/blog\/wp-json\/wp\/v2\/posts\/1652\/revisions"}],"predecessor-version":[{"id":12768,"href":"https:\/\/agendapro.com\/blog\/wp-json\/wp\/v2\/posts\/1652\/revisions\/12768"}],"wp:featuredmedia":[{"embeddable":true,"href":"https:\/\/agendapro.com\/blog\/wp-json\/wp\/v2\/media\/1653"}],"wp:attachment":[{"href":"https:\/\/agendapro.com\/blog\/wp-json\/wp\/v2\/media?parent=1652"}],"wp:term":[{"taxonomy":"category","embeddable":true,"href":"https:\/\/agendapro.com\/blog\/wp-json\/wp\/v2\/categories?post=1652"},{"taxonomy":"post_tag","embeddable":true,"href":"https:\/\/agendapro.com\/blog\/wp-json\/wp\/v2\/tags?post=1652"}],"curies":[{"name":"wp","href":"https:\/\/api.w.org\/{rel}","templated":true}]}}