{"id":1684,"date":"2025-08-19T16:43:55","date_gmt":"2025-08-19T22:43:55","guid":{"rendered":"https:\/\/agendapro.com\/blog\/?p=1684"},"modified":"2025-12-17T12:59:44","modified_gmt":"2025-12-17T18:59:44","slug":"cortes-undercut-para-hombre","status":"publish","type":"post","link":"https:\/\/agendapro.com\/blog\/cortes-undercut-para-hombre\/","title":{"rendered":"Ideas de cortes undercut para hombre"},"content":{"rendered":"\n<p><span style=\"color: #000000;\">Cada d\u00eda se ponen m\u00e1s y m\u00e1s de moda los cortes estilo undercut para hombres, por eso en tu sal\u00f3n o barber\u00eda deben estar preparados para atender a este tipo de clientes en cualquier momento. <\/span><\/p>\n\n\n\n<p><span style=\"color: #000000;\">Hay muchos estilos de <\/span><strong><span style=\"color: #000000;\">corte undercut para hombre, <\/span><\/strong><span style=\"color: #000000;\">y por eso <\/span><strong><span style=\"color: #000000;\">en este art\u00edculo hablaremos de las versiones m\u00e1s cl\u00e1sicas y algunos peinados que puedes hacer con este corte.&nbsp;<\/span><\/strong><\/p>\n\n\n\n<p><strong><span style=\"color: #000000;\"><\/span><wp-block data-block=\"core\/more\"><\/wp-block><\/strong><\/p>\n\n\n\n<h2 class=\"wp-block-heading\" id=\"h-que-es-el-corte-undercut-de-hombre\"><strong>\u00bfQu\u00e9 es el corte undercut de hombre?<\/strong><\/h2>\n\n\n\n<p><strong><span style=\"color: #000000;\">El corte undercut se caracteriza por rebajar el cabello de los laterales y la parte posterior de la cabeza, mientras que lo que queda encima es m\u00e1s largo<\/span><\/strong><span style=\"color: #000000;\">. Hay muchas versiones y estilos distintos de este corte, y se pueden adaptar perfectamente a las distintas necesidades de tus clientes.&nbsp;<\/span><\/p>\n\n\n\n<h3 class=\"wp-block-heading\" id=\"h-undercut-clasico-nbsp\"><strong>Undercut cl\u00e1sico&nbsp;<\/strong><\/h3>\n\n\n<div class=\"wp-block-image\">\n<figure class=\"aligncenter is-resized\"><img decoding=\"async\" src=\"https:\/\/lh5.googleusercontent.com\/Pbp2kgtp5eJUd2JkVIx78LdamcygwuLwZzl1437lkYehYcQxiT9kdTCRaJ1Zg4ytRrwom8GNWzoX_kankLcweyBpqmt5EHI9NEw9Xx1DEMxDsJNBNdPMKM_AIZCUAhpFenKDIZM\" alt=\"corte undercut hombre\" style=\"width:493px;height:auto\"\/><\/figure>\n<\/div>\n\n\n<p><a href=\"https:\/\/www.pinterest.com\" target=\"_blank\" rel=\"noopener nofollow\"><strong><\/strong><\/a><\/p>\n\n\n\n<p><span style=\"color: #000000;\">Este tipo de corte undercut para hombres se caracteriza por el hecho de que<\/span><strong><span style=\"color: #000000;\"> la parte que se rebaja suele tener un mismo nivel, <\/span><\/strong><span style=\"color: #000000;\">es decir no tiene efecto fade. El cabello de encima se deja un poco largo para poder ser peinado hacia atr\u00e1s o hacia un lado, pero no es lo suficientemente largo para necesitar productos. <\/span><strong><span style=\"color: #000000;\">Es un estilo cl\u00e1sico y elegante que le va bien a casi cualquier tipo de cliente.&nbsp;<\/span><\/strong><\/p>\n\n\n\n<h3 class=\"wp-block-heading\" id=\"h-undercut-rockabilly\"><strong>Undercut Rockabilly<\/strong><\/h3>\n\n\n<div class=\"wp-block-image\">\n<figure class=\"aligncenter is-resized\"><img decoding=\"async\" src=\"https:\/\/lh3.googleusercontent.com\/XJeHXmyJms5eP8RSLMHaTjKgMvIrS3uNWlL9LmBFS5pSHzgqUB1Rcb25Cw-uh-zZpq0bYUTKl7ERWXlB5Ds9vWeRq2oPxrMHzjvl7txN7DyxmYZaW0OtlA7B-BqsQgz1tSWlQR0\" alt=\"corte undercut hombre\" style=\"width:487px;height:auto\"\/><\/figure>\n<\/div>\n\n\n<p><a href=\"https:\/\/www.pinterest.com\/\" target=\"_blank\" rel=\"noopener nofollow\"><strong><\/strong><\/a><\/p>\n\n\n\n<p><span style=\"color: #000000;\">Todos hemos visto este tipo de corte undercut,<\/span> <span style=\"color: #000000;\">es muy propio de los a\u00f1os 70 y agarr\u00f3 popularidad por la pel\u00edcula <\/span><em><span style=\"color: #000000;\">Grease <\/span><\/em><span style=\"color: #000000;\">o <\/span><em><span style=\"color: #000000;\">Vaselina<\/span><\/em><span style=\"color: #000000;\">. <\/span><strong><span style=\"color: #000000;\">El corte consiste en un undercut cl\u00e1sico, pero el cabello que no se recorta se deja mucho m\u00e1s largo permitiendo as\u00ed peinarlo hacia atr\u00e1s y dar el efecto de tup\u00e9.<\/span><\/strong><span style=\"color: #000000;\"> Para lograr este estilo es necesario que tu cliente tenga el cabello medianamente largo y que est\u00e9 dispuesto a usar productos para peinar, de lo contrario ser\u00e1 muy dif\u00edcil lograr este estilo tan caracter\u00edstico.&nbsp;<\/span><\/p>\n\n\n\n<h3 class=\"wp-block-heading\" id=\"h-undercut-cortina-nbsp\"><strong>Undercut cortina&nbsp;<\/strong><\/h3>\n\n\n<div class=\"wp-block-image\">\n<figure class=\"aligncenter is-resized\"><img decoding=\"async\" src=\"https:\/\/lh3.googleusercontent.com\/vdQsVOrUGXcc15ygnjmi6V6Rw_pPx4nUu_vy582I0YEXKmA1M4kiET-y1dN2m1wdshEVQNDjG4--ba0SIKDaL-jk6Rq9OBAB9-guONyOQdjEEQ_BquqOLBeGkESiHwaHZRnL4lw\" alt=\"corte undercut hombre\" style=\"width:502px;height:auto\"\/><\/figure>\n<\/div>\n\n\n<p><a href=\"https:\/\/www.pinterest.com\" target=\"_blank\" rel=\"noopener nofollow\"><strong><\/strong><\/a><\/p>\n\n\n\n<p><span style=\"color: #000000;\">Este estilo es un buen ejemplo de un undercut de hombres con el cabello largo. <\/span><strong><span style=\"color: #000000;\">Es ideal para hombres con el cabello liso y largo que quieran un corte undercut pero sin tener que utilizar productos para el cabello. <\/span><\/strong><span style=\"color: #000000;\">B\u00e1sicamente es el mismo concepto que un undercut cl\u00e1sico (sin fade o degradado), pero al tener el cabello m\u00e1s largo,<\/span><strong><span style=\"color: #000000;\"> la parte que no se corta cae sobre los laterales en un efecto cortina.<\/span><\/strong><span style=\"color: #000000;\"> Es muy popular entre los j\u00f3venes, ya que es un corte atrevido pero muy atractivo.&nbsp;<\/span><\/p>\n\n\n\n<h3 class=\"wp-block-heading\" id=\"h-undercut-con-fade-nbsp\"><strong>Undercut con fade&nbsp;<\/strong><\/h3>\n\n\n<div class=\"wp-block-image\">\n<figure class=\"aligncenter is-resized\"><img decoding=\"async\" src=\"https:\/\/lh3.googleusercontent.com\/RdX3pGH5rEzWsXm5BwLPI2WQAUZyRY82wETaDvAWg_TTw1MSYGYIzje77zk6ObND71lIP0B3XtccXeBzEss7iLZuib3jgX1oy2eO9_668PCEbCO_FNtEnsjnlsA5cds9-dJm3xc\" alt=\"corte undercut hombre\" style=\"width:502px;height:auto\"\/><\/figure>\n<\/div>\n\n\n<p><a href=\"https:\/\/www.pinterest.com\/\" target=\"_blank\" rel=\"noopener nofollow\"><strong><\/strong><\/a><\/p>\n\n\n\n<p><strong><span style=\"color: #000000;\">Este tipo de corte es muy similar a un undercut cl\u00e1sico, pero en los laterales y la parte posterior se hacen varios niveles de corte, generando un efecto degradado o fade.<\/span><\/strong><span style=\"color: #000000;\"> El tipo de fade puede variar desde ser alto, medio o hasta la piel, todo dependiendo del gusto del cliente. Para hacer este tipo de corte es necesario contar con una hojilla en caso de querer un fade hasta la piel, o varios tipos de peine para la m\u00e1quina de afeitar.&nbsp;<\/span><\/p>\n\n\n\n<h3 class=\"wp-block-heading\" id=\"h-undercut-estilo-desordenado-nbsp\"><strong>Undercut estilo desordenado&nbsp;<\/strong><\/h3>\n\n\n<div class=\"wp-block-image\">\n<figure class=\"aligncenter is-resized\"><img decoding=\"async\" src=\"https:\/\/lh3.googleusercontent.com\/gMsoipVPSSgNlXKsZbyU3yPKL3otMTtf0IMbuN2KHABHIG5DcwDBOsxmELuNHo9kmLzRUXM3yAuZEyU1aNeWmiR3a6RhcnELhpYmI865Lulheu0Cjrcrf1NRFLvmDm89HtIky7k\" alt=\"corte undercut hombre\" style=\"width:498px;height:auto\"\/><\/figure>\n<\/div>\n\n\n<p><a href=\"https:\/\/www.pinterest.com\" target=\"_blank\" rel=\"noopener nofollow\"><strong><\/strong><\/a><\/p>\n\n\n\n<p><span style=\"color: #000000;\">Este tipo de corte <\/span><strong><span style=\"color: #000000;\">puede ser combinado con cualquier undercut<\/span><\/strong><span style=\"color: #000000;\">, ya sea cl\u00e1sico o fade, seg\u00fan el gusto del cliente. Lo que lo hace \u00fanico es que el cabello que<\/span><strong><span style=\"color: #000000;\"> se deja largo es cortado en distintas capas que le dan mucho movimiento y volumen al corte<\/span><\/strong><span style=\"color: #000000;\">. Denace su nombre de ser despeinado, ya que las distintas capas del cabello crean ese efecto.&nbsp;<\/span><\/p>\n\n\n\n<h3 class=\"wp-block-heading\" id=\"h-undercut-de-hombre-con-el-cabello-largo-nbsp\"><strong>Undercut de hombre con el cabello largo&nbsp;<\/strong><\/h3>\n\n\n<div class=\"wp-block-image\">\n<figure class=\"aligncenter is-resized\"><a href=\"https:\/\/www.pinterest.com\" target=\"_blank\" rel=\"noopener nofollow\"><img decoding=\"async\" src=\"https:\/\/lh6.googleusercontent.com\/6KF8cugJfxOPkCujDX_IS6yD1fAOyNi8-LxsAMq2glSPcTWXwN7t5d4G7rR6gUP8r-kbZ_0vunKIiZe2KVWJRzdnx7aMP7y7pe5TYVBI_bq4Z8px3wkgHCA0AbEKQYWIvCsSU0E\" alt=\"corte undercut hombre\" style=\"width:475px;height:auto\"\/><\/a><\/figure>\n<\/div>\n\n\n<p><\/p>\n\n\n\n<p><strong><span style=\"color: #000000;\">Los cortes undercut tambi\u00e9n son indicados para los hombres con el cabello largo y pueden ser combinados a discreci\u00f3n del cliente.<\/span><\/strong><span style=\"color: #000000;\"> Suelen llevarse junto a la barba, aunque no llevarla tampoco es un impedimento.&nbsp;<\/span><\/p>\n\n\n\n<p><span style=\"color: #000000;\">Generalmente se usa el cabello largo con un undercut cl\u00e1sico o con fade. Gracias al cabello largo <\/span><strong><span style=\"color: #000000;\">se genera un efecto casi como el cortina, pero el undercut queda oculto<\/span><\/strong><span style=\"color: #000000;\"> y solamente se puede ver con el cabello recogido.<\/span><\/p>\n\n\n\n<p><span style=\"color: #000000;\">Este tipo de peinado se puede llevar <\/span><strong><span style=\"color: #000000;\">con cualquier longitud del cabello, pero es preferible que el cliente tenga algo de longitud<\/span><\/strong><span style=\"color: #000000;\"> para poder dar el efecto cortina u ocultar el undercut.<\/span><\/p>\n\n\n\n<h2 class=\"wp-block-heading\" id=\"h-ideas-de-undercut-hombre\">Ideas de undercut hombre<\/h2>\n\n\n\n<p><span style=\"color: #000000;\">\u00a1Ya viste lo f\u00e1cil que es hacer un estilo undercut! Es cuesti\u00f3n de ser creativo y combinar estilos con peinados distintos seg\u00fan el estilo de tus clientes. <\/span><strong><span style=\"color: #000000;\">Este tipo de corte estar\u00e1 muy de tendencia el pr\u00f3ximo a\u00f1o, as\u00ed que puedes ir practicando para darle el mejor corte undercut a tus clientes.&nbsp;<\/span><\/strong><\/p>\n\n\n\n<figure class=\"wp-block-gallery has-nested-images columns-default is-cropped wp-block-gallery-1 is-layout-flex wp-block-gallery-is-layout-flex\">\n<figure class=\"wp-block-image size-large\"><img decoding=\"async\" width=\"162\" height=\"241\" data-id=\"13081\" src=\"https:\/\/agendapro.com\/blog\/wp-content\/uploads\/sites\/2\/2025\/08\/images-12-edited.jpg\" alt=\"\" class=\"wp-image-13081\" srcset=\"https:\/\/agendapro.com\/blog\/wp-content\/uploads\/sites\/2\/2025\/08\/images-12-edited.jpg 162w, https:\/\/agendapro.com\/blog\/wp-content\/uploads\/sites\/2\/2025\/08\/images-12-edited-67x100.jpg 67w\" sizes=\"(max-width: 162px) 100vw, 162px\" \/><\/figure>\n\n\n\n<figure class=\"wp-block-image size-large\"><img decoding=\"async\" width=\"786\" height=\"1024\" data-id=\"12904\" src=\"https:\/\/agendapro.com\/blog\/wp-content\/uploads\/sites\/2\/2025\/08\/grayscale-shot-of-a-young-male-isolated-on-a-smoot-2025-02-02-20-15-42-utc-1-edited-786x1024.webp\" alt=\"\" class=\"wp-image-12904\" srcset=\"https:\/\/agendapro.com\/blog\/wp-content\/uploads\/sites\/2\/2025\/08\/grayscale-shot-of-a-young-male-isolated-on-a-smoot-2025-02-02-20-15-42-utc-1-edited-786x1024.webp 786w, https:\/\/agendapro.com\/blog\/wp-content\/uploads\/sites\/2\/2025\/08\/grayscale-shot-of-a-young-male-isolated-on-a-smoot-2025-02-02-20-15-42-utc-1-edited-230x300.webp 230w, https:\/\/agendapro.com\/blog\/wp-content\/uploads\/sites\/2\/2025\/08\/grayscale-shot-of-a-young-male-isolated-on-a-smoot-2025-02-02-20-15-42-utc-1-edited-768x1001.webp 768w, https:\/\/agendapro.com\/blog\/wp-content\/uploads\/sites\/2\/2025\/08\/grayscale-shot-of-a-young-male-isolated-on-a-smoot-2025-02-02-20-15-42-utc-1-edited-1179x1536.webp 1179w, https:\/\/agendapro.com\/blog\/wp-content\/uploads\/sites\/2\/2025\/08\/grayscale-shot-of-a-young-male-isolated-on-a-smoot-2025-02-02-20-15-42-utc-1-edited-1572x2048.webp 1572w, https:\/\/agendapro.com\/blog\/wp-content\/uploads\/sites\/2\/2025\/08\/grayscale-shot-of-a-young-male-isolated-on-a-smoot-2025-02-02-20-15-42-utc-1-edited-77x100.webp 77w, https:\/\/agendapro.com\/blog\/wp-content\/uploads\/sites\/2\/2025\/08\/grayscale-shot-of-a-young-male-isolated-on-a-smoot-2025-02-02-20-15-42-utc-1-edited-scaled.webp 1965w\" sizes=\"(max-width: 786px) 100vw, 786px\" \/><\/figure>\n<\/figure>\n\n\n\n<figure class=\"wp-block-gallery has-nested-images columns-default is-cropped wp-block-gallery-2 is-layout-flex wp-block-gallery-is-layout-flex\">\n<figure class=\"wp-block-image size-large\"><img decoding=\"async\" width=\"236\" height=\"236\" data-id=\"12731\" src=\"https:\/\/agendapro.com\/blog\/wp-content\/uploads\/sites\/2\/2024\/08\/2fe6336f3f39dfb4856c9fe2ebfaaac2.webp\" alt=\"\" class=\"wp-image-12731\" srcset=\"https:\/\/agendapro.com\/blog\/wp-content\/uploads\/sites\/2\/2024\/08\/2fe6336f3f39dfb4856c9fe2ebfaaac2.webp 236w, https:\/\/agendapro.com\/blog\/wp-content\/uploads\/sites\/2\/2024\/08\/2fe6336f3f39dfb4856c9fe2ebfaaac2-150x150.webp 150w, https:\/\/agendapro.com\/blog\/wp-content\/uploads\/sites\/2\/2024\/08\/2fe6336f3f39dfb4856c9fe2ebfaaac2-100x100.webp 100w\" sizes=\"(max-width: 236px) 100vw, 236px\" \/><\/figure>\n\n\n\n<figure class=\"wp-block-image size-large\"><img decoding=\"async\" width=\"347\" height=\"347\" data-id=\"13131\" src=\"https:\/\/agendapro.com\/blog\/wp-content\/uploads\/sites\/2\/2025\/08\/08770457d5256257556848063d36aea7-edited.jpg\" alt=\"\" class=\"wp-image-13131\" srcset=\"https:\/\/agendapro.com\/blog\/wp-content\/uploads\/sites\/2\/2025\/08\/08770457d5256257556848063d36aea7-edited.jpg 347w, https:\/\/agendapro.com\/blog\/wp-content\/uploads\/sites\/2\/2025\/08\/08770457d5256257556848063d36aea7-edited-300x300.jpg 300w, https:\/\/agendapro.com\/blog\/wp-content\/uploads\/sites\/2\/2025\/08\/08770457d5256257556848063d36aea7-edited-150x150.jpg 150w, https:\/\/agendapro.com\/blog\/wp-content\/uploads\/sites\/2\/2025\/08\/08770457d5256257556848063d36aea7-edited-100x100.jpg 100w\" sizes=\"(max-width: 347px) 100vw, 347px\" \/><\/figure>\n<\/figure>\n\n\n\n<figure class=\"wp-block-gallery has-nested-images columns-default is-cropped wp-block-gallery-3 is-layout-flex wp-block-gallery-is-layout-flex\">\n<figure class=\"wp-block-image size-large\"><img decoding=\"async\" width=\"683\" height=\"1024\" data-id=\"13069\" src=\"https:\/\/agendapro.com\/blog\/wp-content\/uploads\/sites\/2\/2025\/08\/happy-face-and-man-model-with-healthy-skin-skinc-2025-04-05-21-38-10-utc-1-edited-683x1024.webp\" alt=\"\" class=\"wp-image-13069\" srcset=\"https:\/\/agendapro.com\/blog\/wp-content\/uploads\/sites\/2\/2025\/08\/happy-face-and-man-model-with-healthy-skin-skinc-2025-04-05-21-38-10-utc-1-edited-683x1024.webp 683w, https:\/\/agendapro.com\/blog\/wp-content\/uploads\/sites\/2\/2025\/08\/happy-face-and-man-model-with-healthy-skin-skinc-2025-04-05-21-38-10-utc-1-edited-200x300.webp 200w, https:\/\/agendapro.com\/blog\/wp-content\/uploads\/sites\/2\/2025\/08\/happy-face-and-man-model-with-healthy-skin-skinc-2025-04-05-21-38-10-utc-1-edited-768x1151.webp 768w, https:\/\/agendapro.com\/blog\/wp-content\/uploads\/sites\/2\/2025\/08\/happy-face-and-man-model-with-healthy-skin-skinc-2025-04-05-21-38-10-utc-1-edited-1024x1536.webp 1024w, https:\/\/agendapro.com\/blog\/wp-content\/uploads\/sites\/2\/2025\/08\/happy-face-and-man-model-with-healthy-skin-skinc-2025-04-05-21-38-10-utc-1-edited-1366x2048.webp 1366w, https:\/\/agendapro.com\/blog\/wp-content\/uploads\/sites\/2\/2025\/08\/happy-face-and-man-model-with-healthy-skin-skinc-2025-04-05-21-38-10-utc-1-edited-67x100.webp 67w, https:\/\/agendapro.com\/blog\/wp-content\/uploads\/sites\/2\/2025\/08\/happy-face-and-man-model-with-healthy-skin-skinc-2025-04-05-21-38-10-utc-1-edited-scaled.webp 1707w\" sizes=\"(max-width: 683px) 100vw, 683px\" \/><\/figure>\n\n\n\n<figure class=\"wp-block-image size-large\"><img decoding=\"async\" width=\"146\" height=\"229\" data-id=\"12988\" src=\"https:\/\/agendapro.com\/blog\/wp-content\/uploads\/sites\/2\/2025\/08\/images-23-1-edited.webp\" alt=\"\" class=\"wp-image-12988\" srcset=\"https:\/\/agendapro.com\/blog\/wp-content\/uploads\/sites\/2\/2025\/08\/images-23-1-edited.webp 146w, https:\/\/agendapro.com\/blog\/wp-content\/uploads\/sites\/2\/2025\/08\/images-23-1-edited-64x100.webp 64w\" sizes=\"(max-width: 146px) 100vw, 146px\" \/><\/figure>\n<\/figure>\n\n\n\n<figure class=\"wp-block-gallery has-nested-images columns-default is-cropped wp-block-gallery-4 is-layout-flex wp-block-gallery-is-layout-flex\">\n<figure class=\"wp-block-image size-large\"><img decoding=\"async\" width=\"1024\" height=\"1024\" data-id=\"12907\" src=\"https:\/\/agendapro.com\/blog\/wp-content\/uploads\/sites\/2\/2025\/08\/in-search-of-new-creative-ideas-2025-02-21-01-43-27-utc-1-1-edited-1024x1024.webp\" alt=\"\" class=\"wp-image-12907\" srcset=\"https:\/\/agendapro.com\/blog\/wp-content\/uploads\/sites\/2\/2025\/08\/in-search-of-new-creative-ideas-2025-02-21-01-43-27-utc-1-1-edited-1024x1024.webp 1024w, https:\/\/agendapro.com\/blog\/wp-content\/uploads\/sites\/2\/2025\/08\/in-search-of-new-creative-ideas-2025-02-21-01-43-27-utc-1-1-edited-300x300.webp 300w, https:\/\/agendapro.com\/blog\/wp-content\/uploads\/sites\/2\/2025\/08\/in-search-of-new-creative-ideas-2025-02-21-01-43-27-utc-1-1-edited-150x150.webp 150w, https:\/\/agendapro.com\/blog\/wp-content\/uploads\/sites\/2\/2025\/08\/in-search-of-new-creative-ideas-2025-02-21-01-43-27-utc-1-1-edited-768x768.webp 768w, https:\/\/agendapro.com\/blog\/wp-content\/uploads\/sites\/2\/2025\/08\/in-search-of-new-creative-ideas-2025-02-21-01-43-27-utc-1-1-edited-1536x1536.webp 1536w, https:\/\/agendapro.com\/blog\/wp-content\/uploads\/sites\/2\/2025\/08\/in-search-of-new-creative-ideas-2025-02-21-01-43-27-utc-1-1-edited-100x100.webp 100w, https:\/\/agendapro.com\/blog\/wp-content\/uploads\/sites\/2\/2025\/08\/in-search-of-new-creative-ideas-2025-02-21-01-43-27-utc-1-1-edited.webp 1910w\" sizes=\"(max-width: 1024px) 100vw, 1024px\" \/><\/figure>\n\n\n\n<figure class=\"wp-block-image size-large\"><img decoding=\"async\" width=\"1024\" height=\"683\" data-id=\"12831\" src=\"https:\/\/agendapro.com\/blog\/wp-content\/uploads\/sites\/2\/2025\/08\/classic-haircut-in-a-barbershop-curve-hair-stylin-2025-03-09-12-32-24-utc-1-edited-1024x683.webp\" alt=\"\" class=\"wp-image-12831\" srcset=\"https:\/\/agendapro.com\/blog\/wp-content\/uploads\/sites\/2\/2025\/08\/classic-haircut-in-a-barbershop-curve-hair-stylin-2025-03-09-12-32-24-utc-1-edited-1024x683.webp 1024w, https:\/\/agendapro.com\/blog\/wp-content\/uploads\/sites\/2\/2025\/08\/classic-haircut-in-a-barbershop-curve-hair-stylin-2025-03-09-12-32-24-utc-1-edited-300x200.webp 300w, https:\/\/agendapro.com\/blog\/wp-content\/uploads\/sites\/2\/2025\/08\/classic-haircut-in-a-barbershop-curve-hair-stylin-2025-03-09-12-32-24-utc-1-edited-768x512.webp 768w, https:\/\/agendapro.com\/blog\/wp-content\/uploads\/sites\/2\/2025\/08\/classic-haircut-in-a-barbershop-curve-hair-stylin-2025-03-09-12-32-24-utc-1-edited-1536x1024.webp 1536w, https:\/\/agendapro.com\/blog\/wp-content\/uploads\/sites\/2\/2025\/08\/classic-haircut-in-a-barbershop-curve-hair-stylin-2025-03-09-12-32-24-utc-1-edited-2048x1366.webp 2048w, https:\/\/agendapro.com\/blog\/wp-content\/uploads\/sites\/2\/2025\/08\/classic-haircut-in-a-barbershop-curve-hair-stylin-2025-03-09-12-32-24-utc-1-edited-150x100.webp 150w\" sizes=\"(max-width: 1024px) 100vw, 1024px\" \/><\/figure>\n<\/figure>\n\n\n\n<figure class=\"wp-block-gallery has-nested-images columns-default is-cropped wp-block-gallery-5 is-layout-flex wp-block-gallery-is-layout-flex\">\n<figure class=\"wp-block-image size-large\"><img decoding=\"async\" width=\"500\" height=\"500\" data-id=\"12734\" src=\"https:\/\/agendapro.com\/blog\/wp-content\/uploads\/sites\/2\/2024\/08\/fa04b1d7e3f972e65bb113f162609c4a.webp\" alt=\"\" class=\"wp-image-12734\" srcset=\"https:\/\/agendapro.com\/blog\/wp-content\/uploads\/sites\/2\/2024\/08\/fa04b1d7e3f972e65bb113f162609c4a.webp 500w, https:\/\/agendapro.com\/blog\/wp-content\/uploads\/sites\/2\/2024\/08\/fa04b1d7e3f972e65bb113f162609c4a-300x300.webp 300w, https:\/\/agendapro.com\/blog\/wp-content\/uploads\/sites\/2\/2024\/08\/fa04b1d7e3f972e65bb113f162609c4a-150x150.webp 150w, https:\/\/agendapro.com\/blog\/wp-content\/uploads\/sites\/2\/2024\/08\/fa04b1d7e3f972e65bb113f162609c4a-100x100.webp 100w\" sizes=\"(max-width: 500px) 100vw, 500px\" \/><\/figure>\n\n\n\n<figure class=\"wp-block-image size-large\"><img decoding=\"async\" width=\"225\" height=\"225\" data-id=\"12729\" src=\"https:\/\/agendapro.com\/blog\/wp-content\/uploads\/sites\/2\/2024\/08\/images-22.webp\" alt=\"\" class=\"wp-image-12729\" srcset=\"https:\/\/agendapro.com\/blog\/wp-content\/uploads\/sites\/2\/2024\/08\/images-22.webp 225w, https:\/\/agendapro.com\/blog\/wp-content\/uploads\/sites\/2\/2024\/08\/images-22-150x150.webp 150w, https:\/\/agendapro.com\/blog\/wp-content\/uploads\/sites\/2\/2024\/08\/images-22-100x100.webp 100w\" sizes=\"(max-width: 225px) 100vw, 225px\" \/><\/figure>\n<\/figure>\n\n\n\n<figure class=\"wp-block-gallery has-nested-images columns-default is-cropped wp-block-gallery-6 is-layout-flex wp-block-gallery-is-layout-flex\">\n<figure class=\"wp-block-image size-large\"><img decoding=\"async\" width=\"2560\" height=\"1707\" data-id=\"13133\" src=\"https:\/\/agendapro.com\/blog\/wp-content\/uploads\/sites\/2\/2025\/08\/classic-haircut-in-a-barbershop-curve-hair-stylin-2025-03-09-12-32-24-utc-1-edited-1-scaled.webp\" alt=\"\" class=\"wp-image-13133\" srcset=\"https:\/\/agendapro.com\/blog\/wp-content\/uploads\/sites\/2\/2025\/08\/classic-haircut-in-a-barbershop-curve-hair-stylin-2025-03-09-12-32-24-utc-1-edited-1-scaled.webp 2560w, https:\/\/agendapro.com\/blog\/wp-content\/uploads\/sites\/2\/2025\/08\/classic-haircut-in-a-barbershop-curve-hair-stylin-2025-03-09-12-32-24-utc-1-edited-1-300x200.webp 300w, https:\/\/agendapro.com\/blog\/wp-content\/uploads\/sites\/2\/2025\/08\/classic-haircut-in-a-barbershop-curve-hair-stylin-2025-03-09-12-32-24-utc-1-edited-1-1024x683.webp 1024w, https:\/\/agendapro.com\/blog\/wp-content\/uploads\/sites\/2\/2025\/08\/classic-haircut-in-a-barbershop-curve-hair-stylin-2025-03-09-12-32-24-utc-1-edited-1-768x512.webp 768w, https:\/\/agendapro.com\/blog\/wp-content\/uploads\/sites\/2\/2025\/08\/classic-haircut-in-a-barbershop-curve-hair-stylin-2025-03-09-12-32-24-utc-1-edited-1-1536x1024.webp 1536w, https:\/\/agendapro.com\/blog\/wp-content\/uploads\/sites\/2\/2025\/08\/classic-haircut-in-a-barbershop-curve-hair-stylin-2025-03-09-12-32-24-utc-1-edited-1-2048x1365.webp 2048w, https:\/\/agendapro.com\/blog\/wp-content\/uploads\/sites\/2\/2025\/08\/classic-haircut-in-a-barbershop-curve-hair-stylin-2025-03-09-12-32-24-utc-1-edited-1-150x100.webp 150w\" sizes=\"(max-width: 2560px) 100vw, 2560px\" \/><\/figure>\n\n\n\n<figure class=\"wp-block-image size-large\"><img decoding=\"async\" width=\"2560\" height=\"1707\" data-id=\"13132\" src=\"https:\/\/agendapro.com\/blog\/wp-content\/uploads\/sites\/2\/2025\/08\/tattooed-barber-cutting-the-hair-and-beard-of-a-yo-2025-06-05-22-44-27-utc-1-edited-scaled.webp\" alt=\"\" class=\"wp-image-13132\" srcset=\"https:\/\/agendapro.com\/blog\/wp-content\/uploads\/sites\/2\/2025\/08\/tattooed-barber-cutting-the-hair-and-beard-of-a-yo-2025-06-05-22-44-27-utc-1-edited-scaled.webp 2560w, https:\/\/agendapro.com\/blog\/wp-content\/uploads\/sites\/2\/2025\/08\/tattooed-barber-cutting-the-hair-and-beard-of-a-yo-2025-06-05-22-44-27-utc-1-edited-300x200.webp 300w, https:\/\/agendapro.com\/blog\/wp-content\/uploads\/sites\/2\/2025\/08\/tattooed-barber-cutting-the-hair-and-beard-of-a-yo-2025-06-05-22-44-27-utc-1-edited-1024x683.webp 1024w, https:\/\/agendapro.com\/blog\/wp-content\/uploads\/sites\/2\/2025\/08\/tattooed-barber-cutting-the-hair-and-beard-of-a-yo-2025-06-05-22-44-27-utc-1-edited-768x512.webp 768w, https:\/\/agendapro.com\/blog\/wp-content\/uploads\/sites\/2\/2025\/08\/tattooed-barber-cutting-the-hair-and-beard-of-a-yo-2025-06-05-22-44-27-utc-1-edited-1536x1024.webp 1536w, https:\/\/agendapro.com\/blog\/wp-content\/uploads\/sites\/2\/2025\/08\/tattooed-barber-cutting-the-hair-and-beard-of-a-yo-2025-06-05-22-44-27-utc-1-edited-2048x1365.webp 2048w, https:\/\/agendapro.com\/blog\/wp-content\/uploads\/sites\/2\/2025\/08\/tattooed-barber-cutting-the-hair-and-beard-of-a-yo-2025-06-05-22-44-27-utc-1-edited-150x100.webp 150w\" sizes=\"(max-width: 2560px) 100vw, 2560px\" \/><\/figure>\n<\/figure>\n\n\n\n<p><\/p>\n","protected":false},"excerpt":{"rendered":"<p>Cada d\u00eda se ponen m\u00e1s y m\u00e1s de moda los cortes estilo undercut para hombres, por eso en tu sal\u00f3n&#8230;<\/p>\n","protected":false},"author":1,"featured_media":1685,"comment_status":"open","ping_status":"open","sticky":false,"template":"","format":"standard","meta":{"_acf_changed":false,"footnotes":""},"categories":[58],"tags":[],"class_list":["post-1684","post","type-post","status-publish","format-standard","has-post-thumbnail","hentry","category-tipos-de-cortes-barberia"],"acf":[],"yoast_head":"<!-- This site is optimized with the Yoast SEO Premium plugin v26.8 (Yoast SEO v27.4) - https:\/\/yoast.com\/product\/yoast-seo-premium-wordpress\/ -->\n<title>Ideas de cortes undercut para hombre<\/title>\n<meta name=\"description\" content=\"Insp\u00edrate con estas ideas del corte undercut para hombres, c\u00f3mo hacerlo y qu\u00e9 debes saber para ofrecer este servicio en tu barber\u00eda.\" \/>\n<meta name=\"robots\" content=\"index, follow, max-snippet:-1, max-image-preview:large, max-video-preview:-1\" \/>\n<link rel=\"canonical\" href=\"https:\/\/agendapro.com\/blog\/cortes-undercut-para-hombre\/\" \/>\n<meta property=\"og:locale\" content=\"es_ES\" \/>\n<meta property=\"og:type\" content=\"article\" \/>\n<meta property=\"og:title\" content=\"Ideas de cortes undercut para hombre\" \/>\n<meta property=\"og:description\" content=\"Insp\u00edrate con estas ideas del corte undercut para hombres, c\u00f3mo hacerlo y qu\u00e9 debes saber para ofrecer este servicio en tu barber\u00eda.\" \/>\n<meta property=\"og:url\" content=\"https:\/\/agendapro.com\/blog\/cortes-undercut-para-hombre\/\" \/>\n<meta property=\"og:site_name\" content=\"AgendaPro Blog\" \/>\n<meta property=\"article:publisher\" content=\"https:\/\/www.facebook.com\/agendapro\" \/>\n<meta property=\"article:published_time\" content=\"2025-08-19T22:43:55+00:00\" \/>\n<meta property=\"article:modified_time\" content=\"2025-12-17T18:59:44+00:00\" \/>\n<meta property=\"og:image\" content=\"https:\/\/agendapro.com\/blog\/wp-content\/uploads\/sites\/2\/2024\/06\/corte20undercut20hombre.jpg\" \/>\n\t<meta property=\"og:image:width\" content=\"1200\" \/>\n\t<meta property=\"og:image:height\" content=\"600\" \/>\n\t<meta property=\"og:image:type\" content=\"image\/jpeg\" \/>\n<meta name=\"author\" content=\"ap-admin\" \/>\n<meta name=\"twitter:card\" content=\"summary_large_image\" \/>\n<meta name=\"twitter:creator\" content=\"@agendapro\" \/>\n<meta name=\"twitter:site\" content=\"@agendapro\" \/>\n<meta name=\"twitter:label1\" content=\"Escrito por\" \/>\n\t<meta name=\"twitter:data1\" content=\"ap-admin\" \/>\n\t<meta name=\"twitter:label2\" content=\"Tiempo de lectura\" \/>\n\t<meta name=\"twitter:data2\" content=\"7 minutos\" \/>\n<script type=\"application\/ld+json\" class=\"yoast-schema-graph\">{\"@context\":\"https:\\\/\\\/schema.org\",\"@graph\":[{\"@type\":\"Article\",\"@id\":\"https:\\\/\\\/agendapro.com\\\/blog\\\/cortes-undercut-para-hombre\\\/#article\",\"isPartOf\":{\"@id\":\"https:\\\/\\\/agendapro.com\\\/blog\\\/cortes-undercut-para-hombre\\\/\"},\"author\":{\"name\":\"ap-admin\",\"@id\":\"https:\\\/\\\/agendapro.com\\\/blog\\\/#\\\/schema\\\/person\\\/64a69c54b900388bcb1801b47bd3874e\"},\"headline\":\"Ideas de cortes undercut para hombre\",\"datePublished\":\"2025-08-19T22:43:55+00:00\",\"dateModified\":\"2025-12-17T18:59:44+00:00\",\"mainEntityOfPage\":{\"@id\":\"https:\\\/\\\/agendapro.com\\\/blog\\\/cortes-undercut-para-hombre\\\/\"},\"wordCount\":749,\"commentCount\":0,\"publisher\":{\"@id\":\"https:\\\/\\\/agendapro.com\\\/blog\\\/#organization\"},\"image\":{\"@id\":\"https:\\\/\\\/agendapro.com\\\/blog\\\/cortes-undercut-para-hombre\\\/#primaryimage\"},\"thumbnailUrl\":\"https:\\\/\\\/agendapro.com\\\/blog\\\/wp-content\\\/uploads\\\/sites\\\/2\\\/2024\\\/06\\\/corte20undercut20hombre.jpg\",\"articleSection\":[\"Tipos de cortes barber\u00edas\"],\"inLanguage\":\"es\"},{\"@type\":\"WebPage\",\"@id\":\"https:\\\/\\\/agendapro.com\\\/blog\\\/cortes-undercut-para-hombre\\\/\",\"url\":\"https:\\\/\\\/agendapro.com\\\/blog\\\/cortes-undercut-para-hombre\\\/\",\"name\":\"Ideas de cortes undercut para hombre\",\"isPartOf\":{\"@id\":\"https:\\\/\\\/agendapro.com\\\/blog\\\/#website\"},\"primaryImageOfPage\":{\"@id\":\"https:\\\/\\\/agendapro.com\\\/blog\\\/cortes-undercut-para-hombre\\\/#primaryimage\"},\"image\":{\"@id\":\"https:\\\/\\\/agendapro.com\\\/blog\\\/cortes-undercut-para-hombre\\\/#primaryimage\"},\"thumbnailUrl\":\"https:\\\/\\\/agendapro.com\\\/blog\\\/wp-content\\\/uploads\\\/sites\\\/2\\\/2024\\\/06\\\/corte20undercut20hombre.jpg\",\"datePublished\":\"2025-08-19T22:43:55+00:00\",\"dateModified\":\"2025-12-17T18:59:44+00:00\",\"description\":\"Insp\u00edrate con estas ideas del corte undercut para hombres, c\u00f3mo hacerlo y qu\u00e9 debes saber para ofrecer este servicio en tu barber\u00eda.\",\"breadcrumb\":{\"@id\":\"https:\\\/\\\/agendapro.com\\\/blog\\\/cortes-undercut-para-hombre\\\/#breadcrumb\"},\"inLanguage\":\"es\",\"potentialAction\":[{\"@type\":\"ReadAction\",\"target\":[\"https:\\\/\\\/agendapro.com\\\/blog\\\/cortes-undercut-para-hombre\\\/\"]}]},{\"@type\":\"ImageObject\",\"inLanguage\":\"es\",\"@id\":\"https:\\\/\\\/agendapro.com\\\/blog\\\/cortes-undercut-para-hombre\\\/#primaryimage\",\"url\":\"https:\\\/\\\/agendapro.com\\\/blog\\\/wp-content\\\/uploads\\\/sites\\\/2\\\/2024\\\/06\\\/corte20undercut20hombre.jpg\",\"contentUrl\":\"https:\\\/\\\/agendapro.com\\\/blog\\\/wp-content\\\/uploads\\\/sites\\\/2\\\/2024\\\/06\\\/corte20undercut20hombre.jpg\",\"width\":1200,\"height\":600,\"caption\":\"corte undercut hombre\"},{\"@type\":\"BreadcrumbList\",\"@id\":\"https:\\\/\\\/agendapro.com\\\/blog\\\/cortes-undercut-para-hombre\\\/#breadcrumb\",\"itemListElement\":[{\"@type\":\"ListItem\",\"position\":1,\"name\":\"Portada\",\"item\":\"https:\\\/\\\/agendapro.com\\\/blog\\\/\"},{\"@type\":\"ListItem\",\"position\":2,\"name\":\"Ideas de cortes undercut para hombre\"}]},{\"@type\":\"WebSite\",\"@id\":\"https:\\\/\\\/agendapro.com\\\/blog\\\/#website\",\"url\":\"https:\\\/\\\/agendapro.com\\\/blog\\\/\",\"name\":\"AgendaPro Blog\",\"description\":\"\",\"publisher\":{\"@id\":\"https:\\\/\\\/agendapro.com\\\/blog\\\/#organization\"},\"potentialAction\":[{\"@type\":\"SearchAction\",\"target\":{\"@type\":\"EntryPoint\",\"urlTemplate\":\"https:\\\/\\\/agendapro.com\\\/blog\\\/?s={search_term_string}\"},\"query-input\":{\"@type\":\"PropertyValueSpecification\",\"valueRequired\":true,\"valueName\":\"search_term_string\"}}],\"inLanguage\":\"es\"},{\"@type\":\"Organization\",\"@id\":\"https:\\\/\\\/agendapro.com\\\/blog\\\/#organization\",\"name\":\"AgendaPro\",\"url\":\"https:\\\/\\\/agendapro.com\\\/blog\\\/\",\"logo\":{\"@type\":\"ImageObject\",\"inLanguage\":\"es\",\"@id\":\"https:\\\/\\\/agendapro.com\\\/blog\\\/#\\\/schema\\\/logo\\\/image\\\/\",\"url\":\"https:\\\/\\\/agendapro.com\\\/blog\\\/wp-content\\\/uploads\\\/sites\\\/2\\\/2024\\\/05\\\/screenshot.png\",\"contentUrl\":\"https:\\\/\\\/agendapro.com\\\/blog\\\/wp-content\\\/uploads\\\/sites\\\/2\\\/2024\\\/05\\\/screenshot.png\",\"width\":1280,\"height\":720,\"caption\":\"AgendaPro\"},\"image\":{\"@id\":\"https:\\\/\\\/agendapro.com\\\/blog\\\/#\\\/schema\\\/logo\\\/image\\\/\"},\"sameAs\":[\"https:\\\/\\\/www.facebook.com\\\/agendapro\",\"https:\\\/\\\/x.com\\\/agendapro\",\"https:\\\/\\\/www.instagram.com\\\/agendapro_software\"]},{\"@type\":\"Person\",\"@id\":\"https:\\\/\\\/agendapro.com\\\/blog\\\/#\\\/schema\\\/person\\\/64a69c54b900388bcb1801b47bd3874e\",\"name\":\"ap-admin\",\"image\":{\"@type\":\"ImageObject\",\"inLanguage\":\"es\",\"@id\":\"https:\\\/\\\/secure.gravatar.com\\\/avatar\\\/cfd4ee1cbbc1ed49853864eeb2376f2f74a4ea77e0f8a2b12af8c9ed60dcd04d?s=96&d=mm&r=g\",\"url\":\"https:\\\/\\\/secure.gravatar.com\\\/avatar\\\/cfd4ee1cbbc1ed49853864eeb2376f2f74a4ea77e0f8a2b12af8c9ed60dcd04d?s=96&d=mm&r=g\",\"contentUrl\":\"https:\\\/\\\/secure.gravatar.com\\\/avatar\\\/cfd4ee1cbbc1ed49853864eeb2376f2f74a4ea77e0f8a2b12af8c9ed60dcd04d?s=96&d=mm&r=g\",\"caption\":\"ap-admin\"},\"sameAs\":[\"http:\\\/\\\/a50f3a4aa426b4acdb296faa47b9d74e-684412451.us-west-2.elb.amazonaws.com\"],\"url\":\"https:\\\/\\\/agendapro.com\\\/blog\\\/author\\\/ap-admin\\\/\"}]}<\/script>\n<!-- \/ Yoast SEO Premium plugin. -->","yoast_head_json":{"title":"Ideas de cortes undercut para hombre","description":"Insp\u00edrate con estas ideas del corte undercut para hombres, c\u00f3mo hacerlo y qu\u00e9 debes saber para ofrecer este servicio en tu barber\u00eda.","robots":{"index":"index","follow":"follow","max-snippet":"max-snippet:-1","max-image-preview":"max-image-preview:large","max-video-preview":"max-video-preview:-1"},"canonical":"https:\/\/agendapro.com\/blog\/cortes-undercut-para-hombre\/","og_locale":"es_ES","og_type":"article","og_title":"Ideas de cortes undercut para hombre","og_description":"Insp\u00edrate con estas ideas del corte undercut para hombres, c\u00f3mo hacerlo y qu\u00e9 debes saber para ofrecer este servicio en tu barber\u00eda.","og_url":"https:\/\/agendapro.com\/blog\/cortes-undercut-para-hombre\/","og_site_name":"AgendaPro Blog","article_publisher":"https:\/\/www.facebook.com\/agendapro","article_published_time":"2025-08-19T22:43:55+00:00","article_modified_time":"2025-12-17T18:59:44+00:00","og_image":[{"width":1200,"height":600,"url":"https:\/\/agendapro.com\/blog\/wp-content\/uploads\/sites\/2\/2024\/06\/corte20undercut20hombre.jpg","type":"image\/jpeg"}],"author":"ap-admin","twitter_card":"summary_large_image","twitter_creator":"@agendapro","twitter_site":"@agendapro","twitter_misc":{"Escrito por":"ap-admin","Tiempo de lectura":"7 minutos"},"schema":{"@context":"https:\/\/schema.org","@graph":[{"@type":"Article","@id":"https:\/\/agendapro.com\/blog\/cortes-undercut-para-hombre\/#article","isPartOf":{"@id":"https:\/\/agendapro.com\/blog\/cortes-undercut-para-hombre\/"},"author":{"name":"ap-admin","@id":"https:\/\/agendapro.com\/blog\/#\/schema\/person\/64a69c54b900388bcb1801b47bd3874e"},"headline":"Ideas de cortes undercut para hombre","datePublished":"2025-08-19T22:43:55+00:00","dateModified":"2025-12-17T18:59:44+00:00","mainEntityOfPage":{"@id":"https:\/\/agendapro.com\/blog\/cortes-undercut-para-hombre\/"},"wordCount":749,"commentCount":0,"publisher":{"@id":"https:\/\/agendapro.com\/blog\/#organization"},"image":{"@id":"https:\/\/agendapro.com\/blog\/cortes-undercut-para-hombre\/#primaryimage"},"thumbnailUrl":"https:\/\/agendapro.com\/blog\/wp-content\/uploads\/sites\/2\/2024\/06\/corte20undercut20hombre.jpg","articleSection":["Tipos de cortes barber\u00edas"],"inLanguage":"es"},{"@type":"WebPage","@id":"https:\/\/agendapro.com\/blog\/cortes-undercut-para-hombre\/","url":"https:\/\/agendapro.com\/blog\/cortes-undercut-para-hombre\/","name":"Ideas de cortes undercut para hombre","isPartOf":{"@id":"https:\/\/agendapro.com\/blog\/#website"},"primaryImageOfPage":{"@id":"https:\/\/agendapro.com\/blog\/cortes-undercut-para-hombre\/#primaryimage"},"image":{"@id":"https:\/\/agendapro.com\/blog\/cortes-undercut-para-hombre\/#primaryimage"},"thumbnailUrl":"https:\/\/agendapro.com\/blog\/wp-content\/uploads\/sites\/2\/2024\/06\/corte20undercut20hombre.jpg","datePublished":"2025-08-19T22:43:55+00:00","dateModified":"2025-12-17T18:59:44+00:00","description":"Insp\u00edrate con estas ideas del corte undercut para hombres, c\u00f3mo hacerlo y qu\u00e9 debes saber para ofrecer este servicio en tu barber\u00eda.","breadcrumb":{"@id":"https:\/\/agendapro.com\/blog\/cortes-undercut-para-hombre\/#breadcrumb"},"inLanguage":"es","potentialAction":[{"@type":"ReadAction","target":["https:\/\/agendapro.com\/blog\/cortes-undercut-para-hombre\/"]}]},{"@type":"ImageObject","inLanguage":"es","@id":"https:\/\/agendapro.com\/blog\/cortes-undercut-para-hombre\/#primaryimage","url":"https:\/\/agendapro.com\/blog\/wp-content\/uploads\/sites\/2\/2024\/06\/corte20undercut20hombre.jpg","contentUrl":"https:\/\/agendapro.com\/blog\/wp-content\/uploads\/sites\/2\/2024\/06\/corte20undercut20hombre.jpg","width":1200,"height":600,"caption":"corte undercut hombre"},{"@type":"BreadcrumbList","@id":"https:\/\/agendapro.com\/blog\/cortes-undercut-para-hombre\/#breadcrumb","itemListElement":[{"@type":"ListItem","position":1,"name":"Portada","item":"https:\/\/agendapro.com\/blog\/"},{"@type":"ListItem","position":2,"name":"Ideas de cortes undercut para hombre"}]},{"@type":"WebSite","@id":"https:\/\/agendapro.com\/blog\/#website","url":"https:\/\/agendapro.com\/blog\/","name":"AgendaPro Blog","description":"","publisher":{"@id":"https:\/\/agendapro.com\/blog\/#organization"},"potentialAction":[{"@type":"SearchAction","target":{"@type":"EntryPoint","urlTemplate":"https:\/\/agendapro.com\/blog\/?s={search_term_string}"},"query-input":{"@type":"PropertyValueSpecification","valueRequired":true,"valueName":"search_term_string"}}],"inLanguage":"es"},{"@type":"Organization","@id":"https:\/\/agendapro.com\/blog\/#organization","name":"AgendaPro","url":"https:\/\/agendapro.com\/blog\/","logo":{"@type":"ImageObject","inLanguage":"es","@id":"https:\/\/agendapro.com\/blog\/#\/schema\/logo\/image\/","url":"https:\/\/agendapro.com\/blog\/wp-content\/uploads\/sites\/2\/2024\/05\/screenshot.png","contentUrl":"https:\/\/agendapro.com\/blog\/wp-content\/uploads\/sites\/2\/2024\/05\/screenshot.png","width":1280,"height":720,"caption":"AgendaPro"},"image":{"@id":"https:\/\/agendapro.com\/blog\/#\/schema\/logo\/image\/"},"sameAs":["https:\/\/www.facebook.com\/agendapro","https:\/\/x.com\/agendapro","https:\/\/www.instagram.com\/agendapro_software"]},{"@type":"Person","@id":"https:\/\/agendapro.com\/blog\/#\/schema\/person\/64a69c54b900388bcb1801b47bd3874e","name":"ap-admin","image":{"@type":"ImageObject","inLanguage":"es","@id":"https:\/\/secure.gravatar.com\/avatar\/cfd4ee1cbbc1ed49853864eeb2376f2f74a4ea77e0f8a2b12af8c9ed60dcd04d?s=96&d=mm&r=g","url":"https:\/\/secure.gravatar.com\/avatar\/cfd4ee1cbbc1ed49853864eeb2376f2f74a4ea77e0f8a2b12af8c9ed60dcd04d?s=96&d=mm&r=g","contentUrl":"https:\/\/secure.gravatar.com\/avatar\/cfd4ee1cbbc1ed49853864eeb2376f2f74a4ea77e0f8a2b12af8c9ed60dcd04d?s=96&d=mm&r=g","caption":"ap-admin"},"sameAs":["http:\/\/a50f3a4aa426b4acdb296faa47b9d74e-684412451.us-west-2.elb.amazonaws.com"],"url":"https:\/\/agendapro.com\/blog\/author\/ap-admin\/"}]}},"_links":{"self":[{"href":"https:\/\/agendapro.com\/blog\/wp-json\/wp\/v2\/posts\/1684","targetHints":{"allow":["GET"]}}],"collection":[{"href":"https:\/\/agendapro.com\/blog\/wp-json\/wp\/v2\/posts"}],"about":[{"href":"https:\/\/agendapro.com\/blog\/wp-json\/wp\/v2\/types\/post"}],"author":[{"embeddable":true,"href":"https:\/\/agendapro.com\/blog\/wp-json\/wp\/v2\/users\/1"}],"replies":[{"embeddable":true,"href":"https:\/\/agendapro.com\/blog\/wp-json\/wp\/v2\/comments?post=1684"}],"version-history":[{"count":6,"href":"https:\/\/agendapro.com\/blog\/wp-json\/wp\/v2\/posts\/1684\/revisions"}],"predecessor-version":[{"id":13135,"href":"https:\/\/agendapro.com\/blog\/wp-json\/wp\/v2\/posts\/1684\/revisions\/13135"}],"wp:featuredmedia":[{"embeddable":true,"href":"https:\/\/agendapro.com\/blog\/wp-json\/wp\/v2\/media\/1685"}],"wp:attachment":[{"href":"https:\/\/agendapro.com\/blog\/wp-json\/wp\/v2\/media?parent=1684"}],"wp:term":[{"taxonomy":"category","embeddable":true,"href":"https:\/\/agendapro.com\/blog\/wp-json\/wp\/v2\/categories?post=1684"},{"taxonomy":"post_tag","embeddable":true,"href":"https:\/\/agendapro.com\/blog\/wp-json\/wp\/v2\/tags?post=1684"}],"curies":[{"name":"wp","href":"https:\/\/api.w.org\/{rel}","templated":true}]}}