{"id":1830,"date":"2022-05-31T15:27:55","date_gmt":"2022-05-31T20:27:55","guid":{"rendered":"https:\/\/agendapro.com\/blog\/?p=1830"},"modified":"2025-12-17T13:06:08","modified_gmt":"2025-12-17T19:06:08","slug":"barberia-movil","status":"publish","type":"post","link":"https:\/\/agendapro.com\/blog\/barberia-movil\/","title":{"rendered":"Barber\u00eda m\u00f3vil: ofrece tus servicios de barbero en toda la ciudad"},"content":{"rendered":"<p style=\"text-align: justify;\">Si un buen servicio y la comodidad de tu cliente es primordial para ti, entonces una barber\u00eda m\u00f3vil es una de las mejores opciones para tu local. <strong>Una barber shop m\u00f3vil te da la especializaci\u00f3n de cualquier local f\u00edsico, m\u00e1s el beneficio de poder ir hasta donde est\u00e1 tu cliente.<\/strong><\/p>\n<\/p>\n<p style=\"text-align: justify;\">En este art\u00edculo te contaremos qu\u00e9 son las barber\u00edas m\u00f3viles, qu\u00e9 necesitas para montar una, el paso a paso para montarla y los beneficios y desventajas que tiene este tipo de negocio.&nbsp;<\/p>\n<p><!--more--><\/p>\n<h2 style=\"text-align: justify;\"><strong>Qu\u00e9 es una barber\u00eda m\u00f3vil<\/strong><\/h2>\n<p style=\"text-align: justify;\">Una <strong>barber\u00eda m\u00f3vil o barber m\u00f3vil<\/strong> es un tipo de negocio que va creciendo en popularidad. <strong>El concepto se basa en la idea de movilidad, flexibilidad y poder atender a tus clientes en cualquier parte.<\/strong><\/p>\n<p style=\"text-align: justify;\">En pocas palabras, <strong>una barber\u00eda m\u00f3vil es aquella que ejecuta sus operaciones dentro de un veh\u00edculo. <\/strong>Es decir, en vez de tener un local dentro de un edificio o algo similar, la barber\u00eda tiene su sede operativa dentro de un veh\u00edculo. Generalmente se utilizan camionetas grandes (como por ejemplo, las camionetas de los <em>food<\/em> <em>trucks<\/em>) donde en su interior se recrea el ambiente de una barber\u00eda y, adem\u00e1s, se cuenta con todo el mobiliario e implementos necesarios para llevar a cabo la actividad.<\/p>\n<p style=\"text-align: justify;\">Tambi\u00e9n existe<strong> otro tipo de barber\u00eda m\u00f3vil <\/strong>en la que el barbero se traslada a donde el cliente lo requiera (es decir, como un servicio a domicilio), y dentro de su veh\u00edculo personal cuenta con todo el mobiliario e implementos que necesita. En todo caso, <strong>dependiendo de c\u00f3mo pienses y visualices tu modelo de negocio, deber\u00e1s escoger qu\u00e9 tipo de veh\u00edculo e implementos necesitas para ofrecer tus servicios sin problemas<\/strong>. Es una decisi\u00f3n muy importante que tendr\u00e1 repercusi\u00f3n en el futuro de tu negocio, por lo que te recomendamos buscar informaci\u00f3n sobre otros barberos que lleven a cabo su profesi\u00f3n sobre ruedas y puedan asesorarte.<\/p>\n<h2 style=\"text-align: left;\"><strong>\u00bfQu\u00e9 necesitas para montar una barber\u00eda m\u00f3vil?&nbsp;<\/strong><\/h2>\n<p style=\"text-align: justify;\">Abrir una barber\u00eda m\u00f3vil es un trabajo dif\u00edcil pero no imposible. Lo m\u00e1s importante es que tengas en mente los siguientes requisitos y comiences a trabajar desde ah\u00ed.<\/p>\n<ol>\n<li aria-level=\"1\">\n<p style=\"text-align: justify;\"><strong>Investiga los requerimientos legales<\/strong>: Cada pa\u00eds e incluso ciudad tiene sus propios requerimientos legales para abrir este tipo de negocios. Por ello es importante que antes de comenzar a invertir en el proyecto, investigues <strong>qu\u00e9 permisos necesitas, d\u00f3nde puedes tramitarlos y si tienen alg\u00fan costo adicional<\/strong>.&nbsp;<\/p>\n<\/li>\n<li style=\"text-align: justify;\" aria-level=\"1\">\n<p><strong>Define qu\u00e9 tipo de veh\u00edculo que necesitas<\/strong>: Seg\u00fan los objetivos de tu negocio y el dinero que tienes disponible para invertir, debes <strong>definir qu\u00e9 tipo de barber\u00eda m\u00f3vil quieres hacer<\/strong>. Esto es sumamente importante, ya que cada tipo de barber shop m\u00f3vil involucra sus propias tareas.&nbsp;<\/p>\n<\/li>\n<li aria-level=\"1\">\n<p style=\"text-align: justify;\"><strong>Haz un inventario de las herramientas que tienes disponibles o que necesitas comprar<\/strong>: Si ya cuentas con algunas herramientas de trabajo, es muy importante que antes de comenzar a invertir dinero tengas un inventario claro. En caso que no tengas ning\u00fan instrumento, igualmente deber\u00e1s <strong>hacer una lista de herramientas por comprar<\/strong>. Esta lista debe hacerse pensando en el tipo de barber\u00eda m\u00f3vil que ya determinaste y los servicios que vas a ofrecer.<\/p>\n<\/li>\n<\/ol>\n<p style=\"text-align: justify;\">Si ya tomaste en cuenta los requisitos que necesitas para comenzar con tu barber\u00eda m\u00f3vil, puedes saltar al paso a paso, que te permitir\u00e1 tener una idea global sobre qu\u00e9 se debe hacer para abrir una barber\u00eda m\u00f3vil con \u00e9xito.<\/p>\n<h2 style=\"text-align: justify;\"><strong>Paso a paso para tener tu barber\u00eda m\u00f3vil<\/strong><\/h2>\n<p style=\"text-align: justify;\">Estos pasos te dar\u00e1n una visi\u00f3n global sobre todo lo que involucra una barber\u00eda m\u00f3vil, y adem\u00e1s sabr\u00e1s en qu\u00e9 etapa se encuentra tu plan:&nbsp;<\/p>\n<ol>\n<li aria-level=\"1\">\n<p style=\"text-align: justify;\"><strong>Planifica:<\/strong> El primer paso es poner dentro de una l\u00ednea de tiempo todas las acciones que se deben cumplir. Este es un paso fundamental, y es lo que le dar\u00e1 estructura y direcci\u00f3n a cada acci\u00f3n. Aqu\u00ed se debe<strong> incluir una fecha estimada de inicio y final<\/strong>, incluyendo todas las acciones que deben hacerse para lograr el resultado final.&nbsp;<\/p>\n<\/li>\n<li style=\"text-align: justify;\" aria-level=\"1\">\n<p><strong>Alista permisos<\/strong>: Luego de investigar los requisitos legales que necesitas para operar, debes<strong> alistar todos los permisos<\/strong> que puedas antes de comenzar a invertir en el veh\u00edculo.&nbsp;<\/p>\n<\/li>\n<li style=\"text-align: justify;\" aria-level=\"1\">\n<p><strong>Compra el veh\u00edculo<\/strong>: Esta ser\u00e1 la inversi\u00f3n m\u00e1s grande junto a la remodelaci\u00f3n que har\u00e1s para tu barber\u00eda m\u00f3vil, en caso que aplique, pero tambi\u00e9n es la pieza fundamental. En ese sentido, antes de comenzar a invertir en herramientas, debes tener el veh\u00edculo a utilizar (puede ser una van, por ejemplo). Seg\u00fan el tipo de barber\u00eda que quieras hacer, debes<strong> tomar en cuenta cosas como acceso a agua y electricidad<\/strong>.&nbsp;<\/p>\n<\/li>\n<li aria-level=\"1\">\n<p style=\"text-align: justify;\"><strong>Aseg\u00farate de tener todas las herramientas<\/strong>: En este paso ya debes tener una lista de las herramientas que necesitas para trabajar, es importante que hagas una revisi\u00f3n y confirmes que cuentas con todos los instrumentos. En caso de que no sea as\u00ed, debes <strong>hacer la compra de aquellos que necesitas<\/strong>.&nbsp;<\/p>\n<\/li>\n<\/ol>\n<h2 style=\"text-align: left;\"><strong>Beneficios y desventajas de una barber\u00eda m\u00f3vil<\/strong><\/h2>\n<p style=\"text-align: justify;\">Antes de comprometerte con un plan, es importante que conozcas y entiendas los beneficios y desventajas de este tipo de barber\u00eda en comparaci\u00f3n con una barber\u00eda tradicional.<\/p>\n<p style=\"text-align: justify;\">En primer lugar, <strong>un claro beneficio de la barber\u00eda m\u00f3vil es el hecho que no est\u00e1s atado a una zona f\u00edsica. <\/strong>Puedes atender clientes donde quieras y cuando quieras, y esto har\u00e1 que m\u00e1s personas en distintas localidades de la ciudad conozcan tu negocio. Sin embargo <strong>una desventaja con este tipo de barber\u00eda es la falta de consistencia en una zona de la ciudad,<\/strong> y eso puede hacer que los clientes prefieran recurrir a barber\u00edas locales.<\/p>\n<p style=\"text-align: justify;\"><strong>Otro aspecto que debes tomar en cuenta tiene que ver con los servicios:<\/strong> en los locales tradicionales ya tienes acceso a agua y electricidad al pagar los servicios, mientras que en las barber\u00edas m\u00f3viles depender\u00e1s de los servicios de las casas de tus clientes o deber\u00e1s modificar el veh\u00edculo para poder almacenar agua y generar electricidad.<\/p>\n<p style=\"text-align: justify;\">Si luego de leer este art\u00edculo has decidido que una barber\u00eda m\u00f3vil es para ti,<strong> comienza a planificar y averiguar cu\u00e1nto dinero necesitas para invertir. <\/strong>No te quedes fuera de este sector comercial que cada d\u00eda crece un poco m\u00e1s y comienza a ofrecer tu servicios en toda la ciudad.&nbsp;<\/p>\n<\/p>\n<p><strong>Tambi\u00e9n podr\u00eda interesarte:<\/strong><\/p>\n<ol>\n<li aria-level=\"1\"><a href=\"\/blog\/ideas-para-elegir-el-mobiliario-de-tu-barberia\">5 ideas para elegir el mobiliario de tu barber\u00eda<\/a><\/li>\n<li aria-level=\"1\"><a href=\"\/blog\/ideas-para-barberia-como-iniciar-un-negocio-exitoso\">Ideas para barber\u00eda: C\u00f3mo iniciar un negocio exitoso<\/a><\/li>\n<li aria-level=\"1\"><a href=\"\/blog\/20-ejemplos-de-logos-de-barberia\"><span>20 ejemplos de logos de barber\u00eda<\/span><\/a><\/li>\n<li aria-level=\"1\"><a href=\"https:\/\/agendapro.com\/barberia\/software-para-barberias\" rel=\"noopener\" style=\"text-decoration: none;\">App para barber\u00edas<\/a><\/li>\n<\/ol>\n","protected":false},"excerpt":{"rendered":"<p>Si un buen servicio y la comodidad de tu cliente es primordial para ti, entonces una barber\u00eda m\u00f3vil es una&#8230;<\/p>\n","protected":false},"author":1,"featured_media":1831,"comment_status":"open","ping_status":"open","sticky":false,"template":"","format":"standard","meta":{"_acf_changed":false,"footnotes":""},"categories":[26],"tags":[],"class_list":["post-1830","post","type-post","status-publish","format-standard","has-post-thumbnail","hentry","category-agendapro-blog"],"acf":[],"yoast_head":"<!-- This site is optimized with the Yoast SEO Premium plugin v26.8 (Yoast SEO v27.4) - https:\/\/yoast.com\/product\/yoast-seo-premium-wordpress\/ -->\n<title>Barber\u00eda m\u00f3vil: ofrece tus servicios de barbero en toda la ciudad<\/title>\n<meta name=\"description\" content=\"Descubre el paso a paso para ofrecer tus servicios de barber\u00eda en todas partes con esta nueva modalidad de negocio: la barber\u00eda m\u00f3vil.\" \/>\n<meta name=\"robots\" content=\"index, follow, max-snippet:-1, max-image-preview:large, max-video-preview:-1\" \/>\n<link rel=\"canonical\" href=\"https:\/\/agendapro.com\/blog\/barberia-movil\/\" \/>\n<meta property=\"og:locale\" content=\"es_ES\" \/>\n<meta property=\"og:type\" content=\"article\" \/>\n<meta property=\"og:title\" content=\"Barber\u00eda m\u00f3vil: ofrece tus servicios de barbero en toda la ciudad\" \/>\n<meta property=\"og:description\" content=\"Descubre el paso a paso para ofrecer tus servicios de barber\u00eda en todas partes con esta nueva modalidad de negocio: la barber\u00eda m\u00f3vil.\" \/>\n<meta property=\"og:url\" content=\"https:\/\/agendapro.com\/blog\/barberia-movil\/\" \/>\n<meta property=\"og:site_name\" content=\"AgendaPro Blog\" \/>\n<meta property=\"article:publisher\" content=\"https:\/\/www.facebook.com\/agendapro\" \/>\n<meta property=\"article:published_time\" content=\"2022-05-31T20:27:55+00:00\" \/>\n<meta property=\"article:modified_time\" content=\"2025-12-17T19:06:08+00:00\" \/>\n<meta property=\"og:image\" content=\"https:\/\/agendapro.com\/blog\/wp-content\/uploads\/sites\/2\/2024\/06\/barberia20movil.jpg\" \/>\n\t<meta property=\"og:image:width\" content=\"1200\" \/>\n\t<meta property=\"og:image:height\" content=\"600\" \/>\n\t<meta property=\"og:image:type\" content=\"image\/jpeg\" \/>\n<meta name=\"author\" content=\"ap-admin\" \/>\n<meta name=\"twitter:card\" content=\"summary_large_image\" \/>\n<meta name=\"twitter:creator\" content=\"@agendapro\" \/>\n<meta name=\"twitter:site\" content=\"@agendapro\" \/>\n<meta name=\"twitter:label1\" content=\"Escrito por\" \/>\n\t<meta name=\"twitter:data1\" content=\"ap-admin\" \/>\n\t<meta name=\"twitter:label2\" content=\"Tiempo de lectura\" \/>\n\t<meta name=\"twitter:data2\" content=\"5 minutos\" \/>\n<script type=\"application\/ld+json\" class=\"yoast-schema-graph\">{\"@context\":\"https:\\\/\\\/schema.org\",\"@graph\":[{\"@type\":\"Article\",\"@id\":\"https:\\\/\\\/agendapro.com\\\/blog\\\/barberia-movil\\\/#article\",\"isPartOf\":{\"@id\":\"https:\\\/\\\/agendapro.com\\\/blog\\\/barberia-movil\\\/\"},\"author\":{\"name\":\"ap-admin\",\"@id\":\"https:\\\/\\\/agendapro.com\\\/blog\\\/#\\\/schema\\\/person\\\/64a69c54b900388bcb1801b47bd3874e\"},\"headline\":\"Barber\u00eda m\u00f3vil: ofrece tus servicios de barbero en toda la ciudad\",\"datePublished\":\"2022-05-31T20:27:55+00:00\",\"dateModified\":\"2025-12-17T19:06:08+00:00\",\"mainEntityOfPage\":{\"@id\":\"https:\\\/\\\/agendapro.com\\\/blog\\\/barberia-movil\\\/\"},\"wordCount\":1163,\"commentCount\":0,\"publisher\":{\"@id\":\"https:\\\/\\\/agendapro.com\\\/blog\\\/#organization\"},\"image\":{\"@id\":\"https:\\\/\\\/agendapro.com\\\/blog\\\/barberia-movil\\\/#primaryimage\"},\"thumbnailUrl\":\"https:\\\/\\\/agendapro.com\\\/blog\\\/wp-content\\\/uploads\\\/sites\\\/2\\\/2024\\\/06\\\/barberia20movil.jpg\",\"articleSection\":[\"AgendaPro Blog\"],\"inLanguage\":\"es\"},{\"@type\":\"WebPage\",\"@id\":\"https:\\\/\\\/agendapro.com\\\/blog\\\/barberia-movil\\\/\",\"url\":\"https:\\\/\\\/agendapro.com\\\/blog\\\/barberia-movil\\\/\",\"name\":\"Barber\u00eda m\u00f3vil: ofrece tus servicios de barbero en toda la ciudad\",\"isPartOf\":{\"@id\":\"https:\\\/\\\/agendapro.com\\\/blog\\\/#website\"},\"primaryImageOfPage\":{\"@id\":\"https:\\\/\\\/agendapro.com\\\/blog\\\/barberia-movil\\\/#primaryimage\"},\"image\":{\"@id\":\"https:\\\/\\\/agendapro.com\\\/blog\\\/barberia-movil\\\/#primaryimage\"},\"thumbnailUrl\":\"https:\\\/\\\/agendapro.com\\\/blog\\\/wp-content\\\/uploads\\\/sites\\\/2\\\/2024\\\/06\\\/barberia20movil.jpg\",\"datePublished\":\"2022-05-31T20:27:55+00:00\",\"dateModified\":\"2025-12-17T19:06:08+00:00\",\"description\":\"Descubre el paso a paso para ofrecer tus servicios de barber\u00eda en todas partes con esta nueva modalidad de negocio: la barber\u00eda m\u00f3vil.\",\"breadcrumb\":{\"@id\":\"https:\\\/\\\/agendapro.com\\\/blog\\\/barberia-movil\\\/#breadcrumb\"},\"inLanguage\":\"es\",\"potentialAction\":[{\"@type\":\"ReadAction\",\"target\":[\"https:\\\/\\\/agendapro.com\\\/blog\\\/barberia-movil\\\/\"]}]},{\"@type\":\"ImageObject\",\"inLanguage\":\"es\",\"@id\":\"https:\\\/\\\/agendapro.com\\\/blog\\\/barberia-movil\\\/#primaryimage\",\"url\":\"https:\\\/\\\/agendapro.com\\\/blog\\\/wp-content\\\/uploads\\\/sites\\\/2\\\/2024\\\/06\\\/barberia20movil.jpg\",\"contentUrl\":\"https:\\\/\\\/agendapro.com\\\/blog\\\/wp-content\\\/uploads\\\/sites\\\/2\\\/2024\\\/06\\\/barberia20movil.jpg\",\"width\":1200,\"height\":600,\"caption\":\"barberia movil\"},{\"@type\":\"BreadcrumbList\",\"@id\":\"https:\\\/\\\/agendapro.com\\\/blog\\\/barberia-movil\\\/#breadcrumb\",\"itemListElement\":[{\"@type\":\"ListItem\",\"position\":1,\"name\":\"Portada\",\"item\":\"https:\\\/\\\/agendapro.com\\\/blog\\\/\"},{\"@type\":\"ListItem\",\"position\":2,\"name\":\"Barber\u00eda m\u00f3vil: ofrece tus servicios de barbero en toda la ciudad\"}]},{\"@type\":\"WebSite\",\"@id\":\"https:\\\/\\\/agendapro.com\\\/blog\\\/#website\",\"url\":\"https:\\\/\\\/agendapro.com\\\/blog\\\/\",\"name\":\"AgendaPro Blog\",\"description\":\"\",\"publisher\":{\"@id\":\"https:\\\/\\\/agendapro.com\\\/blog\\\/#organization\"},\"potentialAction\":[{\"@type\":\"SearchAction\",\"target\":{\"@type\":\"EntryPoint\",\"urlTemplate\":\"https:\\\/\\\/agendapro.com\\\/blog\\\/?s={search_term_string}\"},\"query-input\":{\"@type\":\"PropertyValueSpecification\",\"valueRequired\":true,\"valueName\":\"search_term_string\"}}],\"inLanguage\":\"es\"},{\"@type\":\"Organization\",\"@id\":\"https:\\\/\\\/agendapro.com\\\/blog\\\/#organization\",\"name\":\"AgendaPro\",\"url\":\"https:\\\/\\\/agendapro.com\\\/blog\\\/\",\"logo\":{\"@type\":\"ImageObject\",\"inLanguage\":\"es\",\"@id\":\"https:\\\/\\\/agendapro.com\\\/blog\\\/#\\\/schema\\\/logo\\\/image\\\/\",\"url\":\"https:\\\/\\\/agendapro.com\\\/blog\\\/wp-content\\\/uploads\\\/sites\\\/2\\\/2024\\\/05\\\/screenshot.png\",\"contentUrl\":\"https:\\\/\\\/agendapro.com\\\/blog\\\/wp-content\\\/uploads\\\/sites\\\/2\\\/2024\\\/05\\\/screenshot.png\",\"width\":1280,\"height\":720,\"caption\":\"AgendaPro\"},\"image\":{\"@id\":\"https:\\\/\\\/agendapro.com\\\/blog\\\/#\\\/schema\\\/logo\\\/image\\\/\"},\"sameAs\":[\"https:\\\/\\\/www.facebook.com\\\/agendapro\",\"https:\\\/\\\/x.com\\\/agendapro\",\"https:\\\/\\\/www.instagram.com\\\/agendapro_software\"]},{\"@type\":\"Person\",\"@id\":\"https:\\\/\\\/agendapro.com\\\/blog\\\/#\\\/schema\\\/person\\\/64a69c54b900388bcb1801b47bd3874e\",\"name\":\"ap-admin\",\"image\":{\"@type\":\"ImageObject\",\"inLanguage\":\"es\",\"@id\":\"https:\\\/\\\/secure.gravatar.com\\\/avatar\\\/cfd4ee1cbbc1ed49853864eeb2376f2f74a4ea77e0f8a2b12af8c9ed60dcd04d?s=96&d=mm&r=g\",\"url\":\"https:\\\/\\\/secure.gravatar.com\\\/avatar\\\/cfd4ee1cbbc1ed49853864eeb2376f2f74a4ea77e0f8a2b12af8c9ed60dcd04d?s=96&d=mm&r=g\",\"contentUrl\":\"https:\\\/\\\/secure.gravatar.com\\\/avatar\\\/cfd4ee1cbbc1ed49853864eeb2376f2f74a4ea77e0f8a2b12af8c9ed60dcd04d?s=96&d=mm&r=g\",\"caption\":\"ap-admin\"},\"sameAs\":[\"http:\\\/\\\/a50f3a4aa426b4acdb296faa47b9d74e-684412451.us-west-2.elb.amazonaws.com\"],\"url\":\"https:\\\/\\\/agendapro.com\\\/blog\\\/author\\\/ap-admin\\\/\"}]}<\/script>\n<!-- \/ Yoast SEO Premium plugin. -->","yoast_head_json":{"title":"Barber\u00eda m\u00f3vil: ofrece tus servicios de barbero en toda la ciudad","description":"Descubre el paso a paso para ofrecer tus servicios de barber\u00eda en todas partes con esta nueva modalidad de negocio: la barber\u00eda m\u00f3vil.","robots":{"index":"index","follow":"follow","max-snippet":"max-snippet:-1","max-image-preview":"max-image-preview:large","max-video-preview":"max-video-preview:-1"},"canonical":"https:\/\/agendapro.com\/blog\/barberia-movil\/","og_locale":"es_ES","og_type":"article","og_title":"Barber\u00eda m\u00f3vil: ofrece tus servicios de barbero en toda la ciudad","og_description":"Descubre el paso a paso para ofrecer tus servicios de barber\u00eda en todas partes con esta nueva modalidad de negocio: la barber\u00eda m\u00f3vil.","og_url":"https:\/\/agendapro.com\/blog\/barberia-movil\/","og_site_name":"AgendaPro Blog","article_publisher":"https:\/\/www.facebook.com\/agendapro","article_published_time":"2022-05-31T20:27:55+00:00","article_modified_time":"2025-12-17T19:06:08+00:00","og_image":[{"width":1200,"height":600,"url":"https:\/\/agendapro.com\/blog\/wp-content\/uploads\/sites\/2\/2024\/06\/barberia20movil.jpg","type":"image\/jpeg"}],"author":"ap-admin","twitter_card":"summary_large_image","twitter_creator":"@agendapro","twitter_site":"@agendapro","twitter_misc":{"Escrito por":"ap-admin","Tiempo de lectura":"5 minutos"},"schema":{"@context":"https:\/\/schema.org","@graph":[{"@type":"Article","@id":"https:\/\/agendapro.com\/blog\/barberia-movil\/#article","isPartOf":{"@id":"https:\/\/agendapro.com\/blog\/barberia-movil\/"},"author":{"name":"ap-admin","@id":"https:\/\/agendapro.com\/blog\/#\/schema\/person\/64a69c54b900388bcb1801b47bd3874e"},"headline":"Barber\u00eda m\u00f3vil: ofrece tus servicios de barbero en toda la ciudad","datePublished":"2022-05-31T20:27:55+00:00","dateModified":"2025-12-17T19:06:08+00:00","mainEntityOfPage":{"@id":"https:\/\/agendapro.com\/blog\/barberia-movil\/"},"wordCount":1163,"commentCount":0,"publisher":{"@id":"https:\/\/agendapro.com\/blog\/#organization"},"image":{"@id":"https:\/\/agendapro.com\/blog\/barberia-movil\/#primaryimage"},"thumbnailUrl":"https:\/\/agendapro.com\/blog\/wp-content\/uploads\/sites\/2\/2024\/06\/barberia20movil.jpg","articleSection":["AgendaPro Blog"],"inLanguage":"es"},{"@type":"WebPage","@id":"https:\/\/agendapro.com\/blog\/barberia-movil\/","url":"https:\/\/agendapro.com\/blog\/barberia-movil\/","name":"Barber\u00eda m\u00f3vil: ofrece tus servicios de barbero en toda la ciudad","isPartOf":{"@id":"https:\/\/agendapro.com\/blog\/#website"},"primaryImageOfPage":{"@id":"https:\/\/agendapro.com\/blog\/barberia-movil\/#primaryimage"},"image":{"@id":"https:\/\/agendapro.com\/blog\/barberia-movil\/#primaryimage"},"thumbnailUrl":"https:\/\/agendapro.com\/blog\/wp-content\/uploads\/sites\/2\/2024\/06\/barberia20movil.jpg","datePublished":"2022-05-31T20:27:55+00:00","dateModified":"2025-12-17T19:06:08+00:00","description":"Descubre el paso a paso para ofrecer tus servicios de barber\u00eda en todas partes con esta nueva modalidad de negocio: la barber\u00eda m\u00f3vil.","breadcrumb":{"@id":"https:\/\/agendapro.com\/blog\/barberia-movil\/#breadcrumb"},"inLanguage":"es","potentialAction":[{"@type":"ReadAction","target":["https:\/\/agendapro.com\/blog\/barberia-movil\/"]}]},{"@type":"ImageObject","inLanguage":"es","@id":"https:\/\/agendapro.com\/blog\/barberia-movil\/#primaryimage","url":"https:\/\/agendapro.com\/blog\/wp-content\/uploads\/sites\/2\/2024\/06\/barberia20movil.jpg","contentUrl":"https:\/\/agendapro.com\/blog\/wp-content\/uploads\/sites\/2\/2024\/06\/barberia20movil.jpg","width":1200,"height":600,"caption":"barberia movil"},{"@type":"BreadcrumbList","@id":"https:\/\/agendapro.com\/blog\/barberia-movil\/#breadcrumb","itemListElement":[{"@type":"ListItem","position":1,"name":"Portada","item":"https:\/\/agendapro.com\/blog\/"},{"@type":"ListItem","position":2,"name":"Barber\u00eda m\u00f3vil: ofrece tus servicios de barbero en toda la ciudad"}]},{"@type":"WebSite","@id":"https:\/\/agendapro.com\/blog\/#website","url":"https:\/\/agendapro.com\/blog\/","name":"AgendaPro Blog","description":"","publisher":{"@id":"https:\/\/agendapro.com\/blog\/#organization"},"potentialAction":[{"@type":"SearchAction","target":{"@type":"EntryPoint","urlTemplate":"https:\/\/agendapro.com\/blog\/?s={search_term_string}"},"query-input":{"@type":"PropertyValueSpecification","valueRequired":true,"valueName":"search_term_string"}}],"inLanguage":"es"},{"@type":"Organization","@id":"https:\/\/agendapro.com\/blog\/#organization","name":"AgendaPro","url":"https:\/\/agendapro.com\/blog\/","logo":{"@type":"ImageObject","inLanguage":"es","@id":"https:\/\/agendapro.com\/blog\/#\/schema\/logo\/image\/","url":"https:\/\/agendapro.com\/blog\/wp-content\/uploads\/sites\/2\/2024\/05\/screenshot.png","contentUrl":"https:\/\/agendapro.com\/blog\/wp-content\/uploads\/sites\/2\/2024\/05\/screenshot.png","width":1280,"height":720,"caption":"AgendaPro"},"image":{"@id":"https:\/\/agendapro.com\/blog\/#\/schema\/logo\/image\/"},"sameAs":["https:\/\/www.facebook.com\/agendapro","https:\/\/x.com\/agendapro","https:\/\/www.instagram.com\/agendapro_software"]},{"@type":"Person","@id":"https:\/\/agendapro.com\/blog\/#\/schema\/person\/64a69c54b900388bcb1801b47bd3874e","name":"ap-admin","image":{"@type":"ImageObject","inLanguage":"es","@id":"https:\/\/secure.gravatar.com\/avatar\/cfd4ee1cbbc1ed49853864eeb2376f2f74a4ea77e0f8a2b12af8c9ed60dcd04d?s=96&d=mm&r=g","url":"https:\/\/secure.gravatar.com\/avatar\/cfd4ee1cbbc1ed49853864eeb2376f2f74a4ea77e0f8a2b12af8c9ed60dcd04d?s=96&d=mm&r=g","contentUrl":"https:\/\/secure.gravatar.com\/avatar\/cfd4ee1cbbc1ed49853864eeb2376f2f74a4ea77e0f8a2b12af8c9ed60dcd04d?s=96&d=mm&r=g","caption":"ap-admin"},"sameAs":["http:\/\/a50f3a4aa426b4acdb296faa47b9d74e-684412451.us-west-2.elb.amazonaws.com"],"url":"https:\/\/agendapro.com\/blog\/author\/ap-admin\/"}]}},"_links":{"self":[{"href":"https:\/\/agendapro.com\/blog\/wp-json\/wp\/v2\/posts\/1830","targetHints":{"allow":["GET"]}}],"collection":[{"href":"https:\/\/agendapro.com\/blog\/wp-json\/wp\/v2\/posts"}],"about":[{"href":"https:\/\/agendapro.com\/blog\/wp-json\/wp\/v2\/types\/post"}],"author":[{"embeddable":true,"href":"https:\/\/agendapro.com\/blog\/wp-json\/wp\/v2\/users\/1"}],"replies":[{"embeddable":true,"href":"https:\/\/agendapro.com\/blog\/wp-json\/wp\/v2\/comments?post=1830"}],"version-history":[{"count":1,"href":"https:\/\/agendapro.com\/blog\/wp-json\/wp\/v2\/posts\/1830\/revisions"}],"predecessor-version":[{"id":2136,"href":"https:\/\/agendapro.com\/blog\/wp-json\/wp\/v2\/posts\/1830\/revisions\/2136"}],"wp:featuredmedia":[{"embeddable":true,"href":"https:\/\/agendapro.com\/blog\/wp-json\/wp\/v2\/media\/1831"}],"wp:attachment":[{"href":"https:\/\/agendapro.com\/blog\/wp-json\/wp\/v2\/media?parent=1830"}],"wp:term":[{"taxonomy":"category","embeddable":true,"href":"https:\/\/agendapro.com\/blog\/wp-json\/wp\/v2\/categories?post=1830"},{"taxonomy":"post_tag","embeddable":true,"href":"https:\/\/agendapro.com\/blog\/wp-json\/wp\/v2\/tags?post=1830"}],"curies":[{"name":"wp","href":"https:\/\/api.w.org\/{rel}","templated":true}]}}