{"id":1968,"date":"2023-02-28T19:11:33","date_gmt":"2023-03-01T01:11:33","guid":{"rendered":"https:\/\/agendapro.com\/blog\/?p=1968"},"modified":"2025-12-17T15:50:42","modified_gmt":"2025-12-17T21:50:42","slug":"anamnesis-psicologica","status":"publish","type":"post","link":"https:\/\/agendapro.com\/blog\/anamnesis-psicologica\/","title":{"rendered":"Anamnesis psicol\u00f3gica: qu\u00e9 es y cu\u00e1l es su importancia"},"content":{"rendered":"<p style=\"text-align: justify;\">La psicolog\u00eda estudia el funcionamiento integral de la mente humana. De hecho,<strong> <\/strong>para ejercer como buen profesional en esta rama de la medicina son necesarias much\u00edsimas aptitudes, como una aguda capacidad de observaci\u00f3n y ser muy emp\u00e1tico, ambos aspectos vitales para llevar a cabo correctamente la anamnesis psicol\u00f3gica.<\/p>\n<p style=\"text-align: justify;\">\n<p style=\"text-align: justify;\">Por ello, en este art\u00edculo veremos qu\u00e9 es la anamnesis psicol\u00f3gica, para qu\u00e9 sirve, su importancia, algunas particularidades, sus tipos, los aspectos cl\u00ednicos, c\u00f3mo hacerla paso a paso y algunos ejemplos de anamnesis psicol\u00f3gica.<\/p>\n<p style=\"text-align: justify;\"><!--more--><\/p>\n<h2 style=\"text-align: justify;\"><strong>Qu\u00e9 es anamnesis psicol\u00f3gica<\/strong><\/h2>\n<p style=\"text-align: justify;\">Para dar una buena atenci\u00f3n a tu paciente es necesario contar tanto con el conocimiento, como con las aptitudes correctas que te permitan solventar los problemas que cada uno de los casos presente.<strong>&nbsp;<\/strong><\/p>\n<p style=\"text-align: justify;\">Dicho esto,<strong> la anamnesis en psicolog\u00eda consiste en obtener informaci\u00f3n directamente del paciente usando el di\u00e1logo como herramienta fundamental.<\/strong> Se trata de una estrategia que permite recabar informaci\u00f3n como los antecedentes familiares o los h\u00e1bitos de vida del paciente.&nbsp;<\/p>\n<h2 style=\"text-align: justify;\"><strong>Para qu\u00e9 sirve la anamnesis psicol\u00f3gica<\/strong><\/h2>\n<p style=\"text-align: justify;\">La interacci\u00f3n con tu paciente es fundamental, saber la raz\u00f3n de su visita, las consecuencias y causas de sus padecimientos es el paso previo a todo diagn\u00f3stico. Antes de trabajar en cualquier caso es necesario saber recabar estos datos y, para saber c\u00f3mo hacerlo, existen un conjunto de t\u00e9cnicas espec\u00edficas.<\/p>\n<p style=\"text-align: justify;\">En este sentido, comprender que<strong> la anamnesis psicol\u00f3gica consta de un formato de preguntas que sirve para iniciar un acercamiento correcto con cada paciente <\/strong>resulta un aspecto vital de esta t\u00e9cnica<strong>.<\/strong> Una anamnesis efectiva permitir\u00e1 que tu paciente se sienta c\u00f3modo y har\u00e1 mucho m\u00e1s certero el diagn\u00f3stico posterior.<\/p>\n<h2 style=\"text-align: justify;\"><strong>Importancia de la anamnesis psicol\u00f3gica<\/strong><\/h2>\n<p style=\"text-align: justify;\"><strong>Con su formato de entrevista cl\u00ednica psicol\u00f3gica para adultos y adolescentes, la anamnesis es una pr\u00e1ctica vital en el ejercicio de la psicolog\u00eda cl\u00ednica. <\/strong>Su buen desarrollo ser\u00e1 esencial para que el profesional que la realice pueda detectar los s\u00edntomas espec\u00edficos de una patolog\u00eda en el paciente, al igual que los signos que presenta.<\/p>\n<p style=\"text-align: justify;\">Por otro lado, la anamnesis psicol\u00f3gica es importante para establecer la mejor estrategia m\u00e9dica posible al momento de hacer un diagn\u00f3stico, siempre a partir del recaudo efectivo de informaci\u00f3n directa del paciente. Tambi\u00e9n es importante que se traduzca en una buena relaci\u00f3n terap\u00e9utica que perdure en el tiempo.<\/p>\n<h2 style=\"text-align: justify;\"><strong>Particularidades de la anamnesis en psicolog\u00eda<\/strong><\/h2>\n<p style=\"text-align: justify;\">A pesar de ser una herramienta \u00fatil para el diagn\u00f3stico, <strong>una anamnesis psicol\u00f3gica no debe ser tan exhaustiva, no hasta el punto de sobrepasar los l\u00edmites propios del proceso.<\/strong> Esto puede hacerla inc\u00f3moda para tu paciente, pudiendo abandonar su b\u00fasqueda de ayuda.<\/p>\n<p style=\"text-align: justify;\">Ten presente que una buena anamnesis, respetando los l\u00edmites del paciente, maximiza la adquisici\u00f3n de informaci\u00f3n.<strong> <\/strong>Estos ideales detr\u00e1s del estudio son importantes en el caso espec\u00edfico de la anamnesis psicol\u00f3gica para adolescentes, ya que los mismos pueden ser muy reservados con informaci\u00f3n que los vuelva vulnerables.<\/p>\n<p style=\"text-align: justify;\">Otro aspecto importante es el referente a la modificabilidad de la anamnesis. <strong>La informaci\u00f3n est\u00e1 siempre sujeta a modificaciones<\/strong>, pues algunas veces tus pacientes no ser\u00e1n capaces de saber o explicar claramente sus padecimientos.<\/p>\n<h2 style=\"text-align: justify;\"><strong>Tipos de anamnesis psicol\u00f3gica<\/strong><\/h2>\n<p style=\"text-align: justify;\">Existen distintos caminos para reconocer o tener una idea del problema que tu paciente pueda estar padeciendo. Seg\u00fan esta premisa, existen dos tipos b\u00e1sicos y diferenciados de anamnesis psicol\u00f3gica. Estos son:&nbsp;&nbsp;<\/p>\n<ul>\n<li style=\"text-align: justify;\"><strong>Anamnesis de impacto biogr\u00e1fico<\/strong>: Este tipo de anamnesis tiene como foco principal la vida cotidiana del paciente. En este sentido, todas las preguntas de anamnesis psicol\u00f3gica apuntar\u00e1n a la relaci\u00f3n del paciente con su entorno familiar y c\u00f3mo su patolog\u00eda afecta estos aspectos de su vida.<\/li>\n<li style=\"text-align: justify;\"><strong>Anamnesis de impacto focal<\/strong>: En este tipo espec\u00edfico de anamnesis el conjunto de preguntas que se realizan deben girar en torno al problema planteado por el paciente de manera espec\u00edfica.<\/li>\n<\/ul>\n<p style=\"text-align: justify;\">Ten presente que, en un proceso terap\u00e9utico, <strong>es posible que tus pacientes necesiten m\u00e1s de una oportunidad para reflexionar o poner en palabras c\u00f3mo su patolog\u00eda y sus s\u00edntomas est\u00e1n o pueden estar afectando su vida.<\/strong> As\u00ed que un cambio de estrategia en el tipo de anamnesis, de ser necesario, siempre ser\u00e1 bienvenido.<\/p>\n<h2 style=\"text-align: justify;\"><strong>Aspectos cl\u00ednicos de la anamnesis psicol\u00f3gica<\/strong><\/h2>\n<p style=\"text-align: justify;\">La anamnesis psicol\u00f3gica se enmarca en el proceso previo al diagn\u00f3stico cl\u00ednico y funciona como la antesala a \u00e9l. As\u00ed, como primera etapa de un examen m\u00e9dico, permite obtener una visi\u00f3n completa del contexto vital del paciente y de sus aspectos cl\u00ednicos para entender c\u00f3mo la patolog\u00eda afecta su vida cotidiana y su historia personal.<\/p>\n<p>Todo esto a trav\u00e9s de la observaci\u00f3n de lo que cada paciente dice, c\u00f3mo lo dice, y la reticencia o facilidad de expresarse en ciertas tem\u00e1ticas. <strong>En el caso de tratar patolog\u00edas infantiles, es recomendable que el proceso de anamnesis sea realizado a la par con pacientes y familiares<\/strong>, esto har\u00e1 mucho m\u00e1s efectivo el diagn\u00f3stico de tu paciente.<\/p>\n<h2 style=\"text-align: justify;\"><strong>C\u00f3mo hacer la anamnesis psicol\u00f3gica paso a paso<\/strong><\/h2>\n<p style=\"text-align: justify;\">Existen una serie de criterios que debes considerar a la hora de realizar una anamnesis psicol\u00f3gica. De los principales elementos a tener en cuenta destacan los siguientes:<\/p>\n<ul>\n<li style=\"text-align: justify;\"><strong>Los datos del paciente<\/strong>: Como en cualquier otro tipo de documento cl\u00ednico, se trata &nbsp;del registro de los datos b\u00e1sicos de la persona: <strong>nombre, sexo, edad y direcci\u00f3n<\/strong>. &nbsp;Tambi\u00e9n del registro de alg\u00fan m\u00e9todo de comunicaci\u00f3n directa con el paciente, sea a trav\u00e9s del correo electr\u00f3nico o su n\u00famero telef\u00f3nico.<\/li>\n<li style=\"text-align: justify;\"><strong>La exposici\u00f3n del motivo de consulta<\/strong>: En este apartado es preciso destacar las razones que obligan al paciente a asistir a la consulta. Adem\u00e1s de especificar los efectos del problema en la forma de vida del paciente, este debe exponer muy brevemente su expectativa.<\/li>\n<li style=\"text-align: justify;\"><strong>La historia actual de la problem\u00e1tica<\/strong>: Es de suma importancia conocer c\u00f3mo y cu\u00e1ndo la patolog\u00eda llega a la vida del paciente, as\u00ed como los picos del problema, cu\u00e1ndo y d\u00f3nde aparece. Una anamnesis psicol\u00f3gica precisa debe contemplar este tipo de informaci\u00f3n as\u00ed como conocer al detalle los s\u00edntomas que aparecen.<\/li>\n<li style=\"text-align: justify;\"><strong>La exposici\u00f3n de los efectos de la problem\u00e1tica en la vida habitual<\/strong>: Se trata de conocer c\u00f3mo las patolog\u00edas padecidas por los pacientes afectan el desenvolvimiento de su vida regular, su calidad de vida o afectaciones serias en su campo laboral o relaciones intrafamiliares. Esta informaci\u00f3n resulta crucial al momento de crear estrategias adecuadas con objetivos terap\u00e9uticos concretos.<\/li>\n<li style=\"text-align: justify;\"><strong>La historia psicosocial del paciente<\/strong>: Un recorrido por la historia de vida del paciente puede aportar informaci\u00f3n precisa sobre c\u00f3mo aparece la patolog\u00eda, y com\u00fanmente, la vincula a determinados procesos vitales o problem\u00e1ticas en la vida del paciente. Desde el tipo de educaci\u00f3n recibida hasta las formas de socializaci\u00f3n del paciente y eventos particulares pueden estar asociados al inicio, la permanencia o la recurrencia de su patolog\u00eda.<\/li>\n<li style=\"text-align: justify;\"><strong>Los antecedentes cl\u00ednicos<\/strong>: Regularmente la recurrencia de un paciente en consulta est\u00e1 ligada a la permanencia de un problema patol\u00f3gico en el tiempo. A trav\u00e9s de la anamnesis psicol\u00f3gica se pretende identificar, en caso de que as\u00ed sea, si existe un antecedente en la aparici\u00f3n o recurrencia de la patolog\u00eda actual.<\/li>\n<li style=\"text-align: justify;\"><strong>Las expectativas del proceso<\/strong>: Este aspecto resulta relevante, pues en \u00e9l se explica qu\u00e9 espera el paciente que suceda. Adem\u00e1s, funciona como factor motivacional para el paciente y lo alienta a seguir el tratamiento con ayuda profesional.&nbsp;<\/li>\n<\/ul>\n<h2 style=\"text-align: justify;\"><strong>Ejemplos de anamnesis psicol\u00f3gica<\/strong><\/h2>\n<p style=\"text-align: justify;\">Conocer las expectativas del paciente con respecto al funcionamiento de la terapia y sus resultados <strong>te<\/strong> <strong>permite tener una visi\u00f3n panor\u00e1mica de cada caso <\/strong>y la existencia de m\u00e9todos de tratamiento que pueda lograr en \u00e9l una mejor\u00eda total. Veamos, ahora, ejemplos de anamnesis entrevista psicol\u00f3gica seg\u00fan el impacto biogr\u00e1fico o focal.<\/p>\n<h3 style=\"text-align: justify;\">Anamnesis psicol\u00f3gica preguntas seg\u00fan impacto biogr\u00e1fico<\/h3>\n<p style=\"text-align: justify;\">A continuaci\u00f3n te sugerimos una serie de ejemplos de preguntas que se pueden hacer para realizar una anamnesis con enfoque biogr\u00e1fico:&nbsp;<\/p>\n<ul>\n<li style=\"text-align: justify;\">\u00bfHa dejado de realizar alguna actividad de inter\u00e9s personal debido a su problema?<\/li>\n<li style=\"text-align: justify;\">\u00bfAlgo en su cotidianidad est\u00e1 ayudando a &nbsp;mantener o incrementar su padecimiento?<\/li>\n<li style=\"text-align: justify;\">\u00bfCree que la terapia le podr\u00eda ayudar con su problema?<\/li>\n<li style=\"text-align: justify;\">\u00bfQu\u00e9 espera de nosotros y de usted mismo?<\/li>\n<li style=\"text-align: justify;\">\u00bfConsidera usted que recibe el apoyo de su entorno familiar?<\/li>\n<\/ul>\n<h3 style=\"text-align: justify;\">Anamnesis psicol\u00f3gica preguntas seg\u00fan impacto focal<\/h3>\n<p><span style=\"color: var(--default-title-color); text-align: justify; font-family: var(--default-font-family);\">Entre los ejemplos &nbsp;de anamnesis psicologica que se pueden hacer en una anamnesis focal pueden encontrarse las siguientes:<\/span><\/p>\n<ul>\n<li><span style=\"color: var(--default-title-color); text-align: justify; font-family: var(--default-font-family);\">\u00bfQu\u00e9 lo motiva a asistir a esta consulta?<\/span><\/li>\n<li><span style=\"color: var(--default-title-color); text-align: justify; font-family: var(--default-font-family);\">\u00bfDesde cu\u00e1ndo ha ocurrido? <\/span><\/li>\n<li><span style=\"color: var(--default-title-color); text-align: justify; font-family: var(--default-font-family);\">\u00bfConsidera usted que existe algo que pudiera haber desencadenado su padecimiento?<\/span><\/li>\n<li><span style=\"color: var(--default-title-color); text-align: justify; font-family: var(--default-font-family);\">\u00bfHa sido recurrente el problema? \u00bfLe ha ocurrido en alguna otra ocasi\u00f3n?<\/span><\/li>\n<li><span style=\"color: var(--default-title-color); text-align: justify; font-family: var(--default-font-family);\">\u00bfHa acudido antes a alguna consulta psicol\u00f3gica?<\/span><\/li>\n<li><span style=\"color: var(--default-title-color); text-align: justify; font-family: var(--default-font-family);\">\u00bfQu\u00e9 ha probado para solventar el problema?<\/span><\/li>\n<\/ul>\n<p>Estos enfoques son v\u00e1lidos tanto para el formato de entrevista cl\u00ednica psicol\u00f3gica para adultos como para adolescentes.<\/p>\n<p style=\"text-align: justify;\">Ya para concluir, es importante saber que<strong> la anamnesis es una entrevista psicol\u00f3gica que es aplicable en distintos \u00e1mbitos de la psicolog\u00eda <\/strong>como lo son la psicolog\u00eda cl\u00ednica, educativa u otras disciplinas m\u00e9dicas, aunque suele aplicarse con mayor frecuencia en el \u00e1mbito cl\u00ednico.&nbsp;&nbsp;&nbsp;&nbsp;<\/p>\n<p style=\"text-align: justify;\">De hecho, el prop\u00f3sito de la anamnesis es recabar datos que ayuden al seguimiento de su enfermedad o estado de salud. <strong>No es un diagn\u00f3stico en s\u00ed misma, sino uno de sus pasos previos, por lo que su procedimiento debe ser siempre respetuoso. <\/strong>Recuerda que la comodidad y la empat\u00eda que generes en tus pacientes te ayudar\u00e1 a solucionar de manera m\u00e1s efectiva sus patolog\u00edas.<\/p>\n<h2 style=\"text-align: justify;\"><strong>Preguntas frecuentes sobre anamnesis psicol\u00f3gica<\/strong><\/h2>\n<h3 style=\"text-align: justify;\"><strong>\u00bfQu\u00e9 es una anamnesis psicol\u00f3gica?<\/strong><\/h3>\n<p style=\"text-align: justify;\">Es el procedimiento mediante el cual el terapeuta recauda informaci\u00f3n de su paciente a trav\u00e9s de una serie de preguntas.<\/p>\n<h3 style=\"text-align: justify;\"><strong>\u00bfC\u00f3mo se hace una anamnesis en psicolog\u00eda?<\/strong><\/h3>\n<p style=\"text-align: justify;\">A trav\u00e9s del di\u00e1logo con el paciente, respetando su privacidad y generando un v\u00ednculo de confianza.<\/p>\n<h3 style=\"text-align: justify;\"><strong>\u00bfCu\u00e1les son las preguntas de una anamnesis?<\/strong><\/h3>\n<p style=\"text-align: justify;\">Pueden ser muchas, pero las mismas se subdividen en dos tipos: las de car\u00e1cter biogr\u00e1fico y las de car\u00e1cter focal.<\/p>\n<p style=\"text-align: justify;\">\n<p style=\"text-align: justify;\"><strong>Tambi\u00e9n te podr\u00eda interesar:<\/strong><\/p>\n<ol>\n<li style=\"text-align: justify;\"><a href=\"\/blog\/lugares-para-comprar-uniformes-medicos-en-ciudad-de-mexico\"><span style=\"font-weight: normal;\">8 lugares para comprar uniformes m\u00e9dicos en Ciudad de M\u00e9xico<\/span><\/a><\/li>\n<li style=\"text-align: justify;\"><a href=\"\/blog\/partes-de-una-historia-clinica\"><span style=\"font-weight: normal;\">Partes de una historia cl\u00ednica<\/span><\/a><\/li>\n<li style=\"text-align: justify;\"><a href=\"\/blog\/formato-de-historia-clinica-psicologica\"><span style=\"font-weight: normal;\">Formato de historia cl\u00ednica psicol\u00f3gica<\/span><\/a><a href=\"\/blog\/formato-de-historia-clinica-psicologica\"><span><\/span><\/a><\/li>\n<li style=\"text-align: justify;\"><a href=\"https:\/\/agendapro.com\/psicologos\/software-para-psicologos\" rel=\"noopener\"><span style=\"font-weight: normal;\">Software para psic\u00f3logos<\/span><\/a><\/li>\n<\/ol>\n","protected":false},"excerpt":{"rendered":"<p>La psicolog\u00eda estudia el funcionamiento integral de la mente humana. De hecho, para ejercer como buen profesional en esta rama&#8230;<\/p>\n","protected":false},"author":1,"featured_media":1969,"comment_status":"open","ping_status":"open","sticky":false,"template":"","format":"standard","meta":{"_acf_changed":false,"footnotes":""},"categories":[34],"tags":[],"class_list":["post-1968","post","type-post","status-publish","format-standard","has-post-thumbnail","hentry","category-centros-medicos"],"acf":[],"yoast_head":"<!-- This site is optimized with the Yoast SEO Premium plugin v26.8 (Yoast SEO v27.4) - https:\/\/yoast.com\/product\/yoast-seo-premium-wordpress\/ -->\n<title>Anamnesis psicol\u00f3gica: qu\u00e9 es y cu\u00e1l es su importancia<\/title>\n<meta name=\"description\" content=\"\u00bfSabes qu\u00e9 es la anamnesis psicol\u00f3gica y c\u00f3mo realizarla correctamente? \u00a1Descubre c\u00f3mo aplicarla, qu\u00e9 obtendr\u00e1s y logra el bienestar de tus pacientes!\" \/>\n<meta name=\"robots\" content=\"index, follow, max-snippet:-1, max-image-preview:large, max-video-preview:-1\" \/>\n<link rel=\"canonical\" href=\"https:\/\/agendapro.com\/blog\/anamnesis-psicologica\/\" \/>\n<meta property=\"og:locale\" content=\"es_ES\" \/>\n<meta property=\"og:type\" content=\"article\" \/>\n<meta property=\"og:title\" content=\"Anamnesis psicol\u00f3gica: qu\u00e9 es y cu\u00e1l es su importancia\" \/>\n<meta property=\"og:description\" content=\"\u00bfSabes qu\u00e9 es la anamnesis psicol\u00f3gica y c\u00f3mo realizarla correctamente? \u00a1Descubre c\u00f3mo aplicarla, qu\u00e9 obtendr\u00e1s y logra el bienestar de tus pacientes!\" \/>\n<meta property=\"og:url\" content=\"https:\/\/agendapro.com\/blog\/anamnesis-psicologica\/\" \/>\n<meta property=\"og:site_name\" content=\"AgendaPro Blog\" \/>\n<meta property=\"article:publisher\" content=\"https:\/\/www.facebook.com\/agendapro\" \/>\n<meta property=\"article:published_time\" content=\"2023-03-01T01:11:33+00:00\" \/>\n<meta property=\"article:modified_time\" content=\"2025-12-17T21:50:42+00:00\" \/>\n<meta property=\"og:image\" content=\"https:\/\/agendapro.com\/blog\/wp-content\/uploads\/sites\/2\/2024\/06\/Anamnesis20psicologica.webp\" \/>\n\t<meta property=\"og:image:width\" content=\"1100\" \/>\n\t<meta property=\"og:image:height\" content=\"733\" \/>\n\t<meta property=\"og:image:type\" content=\"image\/webp\" \/>\n<meta name=\"author\" content=\"ap-admin\" \/>\n<meta name=\"twitter:card\" content=\"summary_large_image\" \/>\n<meta name=\"twitter:creator\" content=\"@agendapro\" \/>\n<meta name=\"twitter:site\" content=\"@agendapro\" \/>\n<meta name=\"twitter:label1\" content=\"Escrito por\" \/>\n\t<meta name=\"twitter:data1\" content=\"ap-admin\" \/>\n\t<meta name=\"twitter:label2\" content=\"Tiempo de lectura\" \/>\n\t<meta name=\"twitter:data2\" content=\"8 minutos\" \/>\n<script type=\"application\/ld+json\" class=\"yoast-schema-graph\">{\"@context\":\"https:\\\/\\\/schema.org\",\"@graph\":[{\"@type\":\"Article\",\"@id\":\"https:\\\/\\\/agendapro.com\\\/blog\\\/anamnesis-psicologica\\\/#article\",\"isPartOf\":{\"@id\":\"https:\\\/\\\/agendapro.com\\\/blog\\\/anamnesis-psicologica\\\/\"},\"author\":{\"name\":\"ap-admin\",\"@id\":\"https:\\\/\\\/agendapro.com\\\/blog\\\/#\\\/schema\\\/person\\\/64a69c54b900388bcb1801b47bd3874e\"},\"headline\":\"Anamnesis psicol\u00f3gica: qu\u00e9 es y cu\u00e1l es su importancia\",\"datePublished\":\"2023-03-01T01:11:33+00:00\",\"dateModified\":\"2025-12-17T21:50:42+00:00\",\"mainEntityOfPage\":{\"@id\":\"https:\\\/\\\/agendapro.com\\\/blog\\\/anamnesis-psicologica\\\/\"},\"wordCount\":1837,\"commentCount\":0,\"publisher\":{\"@id\":\"https:\\\/\\\/agendapro.com\\\/blog\\\/#organization\"},\"image\":{\"@id\":\"https:\\\/\\\/agendapro.com\\\/blog\\\/anamnesis-psicologica\\\/#primaryimage\"},\"thumbnailUrl\":\"https:\\\/\\\/agendapro.com\\\/blog\\\/wp-content\\\/uploads\\\/sites\\\/2\\\/2024\\\/06\\\/Anamnesis20psicologica.webp\",\"articleSection\":[\"Centros M\u00e9dicos\"],\"inLanguage\":\"es\"},{\"@type\":\"WebPage\",\"@id\":\"https:\\\/\\\/agendapro.com\\\/blog\\\/anamnesis-psicologica\\\/\",\"url\":\"https:\\\/\\\/agendapro.com\\\/blog\\\/anamnesis-psicologica\\\/\",\"name\":\"Anamnesis psicol\u00f3gica: qu\u00e9 es y cu\u00e1l es su importancia\",\"isPartOf\":{\"@id\":\"https:\\\/\\\/agendapro.com\\\/blog\\\/#website\"},\"primaryImageOfPage\":{\"@id\":\"https:\\\/\\\/agendapro.com\\\/blog\\\/anamnesis-psicologica\\\/#primaryimage\"},\"image\":{\"@id\":\"https:\\\/\\\/agendapro.com\\\/blog\\\/anamnesis-psicologica\\\/#primaryimage\"},\"thumbnailUrl\":\"https:\\\/\\\/agendapro.com\\\/blog\\\/wp-content\\\/uploads\\\/sites\\\/2\\\/2024\\\/06\\\/Anamnesis20psicologica.webp\",\"datePublished\":\"2023-03-01T01:11:33+00:00\",\"dateModified\":\"2025-12-17T21:50:42+00:00\",\"description\":\"\u00bfSabes qu\u00e9 es la anamnesis psicol\u00f3gica y c\u00f3mo realizarla correctamente? \u00a1Descubre c\u00f3mo aplicarla, qu\u00e9 obtendr\u00e1s y logra el bienestar de tus pacientes!\",\"breadcrumb\":{\"@id\":\"https:\\\/\\\/agendapro.com\\\/blog\\\/anamnesis-psicologica\\\/#breadcrumb\"},\"inLanguage\":\"es\",\"potentialAction\":[{\"@type\":\"ReadAction\",\"target\":[\"https:\\\/\\\/agendapro.com\\\/blog\\\/anamnesis-psicologica\\\/\"]}]},{\"@type\":\"ImageObject\",\"inLanguage\":\"es\",\"@id\":\"https:\\\/\\\/agendapro.com\\\/blog\\\/anamnesis-psicologica\\\/#primaryimage\",\"url\":\"https:\\\/\\\/agendapro.com\\\/blog\\\/wp-content\\\/uploads\\\/sites\\\/2\\\/2024\\\/06\\\/Anamnesis20psicologica.webp\",\"contentUrl\":\"https:\\\/\\\/agendapro.com\\\/blog\\\/wp-content\\\/uploads\\\/sites\\\/2\\\/2024\\\/06\\\/Anamnesis20psicologica.webp\",\"width\":1100,\"height\":733,\"caption\":\"Anamnesis psicologica\"},{\"@type\":\"BreadcrumbList\",\"@id\":\"https:\\\/\\\/agendapro.com\\\/blog\\\/anamnesis-psicologica\\\/#breadcrumb\",\"itemListElement\":[{\"@type\":\"ListItem\",\"position\":1,\"name\":\"Portada\",\"item\":\"https:\\\/\\\/agendapro.com\\\/blog\\\/\"},{\"@type\":\"ListItem\",\"position\":2,\"name\":\"Anamnesis psicol\u00f3gica: qu\u00e9 es y cu\u00e1l es su importancia\"}]},{\"@type\":\"WebSite\",\"@id\":\"https:\\\/\\\/agendapro.com\\\/blog\\\/#website\",\"url\":\"https:\\\/\\\/agendapro.com\\\/blog\\\/\",\"name\":\"AgendaPro Blog\",\"description\":\"\",\"publisher\":{\"@id\":\"https:\\\/\\\/agendapro.com\\\/blog\\\/#organization\"},\"potentialAction\":[{\"@type\":\"SearchAction\",\"target\":{\"@type\":\"EntryPoint\",\"urlTemplate\":\"https:\\\/\\\/agendapro.com\\\/blog\\\/?s={search_term_string}\"},\"query-input\":{\"@type\":\"PropertyValueSpecification\",\"valueRequired\":true,\"valueName\":\"search_term_string\"}}],\"inLanguage\":\"es\"},{\"@type\":\"Organization\",\"@id\":\"https:\\\/\\\/agendapro.com\\\/blog\\\/#organization\",\"name\":\"AgendaPro\",\"url\":\"https:\\\/\\\/agendapro.com\\\/blog\\\/\",\"logo\":{\"@type\":\"ImageObject\",\"inLanguage\":\"es\",\"@id\":\"https:\\\/\\\/agendapro.com\\\/blog\\\/#\\\/schema\\\/logo\\\/image\\\/\",\"url\":\"https:\\\/\\\/agendapro.com\\\/blog\\\/wp-content\\\/uploads\\\/sites\\\/2\\\/2024\\\/05\\\/screenshot.png\",\"contentUrl\":\"https:\\\/\\\/agendapro.com\\\/blog\\\/wp-content\\\/uploads\\\/sites\\\/2\\\/2024\\\/05\\\/screenshot.png\",\"width\":1280,\"height\":720,\"caption\":\"AgendaPro\"},\"image\":{\"@id\":\"https:\\\/\\\/agendapro.com\\\/blog\\\/#\\\/schema\\\/logo\\\/image\\\/\"},\"sameAs\":[\"https:\\\/\\\/www.facebook.com\\\/agendapro\",\"https:\\\/\\\/x.com\\\/agendapro\",\"https:\\\/\\\/www.instagram.com\\\/agendapro_software\"]},{\"@type\":\"Person\",\"@id\":\"https:\\\/\\\/agendapro.com\\\/blog\\\/#\\\/schema\\\/person\\\/64a69c54b900388bcb1801b47bd3874e\",\"name\":\"ap-admin\",\"image\":{\"@type\":\"ImageObject\",\"inLanguage\":\"es\",\"@id\":\"https:\\\/\\\/secure.gravatar.com\\\/avatar\\\/cfd4ee1cbbc1ed49853864eeb2376f2f74a4ea77e0f8a2b12af8c9ed60dcd04d?s=96&d=mm&r=g\",\"url\":\"https:\\\/\\\/secure.gravatar.com\\\/avatar\\\/cfd4ee1cbbc1ed49853864eeb2376f2f74a4ea77e0f8a2b12af8c9ed60dcd04d?s=96&d=mm&r=g\",\"contentUrl\":\"https:\\\/\\\/secure.gravatar.com\\\/avatar\\\/cfd4ee1cbbc1ed49853864eeb2376f2f74a4ea77e0f8a2b12af8c9ed60dcd04d?s=96&d=mm&r=g\",\"caption\":\"ap-admin\"},\"sameAs\":[\"http:\\\/\\\/a50f3a4aa426b4acdb296faa47b9d74e-684412451.us-west-2.elb.amazonaws.com\"],\"url\":\"https:\\\/\\\/agendapro.com\\\/blog\\\/author\\\/ap-admin\\\/\"}]}<\/script>\n<!-- \/ Yoast SEO Premium plugin. -->","yoast_head_json":{"title":"Anamnesis psicol\u00f3gica: qu\u00e9 es y cu\u00e1l es su importancia","description":"\u00bfSabes qu\u00e9 es la anamnesis psicol\u00f3gica y c\u00f3mo realizarla correctamente? \u00a1Descubre c\u00f3mo aplicarla, qu\u00e9 obtendr\u00e1s y logra el bienestar de tus pacientes!","robots":{"index":"index","follow":"follow","max-snippet":"max-snippet:-1","max-image-preview":"max-image-preview:large","max-video-preview":"max-video-preview:-1"},"canonical":"https:\/\/agendapro.com\/blog\/anamnesis-psicologica\/","og_locale":"es_ES","og_type":"article","og_title":"Anamnesis psicol\u00f3gica: qu\u00e9 es y cu\u00e1l es su importancia","og_description":"\u00bfSabes qu\u00e9 es la anamnesis psicol\u00f3gica y c\u00f3mo realizarla correctamente? \u00a1Descubre c\u00f3mo aplicarla, qu\u00e9 obtendr\u00e1s y logra el bienestar de tus pacientes!","og_url":"https:\/\/agendapro.com\/blog\/anamnesis-psicologica\/","og_site_name":"AgendaPro Blog","article_publisher":"https:\/\/www.facebook.com\/agendapro","article_published_time":"2023-03-01T01:11:33+00:00","article_modified_time":"2025-12-17T21:50:42+00:00","og_image":[{"width":1100,"height":733,"url":"https:\/\/agendapro.com\/blog\/wp-content\/uploads\/sites\/2\/2024\/06\/Anamnesis20psicologica.webp","type":"image\/webp"}],"author":"ap-admin","twitter_card":"summary_large_image","twitter_creator":"@agendapro","twitter_site":"@agendapro","twitter_misc":{"Escrito por":"ap-admin","Tiempo de lectura":"8 minutos"},"schema":{"@context":"https:\/\/schema.org","@graph":[{"@type":"Article","@id":"https:\/\/agendapro.com\/blog\/anamnesis-psicologica\/#article","isPartOf":{"@id":"https:\/\/agendapro.com\/blog\/anamnesis-psicologica\/"},"author":{"name":"ap-admin","@id":"https:\/\/agendapro.com\/blog\/#\/schema\/person\/64a69c54b900388bcb1801b47bd3874e"},"headline":"Anamnesis psicol\u00f3gica: qu\u00e9 es y cu\u00e1l es su importancia","datePublished":"2023-03-01T01:11:33+00:00","dateModified":"2025-12-17T21:50:42+00:00","mainEntityOfPage":{"@id":"https:\/\/agendapro.com\/blog\/anamnesis-psicologica\/"},"wordCount":1837,"commentCount":0,"publisher":{"@id":"https:\/\/agendapro.com\/blog\/#organization"},"image":{"@id":"https:\/\/agendapro.com\/blog\/anamnesis-psicologica\/#primaryimage"},"thumbnailUrl":"https:\/\/agendapro.com\/blog\/wp-content\/uploads\/sites\/2\/2024\/06\/Anamnesis20psicologica.webp","articleSection":["Centros M\u00e9dicos"],"inLanguage":"es"},{"@type":"WebPage","@id":"https:\/\/agendapro.com\/blog\/anamnesis-psicologica\/","url":"https:\/\/agendapro.com\/blog\/anamnesis-psicologica\/","name":"Anamnesis psicol\u00f3gica: qu\u00e9 es y cu\u00e1l es su importancia","isPartOf":{"@id":"https:\/\/agendapro.com\/blog\/#website"},"primaryImageOfPage":{"@id":"https:\/\/agendapro.com\/blog\/anamnesis-psicologica\/#primaryimage"},"image":{"@id":"https:\/\/agendapro.com\/blog\/anamnesis-psicologica\/#primaryimage"},"thumbnailUrl":"https:\/\/agendapro.com\/blog\/wp-content\/uploads\/sites\/2\/2024\/06\/Anamnesis20psicologica.webp","datePublished":"2023-03-01T01:11:33+00:00","dateModified":"2025-12-17T21:50:42+00:00","description":"\u00bfSabes qu\u00e9 es la anamnesis psicol\u00f3gica y c\u00f3mo realizarla correctamente? \u00a1Descubre c\u00f3mo aplicarla, qu\u00e9 obtendr\u00e1s y logra el bienestar de tus pacientes!","breadcrumb":{"@id":"https:\/\/agendapro.com\/blog\/anamnesis-psicologica\/#breadcrumb"},"inLanguage":"es","potentialAction":[{"@type":"ReadAction","target":["https:\/\/agendapro.com\/blog\/anamnesis-psicologica\/"]}]},{"@type":"ImageObject","inLanguage":"es","@id":"https:\/\/agendapro.com\/blog\/anamnesis-psicologica\/#primaryimage","url":"https:\/\/agendapro.com\/blog\/wp-content\/uploads\/sites\/2\/2024\/06\/Anamnesis20psicologica.webp","contentUrl":"https:\/\/agendapro.com\/blog\/wp-content\/uploads\/sites\/2\/2024\/06\/Anamnesis20psicologica.webp","width":1100,"height":733,"caption":"Anamnesis psicologica"},{"@type":"BreadcrumbList","@id":"https:\/\/agendapro.com\/blog\/anamnesis-psicologica\/#breadcrumb","itemListElement":[{"@type":"ListItem","position":1,"name":"Portada","item":"https:\/\/agendapro.com\/blog\/"},{"@type":"ListItem","position":2,"name":"Anamnesis psicol\u00f3gica: qu\u00e9 es y cu\u00e1l es su importancia"}]},{"@type":"WebSite","@id":"https:\/\/agendapro.com\/blog\/#website","url":"https:\/\/agendapro.com\/blog\/","name":"AgendaPro Blog","description":"","publisher":{"@id":"https:\/\/agendapro.com\/blog\/#organization"},"potentialAction":[{"@type":"SearchAction","target":{"@type":"EntryPoint","urlTemplate":"https:\/\/agendapro.com\/blog\/?s={search_term_string}"},"query-input":{"@type":"PropertyValueSpecification","valueRequired":true,"valueName":"search_term_string"}}],"inLanguage":"es"},{"@type":"Organization","@id":"https:\/\/agendapro.com\/blog\/#organization","name":"AgendaPro","url":"https:\/\/agendapro.com\/blog\/","logo":{"@type":"ImageObject","inLanguage":"es","@id":"https:\/\/agendapro.com\/blog\/#\/schema\/logo\/image\/","url":"https:\/\/agendapro.com\/blog\/wp-content\/uploads\/sites\/2\/2024\/05\/screenshot.png","contentUrl":"https:\/\/agendapro.com\/blog\/wp-content\/uploads\/sites\/2\/2024\/05\/screenshot.png","width":1280,"height":720,"caption":"AgendaPro"},"image":{"@id":"https:\/\/agendapro.com\/blog\/#\/schema\/logo\/image\/"},"sameAs":["https:\/\/www.facebook.com\/agendapro","https:\/\/x.com\/agendapro","https:\/\/www.instagram.com\/agendapro_software"]},{"@type":"Person","@id":"https:\/\/agendapro.com\/blog\/#\/schema\/person\/64a69c54b900388bcb1801b47bd3874e","name":"ap-admin","image":{"@type":"ImageObject","inLanguage":"es","@id":"https:\/\/secure.gravatar.com\/avatar\/cfd4ee1cbbc1ed49853864eeb2376f2f74a4ea77e0f8a2b12af8c9ed60dcd04d?s=96&d=mm&r=g","url":"https:\/\/secure.gravatar.com\/avatar\/cfd4ee1cbbc1ed49853864eeb2376f2f74a4ea77e0f8a2b12af8c9ed60dcd04d?s=96&d=mm&r=g","contentUrl":"https:\/\/secure.gravatar.com\/avatar\/cfd4ee1cbbc1ed49853864eeb2376f2f74a4ea77e0f8a2b12af8c9ed60dcd04d?s=96&d=mm&r=g","caption":"ap-admin"},"sameAs":["http:\/\/a50f3a4aa426b4acdb296faa47b9d74e-684412451.us-west-2.elb.amazonaws.com"],"url":"https:\/\/agendapro.com\/blog\/author\/ap-admin\/"}]}},"_links":{"self":[{"href":"https:\/\/agendapro.com\/blog\/wp-json\/wp\/v2\/posts\/1968","targetHints":{"allow":["GET"]}}],"collection":[{"href":"https:\/\/agendapro.com\/blog\/wp-json\/wp\/v2\/posts"}],"about":[{"href":"https:\/\/agendapro.com\/blog\/wp-json\/wp\/v2\/types\/post"}],"author":[{"embeddable":true,"href":"https:\/\/agendapro.com\/blog\/wp-json\/wp\/v2\/users\/1"}],"replies":[{"embeddable":true,"href":"https:\/\/agendapro.com\/blog\/wp-json\/wp\/v2\/comments?post=1968"}],"version-history":[{"count":1,"href":"https:\/\/agendapro.com\/blog\/wp-json\/wp\/v2\/posts\/1968\/revisions"}],"predecessor-version":[{"id":2069,"href":"https:\/\/agendapro.com\/blog\/wp-json\/wp\/v2\/posts\/1968\/revisions\/2069"}],"wp:featuredmedia":[{"embeddable":true,"href":"https:\/\/agendapro.com\/blog\/wp-json\/wp\/v2\/media\/1969"}],"wp:attachment":[{"href":"https:\/\/agendapro.com\/blog\/wp-json\/wp\/v2\/media?parent=1968"}],"wp:term":[{"taxonomy":"category","embeddable":true,"href":"https:\/\/agendapro.com\/blog\/wp-json\/wp\/v2\/categories?post=1968"},{"taxonomy":"post_tag","embeddable":true,"href":"https:\/\/agendapro.com\/blog\/wp-json\/wp\/v2\/tags?post=1968"}],"curies":[{"name":"wp","href":"https:\/\/api.w.org\/{rel}","templated":true}]}}