{"id":1984,"date":"2026-03-26T15:53:54","date_gmt":"2026-03-26T21:53:54","guid":{"rendered":"https:\/\/agendapro.com\/blog\/?p=1984"},"modified":"2026-03-26T15:53:56","modified_gmt":"2026-03-26T21:53:56","slug":"historia-clinica-psiquiatrica","status":"publish","type":"post","link":"https:\/\/agendapro.com\/blog\/historia-clinica-psiquiatrica\/","title":{"rendered":"Historia cl\u00ednica psiqui\u00e1trica"},"content":{"rendered":"\n<p>Al igual que la medicina cl\u00e1sica, la ciencia psiqui\u00e1trica tambi\u00e9n cuenta con una gran cantidad de herramientas para llevar a cabo sus prop\u00f3sitos. Unas de las m\u00e1s importantes son las<strong> historias cl\u00ednicas psiqui\u00e1tricas<\/strong>, las cuales est\u00e1n dise\u00f1adas para registrar el historial m\u00e9dico en tres grandes apartados: la anamnesis, el estado actual del paciente y el tratamiento que, de ser necesario, se va a recetar.<\/p>\n\n\n\n<p>Dicho esto, en este art\u00edculo hablaremos sobre <strong>qu\u00e9 es una historia cl\u00ednica psiqui\u00e1trica, cu\u00e1l es su estructura y c\u00f3mo rellenarla de manera adecuada.<\/strong><wp-block data-block=\"core\/more\"><\/wp-block><\/p>\n\n\n\n<h2 class=\"wp-block-heading\" id=\"h-que-es-una-historia-clinica-psiquiatrica\"><strong>\u00bfQu\u00e9 es una historia cl\u00ednica psiqui\u00e1trica?<\/strong><\/h2>\n\n\n\n<p>Una <strong>historia cl\u00ednica psiqui\u00e1trica se define como un documento donde puedes registrar una serie de datos referidos a tus pacientes<\/strong>. Su contenido se desprende del interrogatorio con fines m\u00e9dicos que debes realizar con el objetivo de evaluar sus antecedentes, condici\u00f3n y posibles padecimientos.<\/p>\n\n\n\n<p><strong>Existen distintos modelos de historial cl\u00ednico psiqui\u00e1trico<\/strong>&nbsp;que pueden variar de acuerdo a su funci\u00f3n. De hecho, los m\u00e1s completos suelen ser utilizados en consultorios de especialistas y los m\u00e1s generales son \u00f3ptimos para centros ambulatorios.<\/p>\n\n\n\n<p>El contenido de una historia cl\u00ednica psiqui\u00e1trica, generalmente, es escrito a pu\u00f1o y letra en hojas que tienen impreso un formato espec\u00edfico para rellenar. Sin embargo, <strong>recientemente se ha popularizado el uso de <\/strong><a href=\"https:\/\/agendapro.com\/historia-clinica\" rel=\"noopener\">softwares de gesti\u00f3n con historias cl\u00ednicas<\/a><strong> que cumplen este prop\u00f3sito, como es el caso del que ofrecemos desde <a href=\"https:\/\/get.agendapro.com\/salud-solicita-una-demostracion-gratuita\" rel=\"noopener\">AgendaPro<\/a><\/strong> y que, en caso de ser necesario, puedes imprimir ya sea para conservar un respaldo de tu trabajo o por asuntos legales.<\/p>\n\n\n<div class=\"wp-block-image\">\n<figure class=\"aligncenter is-resized\"><img decoding=\"async\" width=\"300\" height=\"200\" src=\"https:\/\/agendapro.com\/blog\/wp-content\/uploads\/sites\/2\/2023\/04\/female-psychologist-psychiatrist-looking-at-webca-2024-12-08-03-19-49-utc-1-300x200.webp\" alt=\"Historia cl\u00ednica psiqui\u00e1trica: qu\u00e9 es, secciones y ejemplo\" class=\"wp-image-9306\" style=\"width:554px;height:auto\" srcset=\"https:\/\/agendapro.com\/blog\/wp-content\/uploads\/sites\/2\/2023\/04\/female-psychologist-psychiatrist-looking-at-webca-2024-12-08-03-19-49-utc-1-300x200.webp 300w, https:\/\/agendapro.com\/blog\/wp-content\/uploads\/sites\/2\/2023\/04\/female-psychologist-psychiatrist-looking-at-webca-2024-12-08-03-19-49-utc-1-1024x683.webp 1024w, https:\/\/agendapro.com\/blog\/wp-content\/uploads\/sites\/2\/2023\/04\/female-psychologist-psychiatrist-looking-at-webca-2024-12-08-03-19-49-utc-1-768x512.webp 768w, https:\/\/agendapro.com\/blog\/wp-content\/uploads\/sites\/2\/2023\/04\/female-psychologist-psychiatrist-looking-at-webca-2024-12-08-03-19-49-utc-1-1536x1024.webp 1536w, https:\/\/agendapro.com\/blog\/wp-content\/uploads\/sites\/2\/2023\/04\/female-psychologist-psychiatrist-looking-at-webca-2024-12-08-03-19-49-utc-1-2048x1365.webp 2048w, https:\/\/agendapro.com\/blog\/wp-content\/uploads\/sites\/2\/2023\/04\/female-psychologist-psychiatrist-looking-at-webca-2024-12-08-03-19-49-utc-1-150x100.webp 150w\" sizes=\"(max-width: 300px) 100vw, 300px\" \/><\/figure>\n<\/div>\n\n\n<h2 class=\"wp-block-heading\" id=\"h-partes-de-una-historia-clinica-psiquiatrica\"><strong>Partes de una historia cl\u00ednica psiqui\u00e1trica<\/strong><\/h2>\n\n\n\n<p>Al igual que sus similares en otras ramas de la salud, la historia cl\u00ednica psiqui\u00e1trica recoge tanto una serie de datos generales como otros datos de corte espec\u00edfico. <strong>Gracias al registro de esta informaci\u00f3n es que dichos documentos han ganado terreno e importancia dentro de las especialidades m\u00e9dicas<\/strong>. Se ha demostrado que su uso se traduce en la posibilidad de ahorrar tiempo y tabular los datos de acuerdo a los fines de cada proceso e investigaci\u00f3n.<\/p>\n\n\n\n<p>Como ya mencionamos, la <strong>historia cl\u00ednica psiqui\u00e1trica<\/strong> suele ser impresa pero tambi\u00e9n puedes vaciarla en un software especializado para la PC. En cualquiera de los casos, visualmente <strong>consta de un formato de tres secciones diferenciadas y espec\u00edficas <\/strong>donde ha de verse reflejado el historial de tus pacientes. Una posible distribuci\u00f3n ser\u00eda la siguiente:<\/p>\n\n\n\n<h3 class=\"wp-block-heading\" id=\"h-1-primera-seccion-de-una-historia-clinica-psiquiatrica\"><strong>1. Primera secci\u00f3n de una historia cl\u00ednica psiqui\u00e1trica<\/strong><\/h3>\n\n\n\n<p>La primera secci\u00f3n de la historia cl\u00ednica de psiquiatr\u00eda<strong>&nbsp;est\u00e1 conformada por la anamnesis.<\/strong> En esta secci\u00f3n se compilan los <strong>datos de identificaci\u00f3n<\/strong> generales como el n\u00famero de historia, nombre y apellido del paciente, fecha de nacimiento, edad, domicilio, tel\u00e9fono propio y de alg\u00fan familiar, y n\u00famero de seguro social. Seguidamente se registra la siguiente informaci\u00f3n:<\/p>\n\n\n\n<ul class=\"wp-block-list\">\n<li><strong>Motivo de la consulta [MC]<\/strong>: En este segmento se registra el motivo de la consulta psiqui\u00e1trica particular.<\/li>\n\n\n\n<li><strong>Antecedentes de la enfermedad actual [AEA]<\/strong>: Se detallan los s\u00edntomas del padecimiento y se describe su desarrollo de manera cronol\u00f3gica. Tambi\u00e9n se apuntan las posibles causas a las que se le atribuye dicho padecimiento. Igualmente, se registra si existen diagn\u00f3sticos o medicaciones previas.<\/li>\n\n\n\n<li><strong>Antecedentes familiares [AF]<\/strong>: En este apartado se vac\u00edan los datos de los familiares del paciente, como: edad de los padres, cantidad de hermanos, pareja actual, edad y sexo de la pareja, n\u00famero de hijos, etc., con el objeto de rastrear posibles<strong> antecedentes personales patol\u00f3gicos [APP]<\/strong> de cualquier enfermedad psiqui\u00e1trica.<\/li>\n\n\n\n<li><strong>Historia personal [HP]<\/strong>: Esta secci\u00f3n prioriza el interrogatorio al paciente sobre su vida personal. Algunos datos de relevancia en esta secci\u00f3n subrayan testimonios de la infancia como el tipo de lactancia, la edad a la que adquiri\u00f3 las habilidades motoras o si practic\u00f3 el colecho con sus padres. Igualmente, indaga sobre aspectos m\u00e1s cercanos a la adolescencia como la iniciaci\u00f3n sexual, sus trabajos, su historia marital, h\u00e1bitos, etc.<\/li>\n<\/ul>\n\n\n\n<h3 class=\"wp-block-heading\" id=\"h-2-segunda-seccion-de-una-historia-clinica-psiquiatrica\"><strong>2. Segunda secci\u00f3n de una historia cl\u00ednica psiqui\u00e1trica<\/strong><\/h3>\n\n\n\n<p>La segunda secci\u00f3n de la historia cl\u00ednica psiqui\u00e1trica contiene la <strong>informaci\u00f3n referente al estado actual y el diagn\u00f3stico psiqui\u00e1trico<\/strong> del paciente.<\/p>\n\n\n\n<ul class=\"wp-block-list\">\n<li><strong>El estado actual<\/strong>: Debe se\u00f1alar el nivel de conciencia del paciente (si est\u00e1 l\u00facido o no, si es consciente del registro) y tambi\u00e9n si es consciente de su patolog\u00eda y de su situaci\u00f3n. Para ello se toman en cuenta factores de reconocimiento como la orientaci\u00f3n global y autops\u00edquica (tiempo, persona y lugar), la expresi\u00f3n corporal y facial, su actitud ps\u00edquica (activa o pasiva), su marcha y motricidad. Asimismo, esta secci\u00f3n tambi\u00e9n incluye datos espec\u00edficos como si su rango de actividad es normal, hiperactivo o hipoactivo y otros datos m\u00e9dicos b\u00e1sicos, como la frecuencia card\u00edaca.<\/li>\n\n\n\n<li><strong>El diagn\u00f3stico psiqui\u00e1trico<\/strong>: Luego del estudio de todas las evidencias proporcionadas por el paciente y el an\u00e1lisis de los indicios y s\u00edntomas fisiol\u00f3gicos, este es el espacio id\u00f3neo para apuntar, describir y explicar las razones del posible trastorno psiqui\u00e1trico. Esta secci\u00f3n es vital porque de ella se deriva la fijaci\u00f3n del tratamiento a seguir.<\/li>\n<\/ul>\n\n\n\n<h3 class=\"wp-block-heading\" id=\"h-3-tercera-seccion-de-una-historia-clinica-psiquiatrica\"><strong>3. Tercera secci\u00f3n de una historia cl\u00ednica psiqui\u00e1trica<\/strong><\/h3>\n\n\n\n<p>Por \u00faltimo, en la tercera secci\u00f3n de la historia cl\u00ednica psiqui\u00e1trica se debe registrar lo siguiente:<\/p>\n\n\n\n<ul class=\"wp-block-list\">\n<li><strong>El tratamiento que corresponde a la evoluci\u00f3n<\/strong>: Esta secci\u00f3n cuenta con un registro detallado de los f\u00e1rmacos que van a administrarse con el prop\u00f3sito de monitorear su uso, sus efectos y medir los avances al trazarse el objetivo de equilibrar la salud mental del paciente.<\/li>\n<\/ul>\n\n\n<div class=\"wp-block-image\">\n<figure class=\"aligncenter is-resized\"><img decoding=\"async\" width=\"300\" height=\"200\" src=\"https:\/\/agendapro.com\/blog\/wp-content\/uploads\/sites\/2\/2023\/04\/soldier-in-military-uniform-talking-to-psychiatris-2024-12-06-22-58-14-utc-300x200.webp\" alt=\"Historia cl\u00ednica psiqui\u00e1trica: qu\u00e9 es, secciones y ejemplo\" class=\"wp-image-9307\" style=\"width:556px;height:auto\" srcset=\"https:\/\/agendapro.com\/blog\/wp-content\/uploads\/sites\/2\/2023\/04\/soldier-in-military-uniform-talking-to-psychiatris-2024-12-06-22-58-14-utc-300x200.webp 300w, https:\/\/agendapro.com\/blog\/wp-content\/uploads\/sites\/2\/2023\/04\/soldier-in-military-uniform-talking-to-psychiatris-2024-12-06-22-58-14-utc-1024x683.webp 1024w, https:\/\/agendapro.com\/blog\/wp-content\/uploads\/sites\/2\/2023\/04\/soldier-in-military-uniform-talking-to-psychiatris-2024-12-06-22-58-14-utc-768x512.webp 768w, https:\/\/agendapro.com\/blog\/wp-content\/uploads\/sites\/2\/2023\/04\/soldier-in-military-uniform-talking-to-psychiatris-2024-12-06-22-58-14-utc-1536x1024.webp 1536w, https:\/\/agendapro.com\/blog\/wp-content\/uploads\/sites\/2\/2023\/04\/soldier-in-military-uniform-talking-to-psychiatris-2024-12-06-22-58-14-utc-2048x1365.webp 2048w, https:\/\/agendapro.com\/blog\/wp-content\/uploads\/sites\/2\/2023\/04\/soldier-in-military-uniform-talking-to-psychiatris-2024-12-06-22-58-14-utc-150x100.webp 150w\" sizes=\"(max-width: 300px) 100vw, 300px\" \/><\/figure>\n<\/div>\n\n\n<h2 class=\"wp-block-heading\" id=\"h-fromato-historia-clinica-psiquiatrica-pdf\">Fromato historia clinica psiquiatrica PDF<\/h2>\n\n\n\n<div data-wp-interactive=\"core\/file\" class=\"wp-block-file\"><object data-wp-bind--hidden=\"!state.hasPdfPreview\" hidden class=\"wp-block-file__embed\" data=\"https:\/\/agendapro.com\/blog\/wp-content\/uploads\/sites\/2\/2025\/02\/Formato_Historia_Clinica_Psiquiatrica.pdf\" type=\"application\/pdf\" style=\"width:100%;height:600px\" aria-label=\"Incrustado de Formato_Historia_Clinica_Psiquiatrica.\"><\/object><a id=\"wp-block-file--media-4013f61c-747b-426f-a50b-b67d96faf2c0\" href=\"https:\/\/agendapro.com\/blog\/wp-content\/uploads\/sites\/2\/2025\/02\/Formato_Historia_Clinica_Psiquiatrica.pdf\">Formato_Historia_Clinica_Psiquiatrica<\/a><a href=\"https:\/\/agendapro.com\/blog\/wp-content\/uploads\/sites\/2\/2025\/02\/Formato_Historia_Clinica_Psiquiatrica.pdf\" class=\"wp-block-file__button wp-element-button\" download aria-describedby=\"wp-block-file--media-4013f61c-747b-426f-a50b-b67d96faf2c0\">Descarga<\/a><\/div>\n\n\n\n\n\n<h2 class=\"wp-block-heading\" id=\"h-historia-clinica-psiquiatrica-ejemplo\"><strong>Historia cl\u00ednica psiqui\u00e1trica: ejemplo<\/strong><\/h2>\n\n\n\n<p>Veamos, ahora, un formato est\u00e1ndar de este tipo de historia cl\u00ednica de psiquiatr\u00eda:<\/p>\n\n\n\n<p><span style=\"font-size: 18px;\"><strong>Primera secci\u00f3n de una historia cl\u00ednica psiqui\u00e1trica:<\/strong><\/span><\/p>\n\n\n\n<ul class=\"wp-block-list\">\n<li><span style=\"font-weight: bold;\">Ficha de Identificaci\u00f3n<\/span>\n<ul class=\"wp-block-list\">\n<li><strong>Nombre completo: <\/strong>Mar\u00eda P\u00e9rez<\/li>\n\n\n\n<li><strong>Edad: <\/strong>25<\/li>\n\n\n\n<li><strong>Nacionalidad: <\/strong>Espa\u00f1ola<\/li>\n\n\n\n<li><strong>N\u00b0 de identificaci\u00f3n: <\/strong>XXX-XXX-XXX<\/li>\n\n\n\n<li><strong>Estado civil: <\/strong>Soltera<\/li>\n\n\n\n<li><strong>Lugar de residencia: <\/strong>Ciudad de M\u00e9xico<\/li>\n\n\n\n<li><strong>Antecedentes cl\u00ednicos: <\/strong>No refiere<\/li>\n\n\n\n<li><strong>N\u00b0 de contacto familiar responsable: <\/strong>XXX-XXX-XXX<\/li>\n<\/ul>\n<\/li>\n\n\n\n<li><span style=\"font-weight: bold;\">Motivo de consulta<\/span>\n<ul class=\"wp-block-list\">\n<li><strong>Descripci\u00f3n del padecimiento: <\/strong>Comportamientos violentos<\/li>\n\n\n\n<li><strong>Cronolog\u00eda del padecimiento: <\/strong>Refieren p\u00e9rdida de s\u00ed de hace varias semanas. Paciente vivi\u00f3 en ese lapso situaci\u00f3n de calle.<\/li>\n<\/ul>\n<\/li>\n\n\n\n<li><strong>Antecedentes psiqui\u00e1tricos familiares: <\/strong>Refieren madre y hermana con trastorno bipolar.<\/li>\n\n\n\n<li><strong>Consumo de estupefacientes: <\/strong>S\u00ed.<\/li>\n\n\n\n<li><strong>Tratamientos previos: <\/strong>No indica.<\/li>\n\n\n\n<li><strong>Comportamiento sexual: <\/strong>No indica.<\/li>\n\n\n\n<li><strong>Otros padecimientos f\u00edsicos: <\/strong>Paciente asegura tener VIH.<\/li>\n<\/ul>\n\n\n\n<p><span style=\"color: #075c58; font-size: 18px;\"><strong><mark style=\"background-color:rgba(0, 0, 0, 0)\" class=\"has-inline-color has-vivid-purple-color\">Segunda secci\u00f3n de una historia cl\u00ednica psiqui\u00e1trica:<\/mark><\/strong><\/span><\/p>\n\n\n\n<ul class=\"wp-block-list\">\n<li><strong>Estado actual<\/strong>\n<ul class=\"wp-block-list\">\n<li><strong>Examen psicof\u00edsico: <\/strong>Normal.<\/li>\n\n\n\n<li><strong>Examen psicomotor: <\/strong>Normal.<\/li>\n\n\n\n<li><strong>Examen psicoling\u00fc\u00edstico: <\/strong>An\u00f3malo.<\/li>\n\n\n\n<li><strong>Examen psicomental: <\/strong>Enajenado.<\/li>\n\n\n\n<li><strong>Evaluaci\u00f3n del padecimiento:<\/strong> Comportamiento violento, agravado con signos de enajenaci\u00f3n mental.<\/li>\n<\/ul>\n<\/li>\n\n\n\n<li><strong>Diagn\u00f3stico psiqui\u00e1trico<\/strong>\n<ul class=\"wp-block-list\">\n<li><strong>Descripci\u00f3n del trastorno: <\/strong>Posible trastorno bipolar. S\u00edndrome de abstinencia.<\/li>\n\n\n\n<li><strong>Pruebas a realizar: <\/strong>Pr\u00f3xima evaluaci\u00f3n tras proceso de desintoxicaci\u00f3n. Un mes.<\/li>\n<\/ul>\n<\/li>\n<\/ul>\n\n\n\n<p><span style=\"font-size: 18px; color: #075c58;\"><strong><mark style=\"background-color:rgba(0, 0, 0, 0)\" class=\"has-inline-color has-vivid-purple-color\">Tercera secci\u00f3n de una historia cl\u00ednica psiqui\u00e1trica:<\/mark><\/strong><\/span><\/p>\n\n\n\n<ul class=\"wp-block-list\">\n<li><strong>Tratamiento<\/strong>\n<ul class=\"wp-block-list\">\n<li><strong>Receta m\u00e9dica: <\/strong>XXX, 50mg.<\/li>\n\n\n\n<li><strong>Posolog\u00eda: <\/strong>Administrar dosis indicada c\/8h.<\/li>\n\n\n\n<li><strong>Contraindicaciones: <\/strong>No duplicar dosis. No sustituir. No consumo de otras drogas.<\/li>\n<\/ul>\n<\/li>\n\n\n\n<li><strong>Otras recomendaciones: <\/strong>Se sugiere poco o nulo contacto con familiares y amigos en el proceso de desintoxicaci\u00f3n.<\/li>\n<\/ul>\n\n\n\n<h2 class=\"wp-block-heading\" id=\"h-diferencia-entre-la-historia-clinica-la-historia-psicologica-y-la-historia-clinica-psiquiatrica\"><strong>Diferencia entre la historia cl\u00ednica, la historia psicol\u00f3gica y la historia cl\u00ednica psiqui\u00e1trica<\/strong><\/h2>\n\n\n\n<p><strong>Los tres formatos de historia m\u00e9dica comparten muchas similitudes en cuanto a estructura. <\/strong>B\u00e1sicamente el proceso de anamnesis es igual en todos y s\u00f3lo var\u00eda en la historia cl\u00ednica psiqui\u00e1trica por algunas particularidades en cuanto a la descripci\u00f3n de la patolog\u00eda del paciente. <\/p>\n\n\n\n<ul class=\"wp-block-list\">\n<li>En una <a href=\"\/blog\/partes-de-una-historia-clinica\">historia cl\u00ednica<\/a> se toma en cuenta un mayor rango de padecimientos corporales y una <a href=\"\/blog\/formato-de-historia-clinica-psicologica\">historia cl\u00ednica psicol\u00f3gica<\/a> no est\u00e1 facultada para recetar medicamentos.<\/li>\n\n\n\n<li>Por lo general, <strong>las historias m\u00e9dicas psiqui\u00e1tricas est\u00e1n especializadas en el diagn\u00f3stico de padecimientos psiqui\u00e1tricos, <\/strong>por lo tanto, se enfocan principalmente en el diagn\u00f3stico de los estados de conciencia del paciente y no necesariamente en ex\u00e1menes f\u00edsicos. <\/li>\n\n\n\n<li>En conclusi\u00f3n, todo formato de hoja cl\u00ednica es ajustable a la naturaleza de la rama m\u00e9dica en la que se aplica.<\/li>\n<\/ul>\n\n\n\n<p>Recuerda que puedes tenerla tanto en formato impreso como digital, pero desde <strong>AgendaPro te recomendamos contar con un <\/strong><a href=\"https:\/\/agendapro.com\/ficha-clinica\" rel=\"noopener\">software m\u00e9dico con fichas cl\u00ednicas<\/a> que, sin duda, te ayudar\u00e1 a almacenar de manera segura este tipo de informaci\u00f3n tan importante para tu negocio y para tus pacientes.<\/p>\n\n\n<div class=\"wp-block-image\">\n<figure class=\"aligncenter is-resized\"><img decoding=\"async\" width=\"300\" height=\"200\" src=\"https:\/\/agendapro.com\/blog\/wp-content\/uploads\/sites\/2\/2023\/04\/female-psychiatrist-doctor-talking-with-patient-2024-10-25-03-28-35-utc-2-300x200.webp\" alt=\"Historia cl\u00ednica psiqui\u00e1trica: qu\u00e9 es, secciones y ejemplo\" class=\"wp-image-9308\" style=\"width:522px;height:auto\" srcset=\"https:\/\/agendapro.com\/blog\/wp-content\/uploads\/sites\/2\/2023\/04\/female-psychiatrist-doctor-talking-with-patient-2024-10-25-03-28-35-utc-2-300x200.webp 300w, https:\/\/agendapro.com\/blog\/wp-content\/uploads\/sites\/2\/2023\/04\/female-psychiatrist-doctor-talking-with-patient-2024-10-25-03-28-35-utc-2-1024x683.webp 1024w, https:\/\/agendapro.com\/blog\/wp-content\/uploads\/sites\/2\/2023\/04\/female-psychiatrist-doctor-talking-with-patient-2024-10-25-03-28-35-utc-2-768x512.webp 768w, https:\/\/agendapro.com\/blog\/wp-content\/uploads\/sites\/2\/2023\/04\/female-psychiatrist-doctor-talking-with-patient-2024-10-25-03-28-35-utc-2-1536x1024.webp 1536w, https:\/\/agendapro.com\/blog\/wp-content\/uploads\/sites\/2\/2023\/04\/female-psychiatrist-doctor-talking-with-patient-2024-10-25-03-28-35-utc-2-2048x1365.webp 2048w, https:\/\/agendapro.com\/blog\/wp-content\/uploads\/sites\/2\/2023\/04\/female-psychiatrist-doctor-talking-with-patient-2024-10-25-03-28-35-utc-2-150x100.webp 150w\" sizes=\"(max-width: 300px) 100vw, 300px\" \/><\/figure>\n<\/div>\n\n\n<p>AgendaPro te ayuda con la gesti\u00f3n de tus historias cl\u00ednicas psiqui\u00e1tricas<\/p>\n\n\n\n<p>El software de <strong>AgendaPro<\/strong> es una herramienta dise\u00f1ada para optimizar la gesti\u00f3n de agendas, pacientes y procesos administrativos en consultorios y cl\u00ednicas. En el contexto de la gesti\u00f3n de <strong>historias cl\u00ednicas psiqui\u00e1tricas<\/strong>, ofrece varias ventajas clave:<\/p>\n\n\n\n<ul class=\"wp-block-list\">\n<li><strong>Centralizaci\u00f3n de informaci\u00f3n<\/strong>: Organiza y facilita el acceso a las <a href=\"https:\/\/agendapro.com\/es\/ficha-clinica\">historias cl\u00ednicas<\/a>.<\/li>\n\n\n\n<li><strong>Seguridad y privacidad<\/strong>: Cumple con normativas para proteger los datos sensibles.<\/li>\n\n\n\n<li><strong>Seguimiento de tratamientos<\/strong>: Registra diagn\u00f3sticos, <a href=\"https:\/\/agendapro.com\/es\/gestion-de-clientes\">tratamientos y evoluci\u00f3n del paciente<\/a>.<\/li>\n\n\n\n<li><strong>Gesti\u00f3n de citas<\/strong>: Facilita la programaci\u00f3n y seguimiento de visitas.<\/li>\n\n\n\n<li><strong>Acceso remoto<\/strong>: <a href=\"https:\/\/agendapro.com\/es\/aplicacion-movil\">Disponible en m\u00faltiples dispositivo<\/a>s, accesible en cualquier lugar.<\/li>\n\n\n\n<li><strong>Generaci\u00f3n de reportes<\/strong>: Crea informes sobre la evoluci\u00f3n cl\u00ednica del paciente.<\/li>\n\n\n\n<li><strong>Comunicaci\u00f3n entre profesionales<\/strong>: Facilita la colaboraci\u00f3n y el <a href=\"https:\/\/agendapro.com\/es\/almacenamiento-en-la-nube\">intercambio de informaci\u00f3n<\/a>.<\/li>\n<\/ul>\n\n\n\n<p>AgendaPro ayuda en la gesti\u00f3n de historias cl\u00ednicas psiqui\u00e1tricas al centralizar y organizar la informaci\u00f3n de los pacientes de manera segura, cumpliendo con normativas de privacidad. Facilita el seguimiento de tratamientos y la planificaci\u00f3n de citas, y permite acceder a la informaci\u00f3n desde m\u00faltiples dispositivos. Adem\u00e1s, permite <a href=\"https:\/\/agendapro.com\/es\/reportes-de-gestion\">generar reportes y estad\u00edsticas<\/a>, y mejora la comunicaci\u00f3n entre profesionales, lo que optimiza la atenci\u00f3n y el tratamiento de los pacientes.<\/p>\n\n\n<div class=\"wp-block-image\">\n<figure class=\"aligncenter size-large is-resized\"><img decoding=\"async\" width=\"1024\" height=\"787\" src=\"https:\/\/agendapro.com\/blog\/wp-content\/uploads\/sites\/2\/2025\/01\/Captura-de-pantalla-2025-01-13-a-las-4.56.14\u202fp.\u202fm-1024x787.webp\" alt=\"\" class=\"wp-image-8679\" style=\"width:540px;height:auto\" srcset=\"https:\/\/agendapro.com\/blog\/wp-content\/uploads\/sites\/2\/2025\/01\/Captura-de-pantalla-2025-01-13-a-las-4.56.14\u202fp.\u202fm-1024x787.webp 1024w, https:\/\/agendapro.com\/blog\/wp-content\/uploads\/sites\/2\/2025\/01\/Captura-de-pantalla-2025-01-13-a-las-4.56.14\u202fp.\u202fm-300x230.webp 300w, https:\/\/agendapro.com\/blog\/wp-content\/uploads\/sites\/2\/2025\/01\/Captura-de-pantalla-2025-01-13-a-las-4.56.14\u202fp.\u202fm-768x590.webp 768w, https:\/\/agendapro.com\/blog\/wp-content\/uploads\/sites\/2\/2025\/01\/Captura-de-pantalla-2025-01-13-a-las-4.56.14\u202fp.\u202fm-130x100.webp 130w, https:\/\/agendapro.com\/blog\/wp-content\/uploads\/sites\/2\/2025\/01\/Captura-de-pantalla-2025-01-13-a-las-4.56.14\u202fp.\u202fm.webp 1130w\" sizes=\"(max-width: 1024px) 100vw, 1024px\" \/><\/figure>\n<\/div>","protected":false},"excerpt":{"rendered":"<p>Al igual que la medicina cl\u00e1sica, la ciencia psiqui\u00e1trica tambi\u00e9n cuenta con una gran cantidad de herramientas para llevar a&#8230;<\/p>\n","protected":false},"author":1,"featured_media":1985,"comment_status":"open","ping_status":"open","sticky":false,"template":"","format":"standard","meta":{"_acf_changed":false,"footnotes":""},"categories":[34],"tags":[],"class_list":["post-1984","post","type-post","status-publish","format-standard","has-post-thumbnail","hentry","category-centros-medicos"],"acf":[],"yoast_head":"<!-- This site is optimized with the Yoast SEO Premium plugin v26.8 (Yoast SEO v27.4) - https:\/\/yoast.com\/product\/yoast-seo-premium-wordpress\/ -->\n<title>Historia cl\u00ednica psiqui\u00e1trica: PDF<\/title>\n<meta name=\"description\" content=\"Revisa qu\u00e9 es una historia cl\u00ednica psiqui\u00e1trica, ejemplos y las secciones que debe contener el historial clinico psiqui\u00e1trico de un paciente.\" \/>\n<meta name=\"robots\" content=\"index, follow, max-snippet:-1, max-image-preview:large, max-video-preview:-1\" \/>\n<link rel=\"canonical\" href=\"https:\/\/agendapro.com\/blog\/historia-clinica-psiquiatrica\/\" \/>\n<meta property=\"og:locale\" content=\"es_ES\" \/>\n<meta property=\"og:type\" content=\"article\" \/>\n<meta property=\"og:title\" content=\"Historia cl\u00ednica psiqui\u00e1trica\" \/>\n<meta property=\"og:description\" content=\"Revisa qu\u00e9 es una historia cl\u00ednica psiqui\u00e1trica, ejemplos y las secciones que debe contener el historial clinico psiqui\u00e1trico de un paciente.\" \/>\n<meta property=\"og:url\" content=\"https:\/\/agendapro.com\/blog\/historia-clinica-psiquiatrica\/\" \/>\n<meta property=\"og:site_name\" content=\"AgendaPro Blog\" \/>\n<meta property=\"article:publisher\" content=\"https:\/\/www.facebook.com\/agendapro\" \/>\n<meta property=\"article:published_time\" content=\"2026-03-26T21:53:54+00:00\" \/>\n<meta property=\"article:modified_time\" content=\"2026-03-26T21:53:56+00:00\" \/>\n<meta property=\"og:image\" content=\"https:\/\/agendapro.com\/blog\/wp-content\/uploads\/sites\/2\/2024\/06\/Historia20clC3ADnica20psiquiC3A1trica-scaled.jpg\" \/>\n\t<meta property=\"og:image:width\" content=\"2560\" \/>\n\t<meta property=\"og:image:height\" content=\"1707\" \/>\n\t<meta property=\"og:image:type\" content=\"image\/jpeg\" \/>\n<meta name=\"author\" content=\"ap-admin\" \/>\n<meta name=\"twitter:card\" content=\"summary_large_image\" \/>\n<meta name=\"twitter:creator\" content=\"@agendapro\" \/>\n<meta name=\"twitter:site\" content=\"@agendapro\" \/>\n<meta name=\"twitter:label1\" content=\"Escrito por\" \/>\n\t<meta name=\"twitter:data1\" content=\"ap-admin\" \/>\n\t<meta name=\"twitter:label2\" content=\"Tiempo de lectura\" \/>\n\t<meta name=\"twitter:data2\" content=\"8 minutos\" \/>\n<script type=\"application\/ld+json\" class=\"yoast-schema-graph\">{\"@context\":\"https:\\\/\\\/schema.org\",\"@graph\":[{\"@type\":\"Article\",\"@id\":\"https:\\\/\\\/agendapro.com\\\/blog\\\/historia-clinica-psiquiatrica\\\/#article\",\"isPartOf\":{\"@id\":\"https:\\\/\\\/agendapro.com\\\/blog\\\/historia-clinica-psiquiatrica\\\/\"},\"author\":{\"name\":\"ap-admin\",\"@id\":\"https:\\\/\\\/agendapro.com\\\/blog\\\/#\\\/schema\\\/person\\\/64a69c54b900388bcb1801b47bd3874e\"},\"headline\":\"Historia cl\u00ednica psiqui\u00e1trica\",\"datePublished\":\"2026-03-26T21:53:54+00:00\",\"dateModified\":\"2026-03-26T21:53:56+00:00\",\"mainEntityOfPage\":{\"@id\":\"https:\\\/\\\/agendapro.com\\\/blog\\\/historia-clinica-psiquiatrica\\\/\"},\"wordCount\":1692,\"commentCount\":0,\"publisher\":{\"@id\":\"https:\\\/\\\/agendapro.com\\\/blog\\\/#organization\"},\"image\":{\"@id\":\"https:\\\/\\\/agendapro.com\\\/blog\\\/historia-clinica-psiquiatrica\\\/#primaryimage\"},\"thumbnailUrl\":\"https:\\\/\\\/agendapro.com\\\/blog\\\/wp-content\\\/uploads\\\/sites\\\/2\\\/2024\\\/06\\\/Historia20clC3ADnica20psiquiC3A1trica-scaled.jpg\",\"articleSection\":[\"Centros M\u00e9dicos\"],\"inLanguage\":\"es\"},{\"@type\":\"WebPage\",\"@id\":\"https:\\\/\\\/agendapro.com\\\/blog\\\/historia-clinica-psiquiatrica\\\/\",\"url\":\"https:\\\/\\\/agendapro.com\\\/blog\\\/historia-clinica-psiquiatrica\\\/\",\"name\":\"Historia cl\u00ednica psiqui\u00e1trica: PDF\",\"isPartOf\":{\"@id\":\"https:\\\/\\\/agendapro.com\\\/blog\\\/#website\"},\"primaryImageOfPage\":{\"@id\":\"https:\\\/\\\/agendapro.com\\\/blog\\\/historia-clinica-psiquiatrica\\\/#primaryimage\"},\"image\":{\"@id\":\"https:\\\/\\\/agendapro.com\\\/blog\\\/historia-clinica-psiquiatrica\\\/#primaryimage\"},\"thumbnailUrl\":\"https:\\\/\\\/agendapro.com\\\/blog\\\/wp-content\\\/uploads\\\/sites\\\/2\\\/2024\\\/06\\\/Historia20clC3ADnica20psiquiC3A1trica-scaled.jpg\",\"datePublished\":\"2026-03-26T21:53:54+00:00\",\"dateModified\":\"2026-03-26T21:53:56+00:00\",\"description\":\"Revisa qu\u00e9 es una historia cl\u00ednica psiqui\u00e1trica, ejemplos y las secciones que debe contener el historial clinico psiqui\u00e1trico de un paciente.\",\"breadcrumb\":{\"@id\":\"https:\\\/\\\/agendapro.com\\\/blog\\\/historia-clinica-psiquiatrica\\\/#breadcrumb\"},\"inLanguage\":\"es\",\"potentialAction\":[{\"@type\":\"ReadAction\",\"target\":[\"https:\\\/\\\/agendapro.com\\\/blog\\\/historia-clinica-psiquiatrica\\\/\"]}]},{\"@type\":\"ImageObject\",\"inLanguage\":\"es\",\"@id\":\"https:\\\/\\\/agendapro.com\\\/blog\\\/historia-clinica-psiquiatrica\\\/#primaryimage\",\"url\":\"https:\\\/\\\/agendapro.com\\\/blog\\\/wp-content\\\/uploads\\\/sites\\\/2\\\/2024\\\/06\\\/Historia20clC3ADnica20psiquiC3A1trica-scaled.jpg\",\"contentUrl\":\"https:\\\/\\\/agendapro.com\\\/blog\\\/wp-content\\\/uploads\\\/sites\\\/2\\\/2024\\\/06\\\/Historia20clC3ADnica20psiquiC3A1trica-scaled.jpg\",\"width\":2560,\"height\":1707,\"caption\":\"Historia clinica psiquiatrica\"},{\"@type\":\"BreadcrumbList\",\"@id\":\"https:\\\/\\\/agendapro.com\\\/blog\\\/historia-clinica-psiquiatrica\\\/#breadcrumb\",\"itemListElement\":[{\"@type\":\"ListItem\",\"position\":1,\"name\":\"Portada\",\"item\":\"https:\\\/\\\/agendapro.com\\\/blog\\\/\"},{\"@type\":\"ListItem\",\"position\":2,\"name\":\"Historia cl\u00ednica psiqui\u00e1trica\"}]},{\"@type\":\"WebSite\",\"@id\":\"https:\\\/\\\/agendapro.com\\\/blog\\\/#website\",\"url\":\"https:\\\/\\\/agendapro.com\\\/blog\\\/\",\"name\":\"AgendaPro Blog\",\"description\":\"\",\"publisher\":{\"@id\":\"https:\\\/\\\/agendapro.com\\\/blog\\\/#organization\"},\"potentialAction\":[{\"@type\":\"SearchAction\",\"target\":{\"@type\":\"EntryPoint\",\"urlTemplate\":\"https:\\\/\\\/agendapro.com\\\/blog\\\/?s={search_term_string}\"},\"query-input\":{\"@type\":\"PropertyValueSpecification\",\"valueRequired\":true,\"valueName\":\"search_term_string\"}}],\"inLanguage\":\"es\"},{\"@type\":\"Organization\",\"@id\":\"https:\\\/\\\/agendapro.com\\\/blog\\\/#organization\",\"name\":\"AgendaPro\",\"url\":\"https:\\\/\\\/agendapro.com\\\/blog\\\/\",\"logo\":{\"@type\":\"ImageObject\",\"inLanguage\":\"es\",\"@id\":\"https:\\\/\\\/agendapro.com\\\/blog\\\/#\\\/schema\\\/logo\\\/image\\\/\",\"url\":\"https:\\\/\\\/agendapro.com\\\/blog\\\/wp-content\\\/uploads\\\/sites\\\/2\\\/2024\\\/05\\\/screenshot.png\",\"contentUrl\":\"https:\\\/\\\/agendapro.com\\\/blog\\\/wp-content\\\/uploads\\\/sites\\\/2\\\/2024\\\/05\\\/screenshot.png\",\"width\":1280,\"height\":720,\"caption\":\"AgendaPro\"},\"image\":{\"@id\":\"https:\\\/\\\/agendapro.com\\\/blog\\\/#\\\/schema\\\/logo\\\/image\\\/\"},\"sameAs\":[\"https:\\\/\\\/www.facebook.com\\\/agendapro\",\"https:\\\/\\\/x.com\\\/agendapro\",\"https:\\\/\\\/www.instagram.com\\\/agendapro_software\"]},{\"@type\":\"Person\",\"@id\":\"https:\\\/\\\/agendapro.com\\\/blog\\\/#\\\/schema\\\/person\\\/64a69c54b900388bcb1801b47bd3874e\",\"name\":\"ap-admin\",\"image\":{\"@type\":\"ImageObject\",\"inLanguage\":\"es\",\"@id\":\"https:\\\/\\\/secure.gravatar.com\\\/avatar\\\/cfd4ee1cbbc1ed49853864eeb2376f2f74a4ea77e0f8a2b12af8c9ed60dcd04d?s=96&d=mm&r=g\",\"url\":\"https:\\\/\\\/secure.gravatar.com\\\/avatar\\\/cfd4ee1cbbc1ed49853864eeb2376f2f74a4ea77e0f8a2b12af8c9ed60dcd04d?s=96&d=mm&r=g\",\"contentUrl\":\"https:\\\/\\\/secure.gravatar.com\\\/avatar\\\/cfd4ee1cbbc1ed49853864eeb2376f2f74a4ea77e0f8a2b12af8c9ed60dcd04d?s=96&d=mm&r=g\",\"caption\":\"ap-admin\"},\"sameAs\":[\"http:\\\/\\\/a50f3a4aa426b4acdb296faa47b9d74e-684412451.us-west-2.elb.amazonaws.com\"],\"url\":\"https:\\\/\\\/agendapro.com\\\/blog\\\/author\\\/ap-admin\\\/\"}]}<\/script>\n<!-- \/ Yoast SEO Premium plugin. -->","yoast_head_json":{"title":"Historia cl\u00ednica psiqui\u00e1trica: PDF","description":"Revisa qu\u00e9 es una historia cl\u00ednica psiqui\u00e1trica, ejemplos y las secciones que debe contener el historial clinico psiqui\u00e1trico de un paciente.","robots":{"index":"index","follow":"follow","max-snippet":"max-snippet:-1","max-image-preview":"max-image-preview:large","max-video-preview":"max-video-preview:-1"},"canonical":"https:\/\/agendapro.com\/blog\/historia-clinica-psiquiatrica\/","og_locale":"es_ES","og_type":"article","og_title":"Historia cl\u00ednica psiqui\u00e1trica","og_description":"Revisa qu\u00e9 es una historia cl\u00ednica psiqui\u00e1trica, ejemplos y las secciones que debe contener el historial clinico psiqui\u00e1trico de un paciente.","og_url":"https:\/\/agendapro.com\/blog\/historia-clinica-psiquiatrica\/","og_site_name":"AgendaPro Blog","article_publisher":"https:\/\/www.facebook.com\/agendapro","article_published_time":"2026-03-26T21:53:54+00:00","article_modified_time":"2026-03-26T21:53:56+00:00","og_image":[{"width":2560,"height":1707,"url":"https:\/\/agendapro.com\/blog\/wp-content\/uploads\/sites\/2\/2024\/06\/Historia20clC3ADnica20psiquiC3A1trica-scaled.jpg","type":"image\/jpeg"}],"author":"ap-admin","twitter_card":"summary_large_image","twitter_creator":"@agendapro","twitter_site":"@agendapro","twitter_misc":{"Escrito por":"ap-admin","Tiempo de lectura":"8 minutos"},"schema":{"@context":"https:\/\/schema.org","@graph":[{"@type":"Article","@id":"https:\/\/agendapro.com\/blog\/historia-clinica-psiquiatrica\/#article","isPartOf":{"@id":"https:\/\/agendapro.com\/blog\/historia-clinica-psiquiatrica\/"},"author":{"name":"ap-admin","@id":"https:\/\/agendapro.com\/blog\/#\/schema\/person\/64a69c54b900388bcb1801b47bd3874e"},"headline":"Historia cl\u00ednica psiqui\u00e1trica","datePublished":"2026-03-26T21:53:54+00:00","dateModified":"2026-03-26T21:53:56+00:00","mainEntityOfPage":{"@id":"https:\/\/agendapro.com\/blog\/historia-clinica-psiquiatrica\/"},"wordCount":1692,"commentCount":0,"publisher":{"@id":"https:\/\/agendapro.com\/blog\/#organization"},"image":{"@id":"https:\/\/agendapro.com\/blog\/historia-clinica-psiquiatrica\/#primaryimage"},"thumbnailUrl":"https:\/\/agendapro.com\/blog\/wp-content\/uploads\/sites\/2\/2024\/06\/Historia20clC3ADnica20psiquiC3A1trica-scaled.jpg","articleSection":["Centros M\u00e9dicos"],"inLanguage":"es"},{"@type":"WebPage","@id":"https:\/\/agendapro.com\/blog\/historia-clinica-psiquiatrica\/","url":"https:\/\/agendapro.com\/blog\/historia-clinica-psiquiatrica\/","name":"Historia cl\u00ednica psiqui\u00e1trica: PDF","isPartOf":{"@id":"https:\/\/agendapro.com\/blog\/#website"},"primaryImageOfPage":{"@id":"https:\/\/agendapro.com\/blog\/historia-clinica-psiquiatrica\/#primaryimage"},"image":{"@id":"https:\/\/agendapro.com\/blog\/historia-clinica-psiquiatrica\/#primaryimage"},"thumbnailUrl":"https:\/\/agendapro.com\/blog\/wp-content\/uploads\/sites\/2\/2024\/06\/Historia20clC3ADnica20psiquiC3A1trica-scaled.jpg","datePublished":"2026-03-26T21:53:54+00:00","dateModified":"2026-03-26T21:53:56+00:00","description":"Revisa qu\u00e9 es una historia cl\u00ednica psiqui\u00e1trica, ejemplos y las secciones que debe contener el historial clinico psiqui\u00e1trico de un paciente.","breadcrumb":{"@id":"https:\/\/agendapro.com\/blog\/historia-clinica-psiquiatrica\/#breadcrumb"},"inLanguage":"es","potentialAction":[{"@type":"ReadAction","target":["https:\/\/agendapro.com\/blog\/historia-clinica-psiquiatrica\/"]}]},{"@type":"ImageObject","inLanguage":"es","@id":"https:\/\/agendapro.com\/blog\/historia-clinica-psiquiatrica\/#primaryimage","url":"https:\/\/agendapro.com\/blog\/wp-content\/uploads\/sites\/2\/2024\/06\/Historia20clC3ADnica20psiquiC3A1trica-scaled.jpg","contentUrl":"https:\/\/agendapro.com\/blog\/wp-content\/uploads\/sites\/2\/2024\/06\/Historia20clC3ADnica20psiquiC3A1trica-scaled.jpg","width":2560,"height":1707,"caption":"Historia clinica psiquiatrica"},{"@type":"BreadcrumbList","@id":"https:\/\/agendapro.com\/blog\/historia-clinica-psiquiatrica\/#breadcrumb","itemListElement":[{"@type":"ListItem","position":1,"name":"Portada","item":"https:\/\/agendapro.com\/blog\/"},{"@type":"ListItem","position":2,"name":"Historia cl\u00ednica psiqui\u00e1trica"}]},{"@type":"WebSite","@id":"https:\/\/agendapro.com\/blog\/#website","url":"https:\/\/agendapro.com\/blog\/","name":"AgendaPro Blog","description":"","publisher":{"@id":"https:\/\/agendapro.com\/blog\/#organization"},"potentialAction":[{"@type":"SearchAction","target":{"@type":"EntryPoint","urlTemplate":"https:\/\/agendapro.com\/blog\/?s={search_term_string}"},"query-input":{"@type":"PropertyValueSpecification","valueRequired":true,"valueName":"search_term_string"}}],"inLanguage":"es"},{"@type":"Organization","@id":"https:\/\/agendapro.com\/blog\/#organization","name":"AgendaPro","url":"https:\/\/agendapro.com\/blog\/","logo":{"@type":"ImageObject","inLanguage":"es","@id":"https:\/\/agendapro.com\/blog\/#\/schema\/logo\/image\/","url":"https:\/\/agendapro.com\/blog\/wp-content\/uploads\/sites\/2\/2024\/05\/screenshot.png","contentUrl":"https:\/\/agendapro.com\/blog\/wp-content\/uploads\/sites\/2\/2024\/05\/screenshot.png","width":1280,"height":720,"caption":"AgendaPro"},"image":{"@id":"https:\/\/agendapro.com\/blog\/#\/schema\/logo\/image\/"},"sameAs":["https:\/\/www.facebook.com\/agendapro","https:\/\/x.com\/agendapro","https:\/\/www.instagram.com\/agendapro_software"]},{"@type":"Person","@id":"https:\/\/agendapro.com\/blog\/#\/schema\/person\/64a69c54b900388bcb1801b47bd3874e","name":"ap-admin","image":{"@type":"ImageObject","inLanguage":"es","@id":"https:\/\/secure.gravatar.com\/avatar\/cfd4ee1cbbc1ed49853864eeb2376f2f74a4ea77e0f8a2b12af8c9ed60dcd04d?s=96&d=mm&r=g","url":"https:\/\/secure.gravatar.com\/avatar\/cfd4ee1cbbc1ed49853864eeb2376f2f74a4ea77e0f8a2b12af8c9ed60dcd04d?s=96&d=mm&r=g","contentUrl":"https:\/\/secure.gravatar.com\/avatar\/cfd4ee1cbbc1ed49853864eeb2376f2f74a4ea77e0f8a2b12af8c9ed60dcd04d?s=96&d=mm&r=g","caption":"ap-admin"},"sameAs":["http:\/\/a50f3a4aa426b4acdb296faa47b9d74e-684412451.us-west-2.elb.amazonaws.com"],"url":"https:\/\/agendapro.com\/blog\/author\/ap-admin\/"}]}},"_links":{"self":[{"href":"https:\/\/agendapro.com\/blog\/wp-json\/wp\/v2\/posts\/1984","targetHints":{"allow":["GET"]}}],"collection":[{"href":"https:\/\/agendapro.com\/blog\/wp-json\/wp\/v2\/posts"}],"about":[{"href":"https:\/\/agendapro.com\/blog\/wp-json\/wp\/v2\/types\/post"}],"author":[{"embeddable":true,"href":"https:\/\/agendapro.com\/blog\/wp-json\/wp\/v2\/users\/1"}],"replies":[{"embeddable":true,"href":"https:\/\/agendapro.com\/blog\/wp-json\/wp\/v2\/comments?post=1984"}],"version-history":[{"count":6,"href":"https:\/\/agendapro.com\/blog\/wp-json\/wp\/v2\/posts\/1984\/revisions"}],"predecessor-version":[{"id":14988,"href":"https:\/\/agendapro.com\/blog\/wp-json\/wp\/v2\/posts\/1984\/revisions\/14988"}],"wp:featuredmedia":[{"embeddable":true,"href":"https:\/\/agendapro.com\/blog\/wp-json\/wp\/v2\/media\/1985"}],"wp:attachment":[{"href":"https:\/\/agendapro.com\/blog\/wp-json\/wp\/v2\/media?parent=1984"}],"wp:term":[{"taxonomy":"category","embeddable":true,"href":"https:\/\/agendapro.com\/blog\/wp-json\/wp\/v2\/categories?post=1984"},{"taxonomy":"post_tag","embeddable":true,"href":"https:\/\/agendapro.com\/blog\/wp-json\/wp\/v2\/tags?post=1984"}],"curies":[{"name":"wp","href":"https:\/\/api.w.org\/{rel}","templated":true}]}}